{"id":109226,"date":"2021-01-13T05:00:00","date_gmt":"2021-01-13T10:00:00","guid":{"rendered":"https:\/\/linitiative.ca\/International\/les-pmi-desertees\/"},"modified":"2021-01-13T05:00:00","modified_gmt":"2021-01-13T10:00:00","slug":"les-pmi-desertees","status":"publish","type":"post","link":"https:\/\/linitiative.ca\/International\/les-pmi-desertees\/","title":{"rendered":"Les PMI d\u00e9sert\u00e9es"},"content":{"rendered":"<p>La pand\u00e9mie de coronavirus a pouss\u00e9 beaucoup de femmes habitu\u00e9es \u00e0 effectuer leur suivi au niveau des PMI (protection maternelle et infantile) \u00e0 ne plus se pr\u00e9senter au niveau de ces structures. La crainte de la contamination a fait rater \u00e0 de nombreuses femmes des rendez-vous pour un d\u00e9pistage du cancer du col de l&rsquo;ut\u00e9rus ou pour la prescription d&rsquo;un moyen de contraception.\u00a0<br \/>Pour rassurer les plus r\u00e9ticentes, le minist\u00e8re de la Sant\u00e9 a \u00e9labor\u00e9 un spot dans lequel il assure que les services Covid-19 sont s\u00e9par\u00e9s des autres et que la peur ne devait pas pousser les patientes \u00e0 d\u00e9serter les PMI.<\/p>\n<p>Auteur:<br \/>\n<a href=\"https:\/\/www.lesoirdalgerie.com\/periscoop\/les-pmi-desertees-54542\">Cliquez ici pour lire l&rsquo;article depuis sa source.<\/a><\/p>\n","protected":false},"excerpt":{"rendered":"<p>La pand\u00e9mie de coronavirus a pouss\u00e9 beaucoup de femmes habitu\u00e9es \u00e0 effectuer leur suivi au niveau des PMI (protection maternelle et infantile) \u00e0 ne plus se pr\u00e9senter au niveau de ces structures. La crainte de la contamination a fait rater \u00e0 de nombreuses femmes des rendez-vous pour un d\u00e9pistage du cancer du col de l&rsquo;ut\u00e9rus [&hellip;]<\/p>\n","protected":false},"author":1741,"featured_media":0,"comment_status":"closed","ping_status":"closed","sticky":false,"template":"","format":"standard","meta":{"fifu_image_url":"","fifu_image_alt":"","footnotes":""},"categories":[73,53],"tags":[],"class_list":["post-109226","post","type-post","status-publish","format-standard","hentry","category-actualite","category-algerie"],"_links":{"self":[{"href":"https:\/\/linitiative.ca\/International\/wp-json\/wp\/v2\/posts\/109226","targetHints":{"allow":["GET"]}}],"collection":[{"href":"https:\/\/linitiative.ca\/International\/wp-json\/wp\/v2\/posts"}],"about":[{"href":"https:\/\/linitiative.ca\/International\/wp-json\/wp\/v2\/types\/post"}],"author":[{"embeddable":true,"href":"https:\/\/linitiative.ca\/International\/wp-json\/wp\/v2\/users\/1741"}],"replies":[{"embeddable":true,"href":"https:\/\/linitiative.ca\/International\/wp-json\/wp\/v2\/comments?post=109226"}],"version-history":[{"count":0,"href":"https:\/\/linitiative.ca\/International\/wp-json\/wp\/v2\/posts\/109226\/revisions"}],"wp:attachment":[{"href":"https:\/\/linitiative.ca\/International\/wp-json\/wp\/v2\/media?parent=109226"}],"wp:term":[{"taxonomy":"category","embeddable":true,"href":"https:\/\/linitiative.ca\/International\/wp-json\/wp\/v2\/categories?post=109226"},{"taxonomy":"post_tag","embeddable":true,"href":"https:\/\/linitiative.ca\/International\/wp-json\/wp\/v2\/tags?post=109226"}],"curies":[{"name":"wp","href":"https:\/\/api.w.org\/{rel}","templated":true}]}}