{"id":109228,"date":"2021-01-13T10:36:30","date_gmt":"2021-01-13T15:36:30","guid":{"rendered":"https:\/\/linitiative.ca\/International\/vrai-ou-fake-sur-la-covid-19-au-maroc-mercredi-13-janvier\/"},"modified":"2021-01-13T10:36:30","modified_gmt":"2021-01-13T15:36:30","slug":"vrai-ou-fake-sur-la-covid-19-au-maroc-mercredi-13-janvier","status":"publish","type":"post","link":"https:\/\/linitiative.ca\/International\/vrai-ou-fake-sur-la-covid-19-au-maroc-mercredi-13-janvier\/","title":{"rendered":"Vrai ou Fake sur la Covid-19 au Maroc, mercredi 13 janvier"},"content":{"rendered":"<p><strong>Le coronavirus, qui a contamin\u00e9 plus de 91 millions de personnes dans le monde, est \u00e0 l\u2019origine d\u2019un flot de Fake news relay\u00e9es par des sites d\u2019information et sur les r\u00e9seaux sociaux.<\/strong><\/p>\n<div class=\"c10\"\/>\n<p>\u2013 Le gouvernement a d\u00e9cid\u00e9 de prolonger d\u2019une semaine, \u00e0 compter du 13 janvier \u00e0 21h, les mesures de pr\u00e9caution adopt\u00e9es le 23 d\u00e9cembre dernier pour lutter contre le coronavirus. <strong>VRAI<\/strong><\/p>\n<p>\u2013 Des gels non virucides sont vendus dans les pharmacies et par des entreprises au Maroc. <strong>FAKE<\/strong><\/p>\n<p><strong>Lire aussi |<\/strong><a class=\"\" href=\"https:\/\/www.challenge.ma\/tanger-med-soutient-leducation-nationale-171862\/\"><strong>Tanger Med soutient l\u2019\u00c9ducation nationale<\/strong><\/a><\/p>\n<p>\u2013 Les premi\u00e8res livraisons du vaccin AstraZeneca-Oxford produit industriellement par le fabricant Serum Institute of India atterriront \u00e0 l\u2019a\u00e9roport de Casablanca samedi soir. <strong>VRAI<\/strong><\/p>\n<p>\u2013 Les tests Covid-19 sont d\u00e9sormais remboursables par la CNSS. <strong>FAKE<\/strong><\/p>\n<p>\u2013 Le Maroc a command\u00e9 66 millions de doses de vaccins anti-Covid-19. <strong>VRAI<\/strong><\/p>\n<p><strong>Lire aussi |<\/strong><a href=\"https:\/\/www.challenge.ma\/les-restaurants-reouvrent-leurs-portes-171851\/\"><strong>Les restaurants r\u00e9ouvrent leurs portes<\/strong><\/a><\/p>\n<p>Auteur: Hajar DARI<br \/>\n<a href=\"https:\/\/www.challenge.ma\/vrai-ou-fake-sur-la-covid-19-au-maroc-mercredi-13-janvier-171875\/\">Cliquez ici pour lire l&rsquo;article depuis sa source.<\/a><\/p>\n","protected":false},"excerpt":{"rendered":"<p>Le coronavirus, qui a contamin\u00e9 plus de 91 millions de personnes dans le monde, est \u00e0 l\u2019origine d\u2019un flot de Fake news relay\u00e9es par des sites d\u2019information et sur les r\u00e9seaux sociaux. \u2013 Le gouvernement a d\u00e9cid\u00e9 de prolonger d\u2019une semaine, \u00e0 compter du 13 janvier \u00e0 21h, les mesures de pr\u00e9caution adopt\u00e9es le 23 [&hellip;]<\/p>\n","protected":false},"author":1787,"featured_media":0,"comment_status":"closed","ping_status":"closed","sticky":false,"template":"","format":"standard","meta":{"fifu_image_url":"","fifu_image_alt":"","footnotes":""},"categories":[78,54],"tags":[],"class_list":["post-109228","post","type-post","status-publish","format-standard","hentry","category-economie","category-maroc"],"_links":{"self":[{"href":"https:\/\/linitiative.ca\/International\/wp-json\/wp\/v2\/posts\/109228","targetHints":{"allow":["GET"]}}],"collection":[{"href":"https:\/\/linitiative.ca\/International\/wp-json\/wp\/v2\/posts"}],"about":[{"href":"https:\/\/linitiative.ca\/International\/wp-json\/wp\/v2\/types\/post"}],"author":[{"embeddable":true,"href":"https:\/\/linitiative.ca\/International\/wp-json\/wp\/v2\/users\/1787"}],"replies":[{"embeddable":true,"href":"https:\/\/linitiative.ca\/International\/wp-json\/wp\/v2\/comments?post=109228"}],"version-history":[{"count":0,"href":"https:\/\/linitiative.ca\/International\/wp-json\/wp\/v2\/posts\/109228\/revisions"}],"wp:attachment":[{"href":"https:\/\/linitiative.ca\/International\/wp-json\/wp\/v2\/media?parent=109228"}],"wp:term":[{"taxonomy":"category","embeddable":true,"href":"https:\/\/linitiative.ca\/International\/wp-json\/wp\/v2\/categories?post=109228"},{"taxonomy":"post_tag","embeddable":true,"href":"https:\/\/linitiative.ca\/International\/wp-json\/wp\/v2\/tags?post=109228"}],"curies":[{"name":"wp","href":"https:\/\/api.w.org\/{rel}","templated":true}]}}