{"id":109229,"date":"2021-01-13T10:51:32","date_gmt":"2021-01-13T15:51:32","guid":{"rendered":"https:\/\/linitiative.ca\/International\/vaccination-cela-part\/"},"modified":"2021-01-13T10:51:32","modified_gmt":"2021-01-13T15:51:32","slug":"vaccination-cela-part","status":"publish","type":"post","link":"https:\/\/linitiative.ca\/International\/vaccination-cela-part\/","title":{"rendered":"Vaccination : cela part"},"content":{"rendered":"<p><strong>Enfin, les vaccins arrivent. Selon nos informations, un lot de deux millions de doses arrive samedi prochain, un autre de 8 millions arrive en mars.<\/strong><\/p>\n<div class=\"c10\"\/>\n<p>Cela promet une campagne plus lente que pr\u00e9vu. Parce que cela signifie que seuls un million de marocains seront vaccin\u00e9s d\u2019ici le mois de mars. Ensuite, nous ne connaissons pas les d\u00e9lais de livraison des autres doses command\u00e9es. Ce qui est s\u00fbr, c\u2019est qu\u2019on sera loin de l\u2019immunit\u00e9 collective, alors qu\u2019il y a le risque que la troisi\u00e8me vague arrive et avec, le variant anglais.<\/p>\n<p><strong>Lire aussi | <a href=\"https:\/\/www.challenge.ma\/la-ram-lance-sa-nouvelle-ligne-directe-paris-dakhla-171882\/\" target=\"_blank\" rel=\"noreferrer noopener\">La RAM lance sa nouvelle ligne directe Paris-Dakhla<\/a><\/strong><\/p>\n<p>La fin du cauchemar n\u2019est donc pas pour mai comme l\u2019a annonc\u00e9 le ministre de la Sant\u00e9, mais plut\u00f4t \u00e0 l\u2019automne. Si on poursuit \u00e0 ce rythme, ce n\u2019est pas la faute du gouvernement parce que les fabricants ont une capacit\u00e9 de production limit\u00e9e, ce qui attise la course aux vaccins. Mais ce qu\u2019on peut reprocher aux autorit\u00e9s, c\u2019est leur optimisme b\u00e9at. Esp\u00e9rons que la strat\u00e9gie de vaccination sera adapt\u00e9e \u00e0 cette donn\u00e9e. \u00c9conomiquement, c\u2019est une catastrophe, parce que tout rel\u00e2chement se traduirait par des mesures plus restrictives. Pour le tourisme, la saison estivale est tr\u00e8s compromise, surtout si le Maroc conna\u00eet une troisi\u00e8me vague semblable \u00e0 celle qui s\u00e9vit en Europe.<\/p>\n<p><strong>Lire aussi | <a href=\"https:\/\/www.challenge.ma\/les-restaurants-reouvrent-leurs-portes-171851\/\" target=\"_blank\" rel=\"noreferrer noopener\">Les restaurants r\u00e9ouvrent leurs portes<\/a><\/strong><\/p>\n<p>En attendant d\u2019atteindre l\u2019immunit\u00e9 collective, il faut compter sur la responsabilit\u00e9 individuelle et le respect strict des r\u00e8gles pr\u00e9ventives. C\u2019est une question de mobilisation citoyenne et il faut communiquer l\u00e0-dessus. Mais savourons la bonne nouvelle.<\/p>\n<p>Auteur: Jamal Berraoui<br \/>\n<a href=\"https:\/\/www.challenge.ma\/vaccination-cela-part-171899\/\">Cliquez ici pour lire l&rsquo;article depuis sa source.<\/a><\/p>\n","protected":false},"excerpt":{"rendered":"<p>Enfin, les vaccins arrivent. Selon nos informations, un lot de deux millions de doses arrive samedi prochain, un autre de 8 millions arrive en mars. Cela promet une campagne plus lente que pr\u00e9vu. Parce que cela signifie que seuls un million de marocains seront vaccin\u00e9s d\u2019ici le mois de mars. Ensuite, nous ne connaissons pas [&hellip;]<\/p>\n","protected":false},"author":1787,"featured_media":0,"comment_status":"closed","ping_status":"closed","sticky":false,"template":"","format":"standard","meta":{"fifu_image_url":"","fifu_image_alt":"","footnotes":""},"categories":[78,54],"tags":[],"class_list":["post-109229","post","type-post","status-publish","format-standard","hentry","category-economie","category-maroc"],"_links":{"self":[{"href":"https:\/\/linitiative.ca\/International\/wp-json\/wp\/v2\/posts\/109229","targetHints":{"allow":["GET"]}}],"collection":[{"href":"https:\/\/linitiative.ca\/International\/wp-json\/wp\/v2\/posts"}],"about":[{"href":"https:\/\/linitiative.ca\/International\/wp-json\/wp\/v2\/types\/post"}],"author":[{"embeddable":true,"href":"https:\/\/linitiative.ca\/International\/wp-json\/wp\/v2\/users\/1787"}],"replies":[{"embeddable":true,"href":"https:\/\/linitiative.ca\/International\/wp-json\/wp\/v2\/comments?post=109229"}],"version-history":[{"count":0,"href":"https:\/\/linitiative.ca\/International\/wp-json\/wp\/v2\/posts\/109229\/revisions"}],"wp:attachment":[{"href":"https:\/\/linitiative.ca\/International\/wp-json\/wp\/v2\/media?parent=109229"}],"wp:term":[{"taxonomy":"category","embeddable":true,"href":"https:\/\/linitiative.ca\/International\/wp-json\/wp\/v2\/categories?post=109229"},{"taxonomy":"post_tag","embeddable":true,"href":"https:\/\/linitiative.ca\/International\/wp-json\/wp\/v2\/tags?post=109229"}],"curies":[{"name":"wp","href":"https:\/\/api.w.org\/{rel}","templated":true}]}}