{"id":109231,"date":"2021-01-13T13:27:07","date_gmt":"2021-01-13T18:27:07","guid":{"rendered":"https:\/\/linitiative.ca\/International\/voitures-doccasion-le-marche-decroche-litteralement-a-fin-2020\/"},"modified":"2021-01-13T13:27:07","modified_gmt":"2021-01-13T18:27:07","slug":"voitures-doccasion-le-marche-decroche-litteralement-a-fin-2020","status":"publish","type":"post","link":"https:\/\/linitiative.ca\/International\/voitures-doccasion-le-marche-decroche-litteralement-a-fin-2020\/","title":{"rendered":"Voitures d\u2019occasion : le march\u00e9 d\u00e9croche litt\u00e9ralement \u00e0 fin 2020"},"content":{"rendered":"<p><strong>Il n\u2019y a pas que le march\u00e9 des voitures neuves qui a connu dans le Royaume \u00e0 fin 2020 une r\u00e9gression exceptionnelle. Le segment des v\u00e9hicules d\u2019occasion a enregistr\u00e9 lui aussi un repli d\u2019ampleur estim\u00e9 \u00e0 30%.<\/strong><\/p>\n<div class=\"c10\"\/>\n<p>La crise sanitaire li\u00e9e \u00e0 la covid-19 a, de fa\u00e7on consid\u00e9rable, impact\u00e9 le march\u00e9 de l\u2019automobile dans le Royaume. Lors de sa r\u00e9cente conf\u00e9rence digitale consacr\u00e9e aux performances du secteur automobile pour l\u2019exercice 2020, l\u2019Association des importateurs de v\u00e9hicules au Maroc a distill\u00e9, \u00e7\u00e0 et l\u00e0, plusieurs donn\u00e9es chiffr\u00e9es.<\/p>\n<p><strong>Lire aussi | <a href=\"https:\/\/www.challenge.ma\/relance-economique-les-details-des-derniers-contrats-programmes-signes-avec-le-comite-de-veille-economique-171905\/\">Relance \u00e9conomique : les d\u00e9tails des derniers contrats programmes sign\u00e9s avec le Comit\u00e9 de veille \u00e9conomique<\/a><\/strong><\/p>\n<p>En effet, avec 133 308 unit\u00e9s vendues en 2020, le march\u00e9 du neuf a chut\u00e9 de 19,7% par rapport \u00e0 2019, soit un retour aux volumes de l\u2019ann\u00e9e 2015. M\u00eame tendance, si ce n\u2019est qu\u2019elle s\u2019av\u00e8re beaucoup plus accentu\u00e9e pour le march\u00e9 des v\u00e9hicules d\u2019occasion avec une baisse de 30% imputable, elle aussi, \u00e0 la situation pand\u00e9mique li\u00e9e \u00e0 la covid-19. Tout comme le neuf, les ventes ayant trait \u00e0 l\u2019occasion se sont effondr\u00e9es d\u00e8s mars dernier, suite au confinement g\u00e9n\u00e9ralis\u00e9.<\/p>\n<p><strong>Lire aussi | <a href=\"https:\/\/www.challenge.ma\/la-ram-lance-sa-nouvelle-ligne-directe-paris-dakhla-171882\/\">La RAM lance sa nouvelle ligne directe Paris-Dakhla<\/a><\/strong><\/p>\n<p>Dans le d\u00e9tail, le nombre de mutations pour l\u2019obtention de la carte grise a atteint l\u2019ann\u00e9e derni\u00e8re 432 797 contre 612 312 en 2019. De m\u00eame que le segment du v\u00e9hicule d\u2019occasion import\u00e9 a litt\u00e9ralement d\u00e9croch\u00e9 de 60%, soit les 5 334 unit\u00e9s contre 13 490 en 2019.<\/p>\n<p>Auteur: David J\u00e9r\u00e9mie<br \/>\n<a href=\"https:\/\/www.challenge.ma\/voitures-doccasion-le-marche-decroche-litteralement-a-fin-2020-171929\/\">Cliquez ici pour lire l&rsquo;article depuis sa source.<\/a><\/p>\n","protected":false},"excerpt":{"rendered":"<p>Il n\u2019y a pas que le march\u00e9 des voitures neuves qui a connu dans le Royaume \u00e0 fin 2020 une r\u00e9gression exceptionnelle. Le segment des v\u00e9hicules d\u2019occasion a enregistr\u00e9 lui aussi un repli d\u2019ampleur estim\u00e9 \u00e0 30%. La crise sanitaire li\u00e9e \u00e0 la covid-19 a, de fa\u00e7on consid\u00e9rable, impact\u00e9 le march\u00e9 de l\u2019automobile dans le [&hellip;]<\/p>\n","protected":false},"author":1787,"featured_media":0,"comment_status":"closed","ping_status":"closed","sticky":false,"template":"","format":"standard","meta":{"fifu_image_url":"","fifu_image_alt":"","footnotes":""},"categories":[78,54],"tags":[],"class_list":["post-109231","post","type-post","status-publish","format-standard","hentry","category-economie","category-maroc"],"_links":{"self":[{"href":"https:\/\/linitiative.ca\/International\/wp-json\/wp\/v2\/posts\/109231","targetHints":{"allow":["GET"]}}],"collection":[{"href":"https:\/\/linitiative.ca\/International\/wp-json\/wp\/v2\/posts"}],"about":[{"href":"https:\/\/linitiative.ca\/International\/wp-json\/wp\/v2\/types\/post"}],"author":[{"embeddable":true,"href":"https:\/\/linitiative.ca\/International\/wp-json\/wp\/v2\/users\/1787"}],"replies":[{"embeddable":true,"href":"https:\/\/linitiative.ca\/International\/wp-json\/wp\/v2\/comments?post=109231"}],"version-history":[{"count":0,"href":"https:\/\/linitiative.ca\/International\/wp-json\/wp\/v2\/posts\/109231\/revisions"}],"wp:attachment":[{"href":"https:\/\/linitiative.ca\/International\/wp-json\/wp\/v2\/media?parent=109231"}],"wp:term":[{"taxonomy":"category","embeddable":true,"href":"https:\/\/linitiative.ca\/International\/wp-json\/wp\/v2\/categories?post=109231"},{"taxonomy":"post_tag","embeddable":true,"href":"https:\/\/linitiative.ca\/International\/wp-json\/wp\/v2\/tags?post=109231"}],"curies":[{"name":"wp","href":"https:\/\/api.w.org\/{rel}","templated":true}]}}