{"id":109233,"date":"2021-01-13T14:59:09","date_gmt":"2021-01-13T19:59:09","guid":{"rendered":"https:\/\/linitiative.ca\/International\/par-jawhar-chatty-le-14-janvier-un-non-evenement\/"},"modified":"2021-01-13T14:59:09","modified_gmt":"2021-01-13T19:59:09","slug":"par-jawhar-chatty-le-14-janvier-un-non-evenement","status":"publish","type":"post","link":"https:\/\/linitiative.ca\/International\/par-jawhar-chatty-le-14-janvier-un-non-evenement\/","title":{"rendered":"Par Jawhar Chatty : Le 14 janvier, un non-\u00e9v\u00e9nement"},"content":{"rendered":"<div class=\"post-cont-in left relative\">\n<div id=\"post-info-wrap\" class=\"left relative post-info-out\">\n<div class=\"post-info-img left relative\"><img loading=\"lazy\" decoding=\"async\" alt=\"\" src=\"https:\/\/secure.gravatar.com\/avatar\/681b972f602e42207cdd1b6ee405702a?s=50&amp;d=mm&amp;r=g\" srcset=\"https:\/\/secure.gravatar.com\/avatar\/681b972f602e42207cdd1b6ee405702a?s=100&amp;d=mm&amp;r=g 2x\" class=\"avatar avatar-50 photo\" height=\"50\" width=\"50\"\/><\/div>\n<div class=\"post-info-in\">\n<div class=\"post-info-right left relative post-info-name left relative\"><span><span class=\"post-info-text\">Par<\/span> <span class=\"author-name vcard fn author\"><a href=\"https:\/\/www.tunisienumerique.com\/author\/tunisienumerique\/\" title=\"Articles par Tunisie Num&#xE9;rique\" rel=\"author\">Tunisie Num\u00e9rique<\/a><\/span><\/span> <span class=\"post-date updated\"><time class=\"post-date updated\" datetime=\"2021-01-13\">\u00a0| Il y a 2 heures<\/time><\/span><\/div>\n<div class=\"left relative\"><button id=\"listenButton1\" class=\"responsivevoice-button\" type=\"button\" value=\"Play\" title=\"&#xC9;coutez l'article\"><span>\ud83d\udd0a \u00c9coutez l&rsquo;article<\/span><\/button> <\/div>\n<\/div>\n<\/div>\n<p>Le monde nous regarde et rit sous cape de notre incr\u00e9dulit\u00e9.\u00a0 En fait, il a depuis longtemps cess\u00e9 de nous regarder. L\u2019astro\u00efde Tunisie ne semble plus int\u00e9resser\u00a0 personne. Le grand laboratoire du \u00ab\u00a0 Printemps arabe \u00bb est depuis quelque temps d\u00e9j\u00e0 \u00e0 l\u2019abandon. Dix ans apr\u00e8s, l\u2019\u00e9chec est av\u00e9r\u00e9. Il y a, \u00e0 notre sens, au moins trois raisons<\/p>\n<div class=\"code-block code-block-1 c4\"><ins class=\"adsbygoogle c3\" data-ad-layout=\"in-article\" data-ad-format=\"fluid\" data-ad-client=\"ca-pub-2102118777505746\" data-ad-slot=\"7301775417\"\/> <\/div>\n<ol>\n<li>Si la greffe n\u2019avait pas pris, c\u2019est que l\u2019alchimie, une fois sortie du grand labo avait manqu\u00e9e de leader tunisien pour la porter. La grande erreur des alchimistes \u00e9tait de n\u2019avoir pas ,au pr\u00e9alable pris le temps n\u00e9cessaire de former un leader.\u00a0 En l\u2019absence d\u2019un chef la r\u00e9volution tunisienne \u00e9tait d\u00e8s le d\u00e9but vou\u00e9e \u00e0 l\u2019\u00e9chec. Elle n\u2019\u00e9tait de plus pas tunisienne, c\u2019est-\u00e0-dire pas d\u2019\u00e2me \u00a0tunisienne, de psychologie et de sociologie tunisiennes.<\/li>\n<li>La r\u00e9volution allait \u00e9chouer parce qu\u2019 elle avait l\u2019ambition, fausse, d\u2019\u00eatre un bloc. Un tout \u00e0 la fois : r\u00e9volution politique, r\u00e9volution sociale, r\u00e9volution \u00e9conomique. Dix ans apr\u00e8s,\u00a0 au regard de l\u2019instabilit\u00e9 politique end\u00e9mique et des crises institutionnelles r\u00e9currentes, on ne peut pas r\u00e9duire une r\u00e9volution politique au simple fait d\u2019avoir fait chuter un r\u00e9gime politique fusse-t-il dictatorial. Quant \u00e0 la r\u00e9volution sociale et \u00e9conomique, il ne faut pas \u00eatre un grand g\u00e9nie pour admettre que c\u2019est carr\u00e9ment la r\u00e9gression, le fiasco en termes de justice sociale, de progr\u00e8s social et de croissance \u00e9conomique.<\/li>\n<li>La d\u00e9sertion rapide du labo Tunisie et, surtout , une fois pass\u00e9e la grande euphorie, le \u00ab\u00a0 l\u00e2chage \u00bb en plein oc\u00e9an de la barque Tunisie. Sans trop rentrer dans les d\u00e9tails, il faut se rappeler que tous les appels d\u2019un plan Marshall pour la Tunisie sont rest\u00e9s vains et que les promesses du fameux sommet de Deauville sont demeur\u00e9es strictement au stade des promesses. Soyons justes \u00e0 ce titre : l\u2019 Union europ\u00e9enne n\u2019\u00e9tait pas si parcimonieuse \u00e0 notre \u00e9gard ; elle a soutenu bien au contraire la \u00ab\u00a0 transition d\u00e9mocratique \u00bb tunisienne. Son grand tort toutefois est de n\u2019avoir peut- \u00eatre pas \u00e9t\u00e9 suffisamment regardante sur la destin\u00e9e et la r\u00e9elle affectation des fonds allou\u00e9s.<\/li>\n<\/ol>\n<p>Le monde libre rit aujourd\u2019hui de notre immense incr\u00e9dulit\u00e9. Pour nous faire un peu plaisir \u00e0 la veille du 14 janvier, il prend un peu la peine de nous jeter un regard furtif. Au temps de la Covid-19, c\u2019est le sauve qui peut et le chacun pour soi.<\/p>\n<p>Pour nous, pour beaucoup de Tunisiens, le 14 janvier est depuis quelque temps un non-\u00e9v\u00e9nement. Ne demandons pas aux autres d\u2019\u00eatre plus tunisiens que nous-m\u00eames!<\/p>\n<p><em>Jawhar CHATTY,\u00a0<\/em><em>R\u00e9dacteur en chef La Presse.<\/em><\/p>\n<div class=\"swp_social_panel swp_horizontal_panel swp_flat_fresh swp_default_full_color swp_individual_full_color swp_other_full_color scale-100 scale-\" data-min-width=\"1100\" data-float-color=\"#ffffff\" data-float=\"bottom\" data-float-mobile=\"bottom\" data-transition=\"slide\">\n<div class=\"nc_tweetContainer swp_share_button total_shares total_sharesalt\"><span class=\"swp_count\">15 <span class=\"swp_label\">Partages<\/span><\/span><\/div>\n<\/div>\n<p><strong>Que se passe-t-il en Tunisie?<\/strong><br \/>Nous expliquons sur notre <a href=\"https:\/\/www.youtube.com\/channel\/UCRzypVq0B_yBad5eGrwBx0Q?sub_confirmation=1\" target=\"_blank\" rel=\"noopener\">cha\u00eene YouTube<\/a> . <a href=\"https:\/\/www.youtube.com\/channel\/UCRzypVq0B_yBad5eGrwBx0Q?sub_confirmation=1\" target=\"_blank\" rel=\"noopener\">Abonnez-vous!<\/a><\/p>\n<div class=\"mvp-org-wrap mvp-org-logo\" itemprop=\"publisher\"><img decoding=\"async\" src=\"https:\/\/www.tunisienumerique.com\/wp-content\/uploads\/2017\/02\/logo_tunisie_numerique.png\"\/><\/div>\n<div class=\"mvp-related-posts left relative\">\n<h4 class=\"post-header\"><span class=\"post-header\">Lire aussi<\/span><\/h4>\n<\/div>\n<div id=\"article-ad\"><ins class=\"adsbygoogle c5\" data-ad-client=\"ca-pub-2102118777505746\" data-ad-slot=\"6513972734\" data-ad-format=\"auto\" data-full-width-responsive=\"true\"\/> <\/div>\n<\/div>\n<div id=\"post-sidebar-wrap\"><ins class=\"adsbygoogle c5\" data-ad-client=\"ca-pub-2102118777505746\" data-ad-slot=\"6168283410\" data-ad-format=\"auto\" data-full-width-responsive=\"true\"\/> <\/div>\n<p>Auteur: Tunisie Num\u00e9rique<br \/>\n<a href=\"https:\/\/www.tunisienumerique.com\/par-jawhar-chatty-le-14-janvier-un-non-evenement\/\">Cliquez ici pour lire l&rsquo;article depuis sa source.<\/a><\/p>\n","protected":false},"excerpt":{"rendered":"<p>Par Tunisie Num\u00e9rique \u00a0| Il y a 2 heures \ud83d\udd0a \u00c9coutez l&rsquo;article Le monde nous regarde et rit sous cape de notre incr\u00e9dulit\u00e9.\u00a0 En fait, il a depuis longtemps cess\u00e9 de nous regarder. L\u2019astro\u00efde Tunisie ne semble plus int\u00e9resser\u00a0 personne. Le grand laboratoire du \u00ab\u00a0 Printemps arabe \u00bb est depuis quelque temps d\u00e9j\u00e0 \u00e0 l\u2019abandon. [&hellip;]<\/p>\n","protected":false},"author":1789,"featured_media":0,"comment_status":"closed","ping_status":"closed","sticky":false,"template":"","format":"standard","meta":{"fifu_image_url":"https:\/\/secure.gravatar.com\/avatar\/681b972f602e42207cdd1b6ee405702a?s=50&d=mm&r=g","fifu_image_alt":"Par Jawhar Chatty : Le 14 janvier, un non-\u00e9v\u00e9nement","footnotes":""},"categories":[73,55],"tags":[],"class_list":["post-109233","post","type-post","status-publish","format-standard","hentry","category-actualite","category-tunisie"],"_links":{"self":[{"href":"https:\/\/linitiative.ca\/International\/wp-json\/wp\/v2\/posts\/109233","targetHints":{"allow":["GET"]}}],"collection":[{"href":"https:\/\/linitiative.ca\/International\/wp-json\/wp\/v2\/posts"}],"about":[{"href":"https:\/\/linitiative.ca\/International\/wp-json\/wp\/v2\/types\/post"}],"author":[{"embeddable":true,"href":"https:\/\/linitiative.ca\/International\/wp-json\/wp\/v2\/users\/1789"}],"replies":[{"embeddable":true,"href":"https:\/\/linitiative.ca\/International\/wp-json\/wp\/v2\/comments?post=109233"}],"version-history":[{"count":0,"href":"https:\/\/linitiative.ca\/International\/wp-json\/wp\/v2\/posts\/109233\/revisions"}],"wp:attachment":[{"href":"https:\/\/linitiative.ca\/International\/wp-json\/wp\/v2\/media?parent=109233"}],"wp:term":[{"taxonomy":"category","embeddable":true,"href":"https:\/\/linitiative.ca\/International\/wp-json\/wp\/v2\/categories?post=109233"},{"taxonomy":"post_tag","embeddable":true,"href":"https:\/\/linitiative.ca\/International\/wp-json\/wp\/v2\/tags?post=109233"}],"curies":[{"name":"wp","href":"https:\/\/api.w.org\/{rel}","templated":true}]}}