{"id":109234,"date":"2021-01-13T16:11:24","date_gmt":"2021-01-13T21:11:24","guid":{"rendered":"https:\/\/linitiative.ca\/International\/tunisie-pourquoi-mechichi-a-charge-le-ministre-de-la-sante-dannoncer-les-dernieres-mesures\/"},"modified":"2021-01-13T16:11:24","modified_gmt":"2021-01-13T21:11:24","slug":"tunisie-pourquoi-mechichi-a-charge-le-ministre-de-la-sante-dannoncer-les-dernieres-mesures","status":"publish","type":"post","link":"https:\/\/linitiative.ca\/International\/tunisie-pourquoi-mechichi-a-charge-le-ministre-de-la-sante-dannoncer-les-dernieres-mesures\/","title":{"rendered":"Tunisie \u2013 Pourquoi Mechichi a charg\u00e9 le ministre de la Sant\u00e9 d\u2019annoncer les derni\u00e8res mesures\u00a0?"},"content":{"rendered":"<div class=\"post-cont-in left relative\">\n<div id=\"post-info-wrap\" class=\"left relative post-info-out\">\n<div class=\"post-info-img left relative\"><img loading=\"lazy\" decoding=\"async\" alt=\"\" src=\"https:\/\/secure.gravatar.com\/avatar\/96253f4a657b482a18e837c1252096c2?s=50&amp;d=mm&amp;r=g\" srcset=\"https:\/\/secure.gravatar.com\/avatar\/96253f4a657b482a18e837c1252096c2?s=100&amp;d=mm&amp;r=g 2x\" class=\"avatar avatar-50 photo\" height=\"50\" width=\"50\"\/><\/div>\n<div class=\"post-info-in\">\n<div class=\"post-info-right left relative post-info-name left relative\"><span><span class=\"post-info-text\">Par<\/span> <span class=\"author-name vcard fn author\"><a href=\"https:\/\/www.tunisienumerique.com\/author\/saber\/\" title=\"Articles par Saber .\" rel=\"author\">Saber .<\/a><\/span><\/span> <span class=\"post-date updated\"><time class=\"post-date updated\" datetime=\"2021-01-13\">\u00a0| Il y a 1 heure<\/time><\/span><\/div>\n<div class=\"left relative\"><button id=\"listenButton1\" class=\"responsivevoice-button\" type=\"button\" value=\"Play\" title=\"&#xC9;coutez l'article\"><span>\ud83d\udd0a \u00c9coutez l&rsquo;article<\/span><\/button> <\/div>\n<\/div>\n<\/div>\n<p>La conf\u00e9rence de presse tenue hier, \u00e0 La Kasbah, pour annoncer les derni\u00e8res mesures d\u00e9cid\u00e9es par la commission nationale anti Covid a \u00e9t\u00e9, de l\u2019avis de tout le monde, un fiasco total. Des annonces incomprises, de demi-mesures inadapt\u00e9es par un ministre malaim\u00e9, faites d\u2019une voix monotone et un discours pr\u00e9cautionneux. Ce n\u2019\u00e9tait, pourtant pas \u00e0 ce ministre de pr\u00e9senter ces mesures qui n\u2019ont rien \u00e0 voir avec ses pr\u00e9rogatives. Donc, on dirait, \u00e0 la limite, que le chef du gouvernement a voulu ajouter \u00e0 l\u2019impopularit\u00e9 du contenu, celle de la forme et de la pr\u00e9sentation.<\/p>\n<div class=\"code-block code-block-1 c4\"><ins class=\"adsbygoogle c3\" data-ad-layout=\"in-article\" data-ad-format=\"fluid\" data-ad-client=\"ca-pub-2102118777505746\" data-ad-slot=\"7301775417\"\/> <\/div>\n<p>On dirait que le chef du gouvernement en veut, quelque part, au ministre de la Sant\u00e9, pour le pr\u00e9senter, de cette fa\u00e7on, \u00e0 l\u2019opinion publique. D\u2019ailleurs, il faut reconnaitre que Mechichi pourrait avoir toutes les raisons du monde de se comporter ainsi. Les mesures annonc\u00e9es hier, n\u2019avaient rien de logique et surtout, aucun fondement scientifique. Si Mechichi a, en quelque sorte, \u00e9t\u00e9 oblig\u00e9 de les prendre, c\u2019est \u00e0 cause de son ministre de la Sant\u00e9 qui a \u00e9t\u00e9 \u00ab utilis\u00e9 \u00bb par le pr\u00e9sident de la R\u00e9publique, pour mettre la pression sur le gouvernement, en imposant,\u00a0 des mesures aussi inutiles qu\u2019impopulaires.<\/p>\n<p>En effet, le ministre de la sant\u00e9 s\u2019est appuy\u00e9 sur la pr\u00e9sidence de la R\u00e9publique pour se soutirer au m\u00e9contentement du chef du gouvernement, de m\u00eame que le pr\u00e9sident a saut\u00e9 sur cette occasion, pour combattre le chef du gouvernement qu\u2019il ne porte pas, particuli\u00e8rement, dans son c\u0153ur, en annon\u00e7ant publiquement son soutien \u00e0 la commission scientifique, l\u2019appelant \u00e0 prendre toutes les mesures qu\u2019elle jugera utiles, sans se soucier des contraintes politiques, en appelant \u00e0 instaurer un confinement g\u00e9n\u00e9ral.<\/p>\n<p>C\u2019est donc probablement, dans cette optique que Mechichi a laiss\u00e9 au ministre de la Sant\u00e9 l\u2019honneur d\u2019annoncer les dispositions dont il \u00e9tait lui-m\u00eame \u00e0 l\u2019origine.<\/p>\n<p>D\u2019ailleurs, en ce qui concerne les mesures impos\u00e9es par certaines parties et cautionn\u00e9es par le comit\u00e9 scientifique qui a \u00e9t\u00e9, \u00e0 cette occasion, quelque peu \u00ab influenc\u00e9 \u00bb par les d\u00e9cideurs politiques, car, \u00e0 en croire certains de ces m\u00eames experts, le confinement g\u00e9n\u00e9ral n\u2019a plus aucun int\u00e9r\u00eat face \u00e0 l\u2019\u00e9volution de l\u2019\u00e9pid\u00e9mie et au fait que la contamination soit devenue de type communautaire.<\/p>\n<p>C\u2019est donc en connaissance de cause que Mechichi a essay\u00e9 de minimiser les r\u00e9percussions des mesures exig\u00e9es par Sa\u00efed en choisissant des demi mesures dans l\u2019espoir de limiter les retomb\u00e9es.<\/p>\n<div class=\"swp_social_panel swp_horizontal_panel swp_flat_fresh swp_default_full_color swp_individual_full_color swp_other_full_color scale-100 scale-\" data-min-width=\"1100\" data-float-color=\"#ffffff\" data-float=\"bottom\" data-float-mobile=\"bottom\" data-transition=\"slide\">\n<div class=\"nc_tweetContainer swp_share_button total_shares total_sharesalt\"><span class=\"swp_count\">5 <span class=\"swp_label\">Partages<\/span><\/span><\/div>\n<\/div>\n<p><strong>Que se passe-t-il en Tunisie?<\/strong><br \/>Nous expliquons sur notre <a href=\"https:\/\/www.youtube.com\/channel\/UCRzypVq0B_yBad5eGrwBx0Q?sub_confirmation=1\" target=\"_blank\" rel=\"noopener\">cha\u00eene YouTube<\/a> . <a href=\"https:\/\/www.youtube.com\/channel\/UCRzypVq0B_yBad5eGrwBx0Q?sub_confirmation=1\" target=\"_blank\" rel=\"noopener\">Abonnez-vous!<\/a><\/p>\n<div class=\"mvp-org-wrap mvp-org-logo\" itemprop=\"publisher\"><img decoding=\"async\" src=\"https:\/\/www.tunisienumerique.com\/wp-content\/uploads\/2017\/02\/logo_tunisie_numerique.png\"\/><\/div>\n<div class=\"mvp-related-posts left relative\">\n<h4 class=\"post-header\"><span class=\"post-header\">Lire aussi<\/span><\/h4>\n<\/div>\n<div id=\"article-ad\"><ins class=\"adsbygoogle c5\" data-ad-client=\"ca-pub-2102118777505746\" data-ad-slot=\"6513972734\" data-ad-format=\"auto\" data-full-width-responsive=\"true\"\/> <\/div>\n<\/div>\n<div id=\"post-sidebar-wrap\"><ins class=\"adsbygoogle c5\" data-ad-client=\"ca-pub-2102118777505746\" data-ad-slot=\"6168283410\" data-ad-format=\"auto\" data-full-width-responsive=\"true\"\/> <\/div>\n<p>Auteur: Saber .<br \/>\n<a href=\"https:\/\/www.tunisienumerique.com\/tunisie-pourquoi-mechichi-a-charge-le-ministre-de-la-sante-dannoncer-les-dernieres-mesures\/\">Cliquez ici pour lire l&rsquo;article depuis sa source.<\/a><\/p>\n","protected":false},"excerpt":{"rendered":"<p>Par Saber . \u00a0| Il y a 1 heure \ud83d\udd0a \u00c9coutez l&rsquo;article La conf\u00e9rence de presse tenue hier, \u00e0 La Kasbah, pour annoncer les derni\u00e8res mesures d\u00e9cid\u00e9es par la commission nationale anti Covid a \u00e9t\u00e9, de l\u2019avis de tout le monde, un fiasco total. Des annonces incomprises, de demi-mesures inadapt\u00e9es par un ministre malaim\u00e9, faites [&hellip;]<\/p>\n","protected":false},"author":1789,"featured_media":0,"comment_status":"closed","ping_status":"closed","sticky":false,"template":"","format":"standard","meta":{"fifu_image_url":"https:\/\/secure.gravatar.com\/avatar\/96253f4a657b482a18e837c1252096c2?s=50&d=mm&r=g","fifu_image_alt":"Tunisie \u2013 Pourquoi Mechichi a charg\u00e9 le ministre de la Sant\u00e9 d\u2019annoncer les derni\u00e8res mesures\u00a0?","footnotes":""},"categories":[73,55],"tags":[],"class_list":["post-109234","post","type-post","status-publish","format-standard","hentry","category-actualite","category-tunisie"],"_links":{"self":[{"href":"https:\/\/linitiative.ca\/International\/wp-json\/wp\/v2\/posts\/109234","targetHints":{"allow":["GET"]}}],"collection":[{"href":"https:\/\/linitiative.ca\/International\/wp-json\/wp\/v2\/posts"}],"about":[{"href":"https:\/\/linitiative.ca\/International\/wp-json\/wp\/v2\/types\/post"}],"author":[{"embeddable":true,"href":"https:\/\/linitiative.ca\/International\/wp-json\/wp\/v2\/users\/1789"}],"replies":[{"embeddable":true,"href":"https:\/\/linitiative.ca\/International\/wp-json\/wp\/v2\/comments?post=109234"}],"version-history":[{"count":0,"href":"https:\/\/linitiative.ca\/International\/wp-json\/wp\/v2\/posts\/109234\/revisions"}],"wp:attachment":[{"href":"https:\/\/linitiative.ca\/International\/wp-json\/wp\/v2\/media?parent=109234"}],"wp:term":[{"taxonomy":"category","embeddable":true,"href":"https:\/\/linitiative.ca\/International\/wp-json\/wp\/v2\/categories?post=109234"},{"taxonomy":"post_tag","embeddable":true,"href":"https:\/\/linitiative.ca\/International\/wp-json\/wp\/v2\/tags?post=109234"}],"curies":[{"name":"wp","href":"https:\/\/api.w.org\/{rel}","templated":true}]}}