{"id":109236,"date":"2021-01-13T16:32:14","date_gmt":"2021-01-13T21:32:14","guid":{"rendered":"https:\/\/linitiative.ca\/International\/tunisie-lecole-francaise-passe-en-enseignement-a-distance\/"},"modified":"2021-01-13T16:32:14","modified_gmt":"2021-01-13T21:32:14","slug":"tunisie-lecole-francaise-passe-en-enseignement-a-distance","status":"publish","type":"post","link":"https:\/\/linitiative.ca\/International\/tunisie-lecole-francaise-passe-en-enseignement-a-distance\/","title":{"rendered":"Tunisie \u2013 L\u2019\u00e9cole fran\u00e7aise passe en enseignement \u00e0 distance"},"content":{"rendered":"<div class=\"post-cont-in left relative\">\n<div id=\"post-info-wrap\" class=\"left relative post-info-out\">\n<div class=\"post-info-img left relative\"><img loading=\"lazy\" decoding=\"async\" alt=\"\" src=\"https:\/\/secure.gravatar.com\/avatar\/047123be9d5e8513774383916ee72db2?s=50&amp;d=mm&amp;r=g\" srcset=\"https:\/\/secure.gravatar.com\/avatar\/047123be9d5e8513774383916ee72db2?s=100&amp;d=mm&amp;r=g 2x\" class=\"avatar avatar-50 photo\" height=\"50\" width=\"50\"\/><\/div>\n<div class=\"post-info-in\">\n<div class=\"post-info-right left relative post-info-name left relative\"><span><span class=\"post-info-text\">Par<\/span> <span class=\"author-name vcard fn author\"><a href=\"https:\/\/www.tunisienumerique.com\/author\/lm\/\" title=\"Articles par LM\" rel=\"author\">LM<\/a><\/span><\/span> <span class=\"post-date updated\"><time class=\"post-date updated\" datetime=\"2021-01-13\">\u00a0| Il y a 1 heure<\/time><\/span><\/div>\n<div class=\"left relative\"><button id=\"listenButton1\" class=\"responsivevoice-button\" type=\"button\" value=\"Play\" title=\"&#xC9;coutez l'article\"><span>\ud83d\udd0a \u00c9coutez l&rsquo;article<\/span><\/button> <\/div>\n<\/div>\n<\/div>\n<p>Suite aux d\u00e9cisions prises par le gouvernement tunisien, dans le cadre de la lutte contre la Covid, la mission diplomatique fran\u00e7aise a d\u00e9cid\u00e9 de suivre les consignes g\u00e9n\u00e9rales en annon\u00e7ant les mesures suivantes :<\/p>\n<div class=\"code-block code-block-1 c4\"><ins class=\"adsbygoogle c3\" data-ad-layout=\"in-article\" data-ad-format=\"fluid\" data-ad-client=\"ca-pub-2102118777505746\" data-ad-slot=\"7301775417\"\/> <\/div>\n<ul>\n<li>\u2013 Confinement g\u00e9n\u00e9ral du jeudi 14 janvier au dimanche 17 janvier inclus.<\/li>\n<li>\u2013 Fermeture des \u00e9tablissements scolaires du 18 au 24 janvier.<\/li>\n<li>\u2013 Maintien des jardins d\u2019enfants et de la maternelle.<\/li>\n<\/ul>\n<p>Par cons\u00e9quent, ce vendredi 15 janvier, l\u2019\u00e9cole sera ferm\u00e9e et l\u2019enseignement se fera en distanciel pour l\u2019ensemble des niveaux.<\/p>\n<p>Les \u00e9l\u00e8ves de la maternelle seront accueillis en pr\u00e9sentiel la semaine du 18 janvier de 7h30 \u00e0 15h30, avec le maintien de la restauration scolaire. L\u2019\u00e9l\u00e9mentaire et le secondaire seront en enseignement \u00e0 distance la semaine du 18 janvier. Les emplois du temps seront modifi\u00e9s en cons\u00e9quence, sur le mod\u00e8le de la semaine du 04 au 09 janvier dernier.<\/p>\n<div class=\"swp_social_panel swp_horizontal_panel swp_flat_fresh swp_default_full_color swp_individual_full_color swp_other_full_color scale-100 scale-\" data-min-width=\"1100\" data-float-color=\"#ffffff\" data-float=\"bottom\" data-float-mobile=\"bottom\" data-transition=\"slide\">\n<div class=\"nc_tweetContainer swp_share_button total_shares total_sharesalt\"><span class=\"swp_count\">7 <span class=\"swp_label\">Partages<\/span><\/span><\/div>\n<\/div>\n<p><strong>Que se passe-t-il en Tunisie?<\/strong><br \/>Nous expliquons sur notre <a href=\"https:\/\/www.youtube.com\/channel\/UCRzypVq0B_yBad5eGrwBx0Q?sub_confirmation=1\" target=\"_blank\" rel=\"noopener\">cha\u00eene YouTube<\/a> . <a href=\"https:\/\/www.youtube.com\/channel\/UCRzypVq0B_yBad5eGrwBx0Q?sub_confirmation=1\" target=\"_blank\" rel=\"noopener\">Abonnez-vous!<\/a><\/p>\n<div class=\"mvp-org-wrap mvp-org-logo\" itemprop=\"publisher\"><img decoding=\"async\" src=\"https:\/\/www.tunisienumerique.com\/wp-content\/uploads\/2017\/02\/logo_tunisie_numerique.png\"\/><\/div>\n<div class=\"mvp-related-posts left relative\">\n<h4 class=\"post-header\"><span class=\"post-header\">Lire aussi<\/span><\/h4>\n<\/div>\n<div id=\"article-ad\"><ins class=\"adsbygoogle c5\" data-ad-client=\"ca-pub-2102118777505746\" data-ad-slot=\"6513972734\" data-ad-format=\"auto\" data-full-width-responsive=\"true\"\/> <\/div>\n<\/div>\n<div id=\"post-sidebar-wrap\"><ins class=\"adsbygoogle c5\" data-ad-client=\"ca-pub-2102118777505746\" data-ad-slot=\"6168283410\" data-ad-format=\"auto\" data-full-width-responsive=\"true\"\/> <\/div>\n<p>Auteur: LM<br \/>\n<a href=\"https:\/\/www.tunisienumerique.com\/tunisie-lecole-francaise-passe-en-enseignement-a-distance\/\">Cliquez ici pour lire l&rsquo;article depuis sa source.<\/a><\/p>\n","protected":false},"excerpt":{"rendered":"<p>Par LM \u00a0| Il y a 1 heure \ud83d\udd0a \u00c9coutez l&rsquo;article Suite aux d\u00e9cisions prises par le gouvernement tunisien, dans le cadre de la lutte contre la Covid, la mission diplomatique fran\u00e7aise a d\u00e9cid\u00e9 de suivre les consignes g\u00e9n\u00e9rales en annon\u00e7ant les mesures suivantes : \u2013 Confinement g\u00e9n\u00e9ral du jeudi 14 janvier au dimanche 17 [&hellip;]<\/p>\n","protected":false},"author":1789,"featured_media":0,"comment_status":"closed","ping_status":"closed","sticky":false,"template":"","format":"standard","meta":{"fifu_image_url":"https:\/\/secure.gravatar.com\/avatar\/047123be9d5e8513774383916ee72db2?s=50&d=mm&r=g","fifu_image_alt":"Tunisie \u2013 L\u2019\u00e9cole fran\u00e7aise passe en enseignement \u00e0 distance","footnotes":""},"categories":[73,55],"tags":[],"class_list":["post-109236","post","type-post","status-publish","format-standard","hentry","category-actualite","category-tunisie"],"_links":{"self":[{"href":"https:\/\/linitiative.ca\/International\/wp-json\/wp\/v2\/posts\/109236","targetHints":{"allow":["GET"]}}],"collection":[{"href":"https:\/\/linitiative.ca\/International\/wp-json\/wp\/v2\/posts"}],"about":[{"href":"https:\/\/linitiative.ca\/International\/wp-json\/wp\/v2\/types\/post"}],"author":[{"embeddable":true,"href":"https:\/\/linitiative.ca\/International\/wp-json\/wp\/v2\/users\/1789"}],"replies":[{"embeddable":true,"href":"https:\/\/linitiative.ca\/International\/wp-json\/wp\/v2\/comments?post=109236"}],"version-history":[{"count":0,"href":"https:\/\/linitiative.ca\/International\/wp-json\/wp\/v2\/posts\/109236\/revisions"}],"wp:attachment":[{"href":"https:\/\/linitiative.ca\/International\/wp-json\/wp\/v2\/media?parent=109236"}],"wp:term":[{"taxonomy":"category","embeddable":true,"href":"https:\/\/linitiative.ca\/International\/wp-json\/wp\/v2\/categories?post=109236"},{"taxonomy":"post_tag","embeddable":true,"href":"https:\/\/linitiative.ca\/International\/wp-json\/wp\/v2\/tags?post=109236"}],"curies":[{"name":"wp","href":"https:\/\/api.w.org\/{rel}","templated":true}]}}