{"id":109237,"date":"2021-01-13T16:50:56","date_gmt":"2021-01-13T21:50:56","guid":{"rendered":"https:\/\/linitiative.ca\/International\/tunisie-culture-numerique-djerba-view-un-nouveau-projet-culturel-3d-audio\/"},"modified":"2021-01-13T16:50:56","modified_gmt":"2021-01-13T21:50:56","slug":"tunisie-culture-numerique-djerba-view-un-nouveau-projet-culturel-3d-audio","status":"publish","type":"post","link":"https:\/\/linitiative.ca\/International\/tunisie-culture-numerique-djerba-view-un-nouveau-projet-culturel-3d-audio\/","title":{"rendered":"Tunisie-Culture num\u00e9rique : \u201cDjerba View\u201d un nouveau projet culturel 3D [Audio]"},"content":{"rendered":"<div class=\"post-cont-in left relative\">\n<div id=\"post-info-wrap\" class=\"left relative post-info-out\">\n<div class=\"post-info-img left relative\"><img loading=\"lazy\" decoding=\"async\" alt=\"\" src=\"https:\/\/secure.gravatar.com\/avatar\/ea481d7287ad38ca1787f44b5bb1b70e?s=50&amp;d=mm&amp;r=g\" srcset=\"https:\/\/secure.gravatar.com\/avatar\/ea481d7287ad38ca1787f44b5bb1b70e?s=100&amp;d=mm&amp;r=g 2x\" class=\"avatar avatar-50 photo\" height=\"50\" width=\"50\"\/><\/div>\n<div class=\"post-info-in\">\n<div class=\"post-info-right left relative post-info-name left relative\"><span><span class=\"post-info-text\">Par<\/span> <span class=\"author-name vcard fn author\"><a href=\"https:\/\/www.tunisienumerique.com\/author\/rania-ben-slimane\/\" title=\"Articles par rania ben slimane\" rel=\"author\">rania ben slimane<\/a><\/span><\/span> <span class=\"post-date updated\"><time class=\"post-date updated\" datetime=\"2021-01-13\">\u00a0| Il y a 27 minutes<\/time><\/span><\/div>\n<div class=\"left relative\"><button id=\"listenButton1\" class=\"responsivevoice-button\" type=\"button\" value=\"Play\" title=\"&#xC9;coutez l'article\"><span>\ud83d\udd0a \u00c9coutez l&rsquo;article<\/span><\/button> <\/div>\n<\/div>\n<\/div>\n<p>La jeune Emna Ben Jeddi, originaire de l\u2019\u00eele de Djerba dans le gouvernorat de M\u00e9denine a r\u00e9ussi \u00e0 lancer un projet culturel num\u00e9rique intitul\u00e9 \u00abDjerba View\u00bb, \u00e0 travers lequel elle valorise le monument historique la Tour de Ghazi Mustapha gr\u00e2ce \u00e0 une technique tridimensionnelle qui plonge le visiteur dans l\u2019ann\u00e9e 1560, date du d\u00e9clenchement d\u2019une bataille entre les Ottomans et les Espagnols.<\/p>\n<div class=\"code-block code-block-1 c4\"><ins class=\"adsbygoogle c3\" data-ad-layout=\"in-article\" data-ad-format=\"fluid\" data-ad-client=\"ca-pub-2102118777505746\" data-ad-slot=\"7301775417\"\/> <\/div>\n<p>Dans une d\u00e9claration \u00e0 la correspondante de Tunisienum\u00e9rique dans la r\u00e9gion, la chef du projet, bas\u00e9e dans l\u2019incubateur des entreprises de Djerba Midoun, a affirm\u00e9 que le b\u00e9n\u00e9ficiaire vivra virtuellement les faits qui se sont d\u00e9roul\u00e9s \u00e0 l\u2019\u00e9poque.<\/p>\n<p>La pr\u00e9sentation virtuelle sera accompagn\u00e9e d\u2019une narration audio d\u2019un personnage historique, \u00abBarbarossa\u00bb, qui relatera des informations historiques concernant la tour et de ses compartiments, pr\u00e9par\u00e9es en coop\u00e9ration avec l\u2019Institut National du Patrimoine.<\/p>\n<p>Emna a achev\u00e9 son projet avec le soutien obtenu dans le cadre du premier tour du projet du Centre International de Tunis pour l\u2019Economie Culturelle Num\u00e9rique, qui soutient les cr\u00e9ateurs de projets culturels num\u00e9riques sous la tutelle du minist\u00e8re de la Culture en apportant un soutien mat\u00e9riel et logistique \u00e0 leur r\u00e9ussite ainsi qu\u2019\u00e0 leur suivi.<\/p>\n<p>Elle a, en outre, expliqu\u00e9 que son projet aura un rendement financier une fois termin\u00e9, car \u201cil fonctionnera de la m\u00eame mani\u00e8re que les spectacles de cin\u00e9ma, les int\u00e9ress\u00e9s doivent alors acheter des billets pour b\u00e9n\u00e9ficier d\u2019une visite virtuelle de la Tour\u201d. Notant que cela est applicable \u00e0 tous les autres sites arch\u00e9ologiques.<\/p>\n<p>Dans le cadre de la promotion de son projet, la jeune femme compte conclure des accords de partenariat avec des mus\u00e9es et des \u00e9tablissements touristiques afin de commercialiser la visite virtuelle des monuments dans plusieurs r\u00e9gions.<\/p>\n<p>Il est pr\u00e9vu qu\u2019Emna soit pr\u00e9sente avec les nouveaux candidats lors de la c\u00e9r\u00e9monie de cl\u00f4ture du deuxi\u00e8me tour du projet, le 28 janvier tenue \u00e0 la Cit\u00e9 de la Culture, car elle re\u00e7oit toujours un accompagnement et un suivi pour la r\u00e9ussite de son projet.<\/p>\n<p>A cette occasion, les mod\u00e8les d\u00e9finitifs des projets incub\u00e9s seront pr\u00e9sent\u00e9s en plus des projets suivis par le centre et des projets num\u00e9riques soumis au centre dans le cadre d\u2019une demande de soutien mat\u00e9riel, en pr\u00e9sentant les projets des concepteurs et en ouvrant un d\u00e9bat sur les moyens de les encourager et les promouvoir \u00e0 travers\u00a0 le minist\u00e8re des Affaires Culturelles, en pr\u00e9sence de nombreux acteurs du domaine de l\u2019\u00e9conomie num\u00e9rique dont des experts, des investisseurs et des partenaires.<\/p>\n<p>Le centre incube une vari\u00e9t\u00e9 de projets culturels de jeunes ambitieux, ayant des id\u00e9es et des projets originaux. En effet, ces derniers sont suivis et encadr\u00e9s par des experts dans divers domaines sur une courte p\u00e9riode allant de 6 \u00e0 8 mois, \u00e0 la suite de quoi les id\u00e9es de projets sont converties en r\u00e9alit\u00e9 tangible et auront un rendement financier.<\/p>\n<p>Il est \u00e0 noter que le Centre International de l\u2019Economie Culturelle de Tunis vise \u00e0 changer le concept de projets culturels ancr\u00e9s dans nos esprits, par lequel l\u2019acte culturel se transforme en acte de connaissance et de b\u00e9n\u00e9fice \u00e9conomique \u00e0 travers ce on appelle la culture num\u00e9rique bas\u00e9e sur des id\u00e9es revisit\u00e9es qui suivent le rythme des d\u00e9veloppements modernes.<\/p>\n<p>Il leur fournit aussi des laboratoires de recherche, des exp\u00e9riences, un suivi , un accompagnement, la publication d\u2019\u00e9tudes et d\u2019initiatives innovantes dans le domaine de la culture. Il est non seulement un incubateur de projets innovants et de publications actives dans le domaine de la culture, mais aussi un laboratoire de cr\u00e9ativit\u00e9 administrative dans le secteur culturel public et un centre de documentation et de soutien aux \u00e9tudes et sondages d\u2019opinion.<\/p>\n<p>Le Centre International de Tunis pour l\u2019Economie Culturelle Num\u00e9rique s\u2019int\u00e9resse \u00e0 tout projet de cr\u00e9ation d\u2019entreprise, avec la possibilit\u00e9 de d\u00e9velopper des applications, produits ou services innovants dans tous les domaines de la cr\u00e9ativit\u00e9 artistique et des industries cr\u00e9atives.<\/p>\n<div class=\"wp-playlist wp-audio-playlist wp-playlist-light\">\n<p><noscript><\/p>\n<ol>\n<li><a href=\"https:\/\/www.tunisienumerique.com\/wp-content\/uploads\/2021\/01\/Emna-Ben-jday-audio.mp3\">Emna Ben Jeddi audio<\/a><\/li>\n<\/ol>\n<p><\/noscript> <\/div>\n<div class=\"swp_social_panel swp_horizontal_panel swp_flat_fresh swp_default_full_color swp_individual_full_color swp_other_full_color scale-100 scale-\" data-min-width=\"1100\" data-float-color=\"#ffffff\" data-float=\"bottom\" data-float-mobile=\"bottom\" data-transition=\"slide\">\n<div class=\"nc_tweetContainer swp_share_button total_shares total_sharesalt\"><span class=\"swp_count\">2 <span class=\"swp_label\">Partages<\/span><\/span><\/div>\n<\/div>\n<p><strong>Que se passe-t-il en Tunisie?<\/strong><br \/>Nous expliquons sur notre <a href=\"https:\/\/www.youtube.com\/channel\/UCRzypVq0B_yBad5eGrwBx0Q?sub_confirmation=1\" target=\"_blank\" rel=\"noopener\">cha\u00eene YouTube<\/a> . <a href=\"https:\/\/www.youtube.com\/channel\/UCRzypVq0B_yBad5eGrwBx0Q?sub_confirmation=1\" target=\"_blank\" rel=\"noopener\">Abonnez-vous!<\/a><\/p>\n<div class=\"mvp-org-wrap mvp-org-logo\" itemprop=\"publisher\"><img decoding=\"async\" src=\"https:\/\/www.tunisienumerique.com\/wp-content\/uploads\/2017\/02\/logo_tunisie_numerique.png\"\/><\/div>\n<div class=\"mvp-related-posts left relative\">\n<h4 class=\"post-header\"><span class=\"post-header\">Lire aussi<\/span><\/h4>\n<\/div>\n<div id=\"article-ad\"><ins class=\"adsbygoogle c5\" data-ad-client=\"ca-pub-2102118777505746\" data-ad-slot=\"6513972734\" data-ad-format=\"auto\" data-full-width-responsive=\"true\"\/> <\/div>\n<\/div>\n<div id=\"post-sidebar-wrap\"><ins class=\"adsbygoogle c5\" data-ad-client=\"ca-pub-2102118777505746\" data-ad-slot=\"6168283410\" data-ad-format=\"auto\" data-full-width-responsive=\"true\"\/> <\/div>\n<p>Auteur: rania ben slimane<br \/>\n<a href=\"https:\/\/www.tunisienumerique.com\/tunisie-culture-numerique-djerba-view-un-nouveau-projet-culturel-3d-audio\/\">Cliquez ici pour lire l&rsquo;article depuis sa source.<\/a><\/p>\n","protected":false},"excerpt":{"rendered":"<p>Par rania ben slimane \u00a0| Il y a 27 minutes \ud83d\udd0a \u00c9coutez l&rsquo;article La jeune Emna Ben Jeddi, originaire de l\u2019\u00eele de Djerba dans le gouvernorat de M\u00e9denine a r\u00e9ussi \u00e0 lancer un projet culturel num\u00e9rique intitul\u00e9 \u00abDjerba View\u00bb, \u00e0 travers lequel elle valorise le monument historique la Tour de Ghazi Mustapha gr\u00e2ce \u00e0 une [&hellip;]<\/p>\n","protected":false},"author":1789,"featured_media":0,"comment_status":"closed","ping_status":"closed","sticky":false,"template":"","format":"standard","meta":{"fifu_image_url":"https:\/\/secure.gravatar.com\/avatar\/ea481d7287ad38ca1787f44b5bb1b70e?s=50&d=mm&r=g","fifu_image_alt":"Tunisie-Culture num\u00e9rique : \u201cDjerba View\u201d un nouveau projet culturel 3D [Audio]","footnotes":""},"categories":[73,55],"tags":[],"class_list":["post-109237","post","type-post","status-publish","format-standard","hentry","category-actualite","category-tunisie"],"_links":{"self":[{"href":"https:\/\/linitiative.ca\/International\/wp-json\/wp\/v2\/posts\/109237","targetHints":{"allow":["GET"]}}],"collection":[{"href":"https:\/\/linitiative.ca\/International\/wp-json\/wp\/v2\/posts"}],"about":[{"href":"https:\/\/linitiative.ca\/International\/wp-json\/wp\/v2\/types\/post"}],"author":[{"embeddable":true,"href":"https:\/\/linitiative.ca\/International\/wp-json\/wp\/v2\/users\/1789"}],"replies":[{"embeddable":true,"href":"https:\/\/linitiative.ca\/International\/wp-json\/wp\/v2\/comments?post=109237"}],"version-history":[{"count":0,"href":"https:\/\/linitiative.ca\/International\/wp-json\/wp\/v2\/posts\/109237\/revisions"}],"wp:attachment":[{"href":"https:\/\/linitiative.ca\/International\/wp-json\/wp\/v2\/media?parent=109237"}],"wp:term":[{"taxonomy":"category","embeddable":true,"href":"https:\/\/linitiative.ca\/International\/wp-json\/wp\/v2\/categories?post=109237"},{"taxonomy":"post_tag","embeddable":true,"href":"https:\/\/linitiative.ca\/International\/wp-json\/wp\/v2\/tags?post=109237"}],"curies":[{"name":"wp","href":"https:\/\/api.w.org\/{rel}","templated":true}]}}