{"id":109240,"date":"2021-01-13T14:35:21","date_gmt":"2021-01-13T19:35:21","guid":{"rendered":"https:\/\/linitiative.ca\/International\/presidentielle-ougandaise\/"},"modified":"2021-01-13T14:35:21","modified_gmt":"2021-01-13T19:35:21","slug":"presidentielle-ougandaise","status":"publish","type":"post","link":"https:\/\/linitiative.ca\/International\/presidentielle-ougandaise\/","title":{"rendered":"PRESIDENTIELLE OUGANDAISE"},"content":{"rendered":"<p class=\"c4\"><em>La pr\u00e9sidentielle ougandaise aura lieu le 14 janvier 2021. Le pr\u00e9sident sortant, Yoweri Museveni, au pouvoir depuis 1986, affrontera dix candidats de l\u2019opposition. Le plus connu de ces derniers, est l\u2019artiste musicien Bobi Wine. Il faut le dire, tout de suite, cette \u00e9lection comme d\u2019ailleurs les scrutins pr\u00e9c\u00e9dents, est un g\u00e2chis d\u2019argent, une v\u00e9ritable orgie de d\u00e9penses \u00e9lectorales dont les Ougandais auraient pu se passer. Car, Museveni remportera haut la main sa chose d\u00e8s le premier tour. Et le score sera pour s\u00fbr, sovi\u00e9tique. Car, un dictateur n\u2019organise pas des \u00e9lections pour les perdre. On peut m\u00eame dire qu\u2019il a d\u00e9j\u00e0 annonc\u00e9 la couleur en ordonnant la suspension des r\u00e9seaux sociaux. Au rythme o\u00f9 vont les choses, la seule possibilit\u00e9 d\u2019alternance en Ouganda ne peut venir que de la nature. Cela dit, Museveni a beau \u00eatre puissant, il ne doit pas oublier qu\u2019il est avant tout un homme, donc mortel. Museveni donc sera toujours \u00e0 la t\u00eate de l\u2019Ouganda jusqu\u2019\u00e0 ce que la nature en d\u00e9cide autrement. L\u00e0 dessus, le doute n\u2019est pas permis. Depuis 1986, date de son av\u00e8nement au pouvoir, il a travaill\u00e9 avec m\u00e9thode pour que les choses se passent ainsi. A cet effet, il a tout verrouill\u00e9 de l\u2019int\u00e9rieur. L\u2019opposition n\u2019existe que de nom, ses principaux t\u00e9nors sont permanemment embastill\u00e9s et la presse libre est \u00e9touff\u00e9e. Le d\u00e9cor donc de la dictature est l\u00e0. Pour le parfaire, l\u2019homme a pris le soin d\u2019associer \u00e9troitement son clan \u00e0 la gestion du pouvoir. Aussi, un de ses fils est le patron de l\u2019arm\u00e9e ougandaise et l\u2019\u00e9pouse du dictateur est \u00e0 la fois d\u00e9put\u00e9e et ministre de la R\u00e9publique. D\u00e8s lors, l\u2019on peut comprendre que Yoweri Museveni consid\u00e8re l\u2019Ouganda comme sa propri\u00e9t\u00e9 priv\u00e9e. L\u2019on se rappelle, en effet, que lors de l\u2019une de ses sorties, il n\u2019avait pas h\u00e9sit\u00e9 \u00e0 filer la m\u00e9taphore jusqu\u2019au bout en comparant son pays \u00e0 sa bananeraie personnelle. Le message ne souffre donc d\u2019aucune ambigu\u00eft\u00e9.<\/em><\/p>\n<p class=\"c6\"><strong><em>Les Occidentaux sont conscients que Museveni est loin d\u2019\u00eatre un d\u00e9mocrate<\/em><\/strong><\/p>\n<p class=\"c4\"><em>Ce ne sont pas les r\u00e9sultats issus des urnes qui vont exproprier le planteur Museveni de sa bananeraie. Il en sera le propri\u00e9taire tant qu\u2019il sera en vie. Et m\u00eame apr\u00e8s lui, l\u2019h\u00e9ritage reviendra \u00e0 ses ayants droit. De ce point de vue, l\u2019on peut dire que le scrutin de jeudi repr\u00e9sente un non-\u00e9v\u00e9nement. C\u2019est une vaste com\u00e9die destin\u00e9e \u00e0 amuser la galerie et \u00e0 la consommation ext\u00e9rieure, notamment les Occidentaux. En r\u00e9alit\u00e9, ces derniers sont conscients que Museveni est loin d\u2019\u00eatre un d\u00e9mocrate. Seulement, celui-ci est l\u2019un de leurs plus s\u00fbrs alli\u00e9s dans la sous-r\u00e9gion. Et il le leur rend bien en termes d\u2019avantages g\u00e9ostrat\u00e9giques. A cela, il faut ajouter le fait que Museveni joue le r\u00f4le de stabilisateur en Afrique de l\u2019Est et dans les Grands lacs. Tant qu\u2019il sera dans cette posture, il peut r\u00e9genter l\u2019Ouganda comme il veut. Aucune voix ne s\u2019\u00e9l\u00e8vera du c\u00f4t\u00e9 des Occidentaux pour le condamner. Et si par extraordinaire, des voix autoris\u00e9es occidentales venaient \u00e0 s\u2019offusquer des d\u00e9rives de Museveni, l\u2019on peut parier sans grand risque de se tromper, qu\u2019elles seront timides, juste pour se donner bonne conscience. C\u2019est pourquoi les peuples qui ploient aujourd\u2019hui sous la dictature en Afrique, seront mal inspir\u00e9s de croire que leur salut viendra des chantres occidentaux de la d\u00e9mocratie. Cette triste r\u00e9alit\u00e9 est connue de tous les satrapes d\u2019Afrique. Et ils l\u2019exploitent \u00e0 fond pour tenir \u00e9ternellement leur peuple en laisse. Museveni, en premier, le sait. Et avec lui, tous les autres de son genre qui semblent avoir fait de l\u2019Afrique de l\u2019Est et des Grands lacs, leur paradis.<\/em><\/p>\n<p class=\"c6\"><strong><em>\u00ab\u00a0Le Pays\u00a0\u00bb<\/em><\/strong><\/p>\n<p>Auteur: Le Pays<br \/>\n<a href=\"https:\/\/lepays.bf\/presidentielle-ougandaise-2\/\">Cliquez ici pour lire l&rsquo;article depuis sa source.<\/a><\/p>\n","protected":false},"excerpt":{"rendered":"<p>La pr\u00e9sidentielle ougandaise aura lieu le 14 janvier 2021. Le pr\u00e9sident sortant, Yoweri Museveni, au pouvoir depuis 1986, affrontera dix candidats de l\u2019opposition. Le plus connu de ces derniers, est l\u2019artiste musicien Bobi Wine. Il faut le dire, tout de suite, cette \u00e9lection comme d\u2019ailleurs les scrutins pr\u00e9c\u00e9dents, est un g\u00e2chis d\u2019argent, une v\u00e9ritable orgie [&hellip;]<\/p>\n","protected":false},"author":1813,"featured_media":0,"comment_status":"closed","ping_status":"closed","sticky":false,"template":"","format":"standard","meta":{"fifu_image_url":"","fifu_image_alt":"","footnotes":""},"categories":[73,81],"tags":[],"class_list":["post-109240","post","type-post","status-publish","format-standard","hentry","category-actualite","category-burkina-faso"],"_links":{"self":[{"href":"https:\/\/linitiative.ca\/International\/wp-json\/wp\/v2\/posts\/109240","targetHints":{"allow":["GET"]}}],"collection":[{"href":"https:\/\/linitiative.ca\/International\/wp-json\/wp\/v2\/posts"}],"about":[{"href":"https:\/\/linitiative.ca\/International\/wp-json\/wp\/v2\/types\/post"}],"author":[{"embeddable":true,"href":"https:\/\/linitiative.ca\/International\/wp-json\/wp\/v2\/users\/1813"}],"replies":[{"embeddable":true,"href":"https:\/\/linitiative.ca\/International\/wp-json\/wp\/v2\/comments?post=109240"}],"version-history":[{"count":0,"href":"https:\/\/linitiative.ca\/International\/wp-json\/wp\/v2\/posts\/109240\/revisions"}],"wp:attachment":[{"href":"https:\/\/linitiative.ca\/International\/wp-json\/wp\/v2\/media?parent=109240"}],"wp:term":[{"taxonomy":"category","embeddable":true,"href":"https:\/\/linitiative.ca\/International\/wp-json\/wp\/v2\/categories?post=109240"},{"taxonomy":"post_tag","embeddable":true,"href":"https:\/\/linitiative.ca\/International\/wp-json\/wp\/v2\/tags?post=109240"}],"curies":[{"name":"wp","href":"https:\/\/api.w.org\/{rel}","templated":true}]}}