{"id":109248,"date":"2021-01-13T13:18:03","date_gmt":"2021-01-13T18:18:03","guid":{"rendered":"https:\/\/linitiative.ca\/International\/afsud-covid-19-un-scientifique-denonce-la-desinformation-sur-les-vaccins\/"},"modified":"2021-01-13T13:18:03","modified_gmt":"2021-01-13T18:18:03","slug":"afsud-covid-19-un-scientifique-denonce-la-desinformation-sur-les-vaccins","status":"publish","type":"post","link":"https:\/\/linitiative.ca\/International\/afsud-covid-19-un-scientifique-denonce-la-desinformation-sur-les-vaccins\/","title":{"rendered":"Af\u2019Sud\/Covid-19: un scientifique d\u00e9nonce la d\u00e9sinformation sur les vaccins"},"content":{"rendered":"<div readability=\"32\">\n<p>Publi\u00e9 le 13.01.2021 \u00e0 19h18 par APA News<\/p>\n<\/div>\n<div readability=\"77\">\n<p>Le scientifique sud-africain, Salim Abdool Karim, a condamn\u00e9 mercredi la d\u00e9sinformation autour des vaccins contre le coronavirus.A son avis, les informations inexactes entourant les vaccins devraient cesser pour aider \u00e0 vacciner la population avec succ\u00e8s.<\/p>\n<p>Le pr\u00e9sident Cyril Ramaphosa a d\u00e9clar\u00e9 que son pays a obtenu 20 millions de doses du vaccin contre la Covid-19, un premier lot pour vacciner les Sud-Africains afin de cr\u00e9er une \u00ab immunit\u00e9 collective \u00bb contre la maladie.<\/p>\n<p>Bien que cela ne suffise pas pour vacciner la totalit\u00e9 des 50 millions d\u2019habitants, le programme de vaccination sera entrav\u00e9 par la d\u00e9sinformation g\u00e9n\u00e9ralis\u00e9e colport\u00e9e sur les r\u00e9seaux sociaux, selon M. Karim.<\/p>\n<p>Les gens doivent \u00ab cesser de semer la peur autour du vaccin \u00bb, a d\u00e9clar\u00e9 le scientifique, qui pr\u00e9side le comit\u00e9 consultatif minist\u00e9riel du pays sur la Covid-19.<\/p>\n<p>\u00ab Il y a g\u00e9n\u00e9ralement trois groupes de personnes qui h\u00e9sitent \u00e0 prendre les vaccins. Le premier groupe n\u2019en sait tout simplement pas assez sur le sujet. Le deuxi\u00e8me groupe est pr\u00e9occup\u00e9 par la d\u00e9sinformation et lit des choses qui ne transmettent pas l\u2019information avec exactitude. Le troisi\u00e8me groupe est compos\u00e9 de personnes d\u00e9lib\u00e9r\u00e9ment anti-vaccins et que ce groupe finissait souvent par r\u00e9pandre la d\u00e9sinformation<br \/>\u00bb, a expliqu\u00e9 M. Karim.<\/p>\n<p>Il a fait remarquer que si personne n\u2019est oblig\u00e9 de se faire vacciner, les gens doivent \u00eatre correctement inform\u00e9s.<\/p>\n<p>L\u2019Afrique du Sud devrait commencer \u00e0 d\u00e9ployer ses vaccins ce mois-ci, en utilisant les 20 millions de doses initiales acquises.<\/p>\n<p>Karim et le m\u00e9decin am\u00e9ricain Anthony Fauci, ont remport\u00e9 conjointement le prix John Maddox 2020 pour avoir d\u00e9fendu la science dans le contexte de la pand\u00e9mie de Covid-19.<\/p>\n<p>Ce prix, cr\u00e9\u00e9 en 2012 par l\u2019organisation caritative \u00ab Sense About Science \u00bb et la revue scientifique Nature, honore \u00ab les personnes qui ont contribu\u00e9 \u00e0 promouvoir une science et des preuves solides malgr\u00e9 les hostilit\u00e9s \u00bb.<\/p>\n<\/div>\n<p>Auteur: APA News<br \/>\n<a href=\"https:\/\/www.journalducameroun.com\/afsud-covid-19-un-scientifique-denonce-la-desinformation-sur-les-vaccins\/\">Cliquez ici pour lire l&rsquo;article depuis sa source.<\/a><\/p>\n","protected":false},"excerpt":{"rendered":"<p>Publi\u00e9 le 13.01.2021 \u00e0 19h18 par APA News Le scientifique sud-africain, Salim Abdool Karim, a condamn\u00e9 mercredi la d\u00e9sinformation autour des vaccins contre le coronavirus.A son avis, les informations inexactes entourant les vaccins devraient cesser pour aider \u00e0 vacciner la population avec succ\u00e8s. Le pr\u00e9sident Cyril Ramaphosa a d\u00e9clar\u00e9 que son pays a obtenu 20 [&hellip;]<\/p>\n","protected":false},"author":1965,"featured_media":0,"comment_status":"closed","ping_status":"closed","sticky":false,"template":"","format":"standard","meta":{"fifu_image_url":"","fifu_image_alt":"","footnotes":""},"categories":[73,82],"tags":[],"class_list":["post-109248","post","type-post","status-publish","format-standard","hentry","category-actualite","category-cameroun"],"_links":{"self":[{"href":"https:\/\/linitiative.ca\/International\/wp-json\/wp\/v2\/posts\/109248","targetHints":{"allow":["GET"]}}],"collection":[{"href":"https:\/\/linitiative.ca\/International\/wp-json\/wp\/v2\/posts"}],"about":[{"href":"https:\/\/linitiative.ca\/International\/wp-json\/wp\/v2\/types\/post"}],"author":[{"embeddable":true,"href":"https:\/\/linitiative.ca\/International\/wp-json\/wp\/v2\/users\/1965"}],"replies":[{"embeddable":true,"href":"https:\/\/linitiative.ca\/International\/wp-json\/wp\/v2\/comments?post=109248"}],"version-history":[{"count":0,"href":"https:\/\/linitiative.ca\/International\/wp-json\/wp\/v2\/posts\/109248\/revisions"}],"wp:attachment":[{"href":"https:\/\/linitiative.ca\/International\/wp-json\/wp\/v2\/media?parent=109248"}],"wp:term":[{"taxonomy":"category","embeddable":true,"href":"https:\/\/linitiative.ca\/International\/wp-json\/wp\/v2\/categories?post=109248"},{"taxonomy":"post_tag","embeddable":true,"href":"https:\/\/linitiative.ca\/International\/wp-json\/wp\/v2\/tags?post=109248"}],"curies":[{"name":"wp","href":"https:\/\/api.w.org\/{rel}","templated":true}]}}