{"id":109249,"date":"2021-01-13T14:18:02","date_gmt":"2021-01-13T19:18:02","guid":{"rendered":"https:\/\/linitiative.ca\/International\/cacao-ivoirien-une-greve-illimitee-contre-le-blocage-de-la-commercialisation-annoncee\/"},"modified":"2021-01-13T14:18:02","modified_gmt":"2021-01-13T19:18:02","slug":"cacao-ivoirien-une-greve-illimitee-contre-le-blocage-de-la-commercialisation-annoncee","status":"publish","type":"post","link":"https:\/\/linitiative.ca\/International\/cacao-ivoirien-une-greve-illimitee-contre-le-blocage-de-la-commercialisation-annoncee\/","title":{"rendered":"Cacao ivoirien: une \u00ab\u00a0gr\u00e8ve illimit\u00e9e\u00a0\u00bb contre le blocage de la commercialisation annonc\u00e9e"},"content":{"rendered":"<div readability=\"32\">\n<p>Publi\u00e9 le 13.01.2021 \u00e0 20h18 par APA News<\/p>\n<\/div>\n<div readability=\"117\">\n<p>Trois organisations syndicales de la fili\u00e8re cacao en C\u00f4te d\u2019Ivoire, premier producteur mondial, annoncent une \u00ab\u00a0gr\u00e8ve illimit\u00e9e\u00a0\u00bb \u00e0 partir de lundi pour protester contre le blocage de la commercialisation de leurs produits.<\/p>\n<p>Dans un pr\u00e9avis de gr\u00e8ve adress\u00e9 au ministre de l\u2019Agriculture et du d\u00e9veloppement rural, ces trois organisations syndicales indiquent \u00eatre confront\u00e9es, depuis le 17 novembre 2020 \u00e0 un blocage de la commercialisation de leurs produits.<\/p>\n<p>Il s\u2019agit du Syndicat national agricole pour le progr\u00e8s en C\u00f4te d\u2019Ivoire (SYNAPCI), de l\u2019Association nationale des producteurs de caf\u00e9-cacao de C\u00f4te d\u2019Ivoire (ANAPROCI) et du Syndicat national des exploitants agricoles de C\u00f4te d\u2019Ivoire (SYNEAGRI-CI).<\/p>\n<p>Joint au t\u00e9l\u00e9phone, mercredi, Kanga Koffi, le pr\u00e9sident de l\u2019ANAPROCI, a d\u00e9clar\u00e9 que \u00ab\u00a0la gr\u00e8ve est maintenue et elle aura bel et bien lieu \u00e0 partir du lundi 18 janvier 2021\u00a0\u00bb, ajoutant que les gens vont constater comment cela va se mener, sans autres pr\u00e9cisions.<\/p>\n<p>Ces trois organisations professionnelles agricoles (OPA) qui clament avoir \u00ab\u00a0interpell\u00e9 les autorit\u00e9s comp\u00e9tentes\u00a0\u00bb, disent \u00ab\u00a0constater que le probl\u00e8me de la commercialisation demeure, pire, elle s\u2019est aggrav\u00e9e et devient pr\u00e9occupante\u00a0\u00bb.<\/p>\n<p>Elles notent que le prix bord champ, fix\u00e9 \u00e0 1.000 Fcfa\/Kg, \u00ab\u00a0n\u2019est pas respect\u00e9 dans la quasi-totalit\u00e9 des zones de production de caf\u00e9-cacao \u00bb. Selon des producteurs, le kilogramme est c\u00e9d\u00e9 \u00e0 850 Fcfa ou 900 Fcfa.<\/p>\n<p>Le blocage de la commercialisation est notamment d\u00fb au fait que les exportateurs ne prennent presque plus le cacao des producteurs, ce qui constitue un \u00e9norme pr\u00e9judice pour eux, dans un contexte marqu\u00e9 par ailleurs par la Covid-19.<\/p>\n<p>Les producteurs regroup\u00e9s au sein de ces fa\u00eeti\u00e8res attendent un soutien du Conseil caf\u00e9-cacao, l\u2019organe de r\u00e9gulation de la fili\u00e8re. Ils souhaitent le paiement des arri\u00e9r\u00e9s du report de stock de la campagne 2016-2017, suite \u00e0 la m\u00e9vente du caf\u00e9-cacao sur le march\u00e9 mondial.<\/p>\n<p>En outre, ces trois syndicats d\u00e9noncent \u00ab\u00a0un appui clanique de certaines OPA par le Conseil caf\u00e9-cacao en violation des dispositions fixant les r\u00e8gles relatives \u00e0 la commercialisation du caf\u00e9-cacao et \u00e0 la r\u00e9gulation de la fili\u00e8re\u00a0\u00bb.<\/p>\n<p>Moussa Kon\u00e9, pr\u00e9sident du SYNAPCI, \u00e0 l\u2019instar des autres leaders syndicaux, reproche aux autorit\u00e9s comp\u00e9tentes \u00ab\u00a0une mauvaise gestion des acquis des producteurs de caf\u00e9-cacao et des fonds allou\u00e9s \u00e0 certaines de ces soci\u00e9t\u00e9s, \u00e0 savoir la SIFAC-COOP\u00a0\u00bb et d\u2019autres structures.<\/p>\n<p>La C\u00f4te d\u2019Ivoire et le Ghana qui cumulent plus de 60% de la production mondiale de cacao, ont mis en place un m\u00e9canisme de Diff\u00e9rentiel de revenu d\u00e9cent (DRD) de 400 dollars, visant \u00e0 relever le revenu des paysans.<\/p>\n<p>Des industriels, des chocolatiers et des n\u00e9gociants ont, selon le Conseil caf\u00e9-cacao, commenc\u00e9 \u00e0 faire un jeu\u00a0\u00bb et user des \u00ab\u00a0strat\u00e9gies\u00a0\u00bb pour ne pas payer le Diff\u00e9rentiel de revenu d\u00e9cent, un m\u00e9canisme visiblement gripp\u00e9 par la pand\u00e9mie de Covid-19. \u00a0<\/p>\n<p>Des producteurs de cacao en C\u00f4te d\u2019Ivoire, qui reprochent \u00e0 des industriels de \u00ab\u00a0contourner\u00a0\u00bb le m\u00e9canisme de diff\u00e9rentiel de revenu d\u00e9cent, ont menac\u00e9 d\u00e9but d\u00e9cembre 2020 \u00e0 Yamoussoukro, de \u00ab\u00a0boycotter\u00a0\u00bb leur programme de durabilit\u00e9. \u00a0<\/p>\n<\/div>\n<p>Auteur: APA News<br \/>\n<a href=\"https:\/\/www.journalducameroun.com\/cacao-ivoirien-une-greve-illimitee-contre-le-blocage-de-la-commercialisation-annoncee\/\">Cliquez ici pour lire l&rsquo;article depuis sa source.<\/a><\/p>\n","protected":false},"excerpt":{"rendered":"<p>Publi\u00e9 le 13.01.2021 \u00e0 20h18 par APA News Trois organisations syndicales de la fili\u00e8re cacao en C\u00f4te d\u2019Ivoire, premier producteur mondial, annoncent une \u00ab\u00a0gr\u00e8ve illimit\u00e9e\u00a0\u00bb \u00e0 partir de lundi pour protester contre le blocage de la commercialisation de leurs produits. Dans un pr\u00e9avis de gr\u00e8ve adress\u00e9 au ministre de l\u2019Agriculture et du d\u00e9veloppement rural, ces [&hellip;]<\/p>\n","protected":false},"author":1965,"featured_media":0,"comment_status":"closed","ping_status":"closed","sticky":false,"template":"","format":"standard","meta":{"fifu_image_url":"","fifu_image_alt":"","footnotes":""},"categories":[73,82],"tags":[],"class_list":["post-109249","post","type-post","status-publish","format-standard","hentry","category-actualite","category-cameroun"],"_links":{"self":[{"href":"https:\/\/linitiative.ca\/International\/wp-json\/wp\/v2\/posts\/109249","targetHints":{"allow":["GET"]}}],"collection":[{"href":"https:\/\/linitiative.ca\/International\/wp-json\/wp\/v2\/posts"}],"about":[{"href":"https:\/\/linitiative.ca\/International\/wp-json\/wp\/v2\/types\/post"}],"author":[{"embeddable":true,"href":"https:\/\/linitiative.ca\/International\/wp-json\/wp\/v2\/users\/1965"}],"replies":[{"embeddable":true,"href":"https:\/\/linitiative.ca\/International\/wp-json\/wp\/v2\/comments?post=109249"}],"version-history":[{"count":0,"href":"https:\/\/linitiative.ca\/International\/wp-json\/wp\/v2\/posts\/109249\/revisions"}],"wp:attachment":[{"href":"https:\/\/linitiative.ca\/International\/wp-json\/wp\/v2\/media?parent=109249"}],"wp:term":[{"taxonomy":"category","embeddable":true,"href":"https:\/\/linitiative.ca\/International\/wp-json\/wp\/v2\/categories?post=109249"},{"taxonomy":"post_tag","embeddable":true,"href":"https:\/\/linitiative.ca\/International\/wp-json\/wp\/v2\/tags?post=109249"}],"curies":[{"name":"wp","href":"https:\/\/api.w.org\/{rel}","templated":true}]}}