{"id":109250,"date":"2021-01-13T15:18:02","date_gmt":"2021-01-13T20:18:02","guid":{"rendered":"https:\/\/linitiative.ca\/International\/royal-air-maroc-relie-dakhla-a-paris\/"},"modified":"2021-01-13T15:18:02","modified_gmt":"2021-01-13T20:18:02","slug":"royal-air-maroc-relie-dakhla-a-paris","status":"publish","type":"post","link":"https:\/\/linitiative.ca\/International\/royal-air-maroc-relie-dakhla-a-paris\/","title":{"rendered":"Royal Air Maroc relie Dakhla \u00e0 Paris"},"content":{"rendered":"<div readability=\"32\">\n<p>Publi\u00e9 le 13.01.2021 \u00e0 21h18 par APA News<\/p>\n<\/div>\n<div readability=\"67\">\n<p>La compagnie a\u00e9rienne marocaine, Royal Air Maroc lance, \u00e0 compter du 12 f\u00e9vrier prochain, sa nouvelle ligne directe Paris-Dakhla, en \u00e9troite collaboration avec l\u2019Office National Marocain du Tourisme (ONMT), indique un communiqu\u00e9 de la RAM, parvenu mercredi \u00e0 APA.Gr\u00e2ce \u00e0 cette nouvelle route a\u00e9rienne, la compagnie nationale reliera, pour la premi\u00e8re fois, le continent europ\u00e9en (\u00e0 l\u2019exception des Iles Canaries) \u00e0 la ville de Dakhla, en moins de 04H30 de vol. Deux fr\u00e9quences par semaine sont propos\u00e9es les mardi et vendredi.<\/p>\n<p>Les vols au d\u00e9part de Paris sont programm\u00e9s \u00e0 09H45 (heure locale), pour une arriv\u00e9e \u00e0 Dakhla \u00e0 14H25 (heure locale). Les vols au d\u00e9part de Dakhla sont programm\u00e9s \u00e0 15H25 (heure locale) pour une arriv\u00e9e \u00e0 Paris \u00e0 19H45 (heure locale).<\/p>\n<p>L\u2019ONMT a choisi d\u2019activer cette route avec Royal Air Maroc afin d\u2019impliquer la compagnie nationale sur ce cr\u00e9neau touristique significatif pour la relance du secteur. \u00ab Royal Air Maroc a toujours accompagn\u00e9 le tourisme marocain. En ces temps de crise, il est n\u00e9cessaire de travailler ensemble pour la relance de ce secteur strat\u00e9gique pour notre pays. Cette nouvelle ligne directe permettra de faire profiter les visiteurs internationaux de la ville de Dakhla et de l\u2019exp\u00e9rience Maroc d\u00e8s l\u2019embarquement \u00e0 Paris. \u00bb, souligne le Pr\u00e9sident Directeur G\u00e9n\u00e9ral de la RAM, Abdelhamid Addou, cit\u00e9 pat le communiqu\u00e9.<\/p>\n<p>Avec des jours et des horaires de vol adapt\u00e9s aux besoins des voyageurs, cette liaison permettra de renforcer et faciliter la connexion entre la France, grand march\u00e9 \u00e9metteur de touristes et Dakhla, destination touristique en vogue, souligne la m\u00eame source.<\/p>\n<\/div>\n<p>Auteur: APA News<br \/>\n<a href=\"https:\/\/www.journalducameroun.com\/royal-air-maroc-relie-dakhla-a-paris\/\">Cliquez ici pour lire l&rsquo;article depuis sa source.<\/a><\/p>\n","protected":false},"excerpt":{"rendered":"<p>Publi\u00e9 le 13.01.2021 \u00e0 21h18 par APA News La compagnie a\u00e9rienne marocaine, Royal Air Maroc lance, \u00e0 compter du 12 f\u00e9vrier prochain, sa nouvelle ligne directe Paris-Dakhla, en \u00e9troite collaboration avec l\u2019Office National Marocain du Tourisme (ONMT), indique un communiqu\u00e9 de la RAM, parvenu mercredi \u00e0 APA.Gr\u00e2ce \u00e0 cette nouvelle route a\u00e9rienne, la compagnie nationale [&hellip;]<\/p>\n","protected":false},"author":1965,"featured_media":0,"comment_status":"closed","ping_status":"closed","sticky":false,"template":"","format":"standard","meta":{"fifu_image_url":"","fifu_image_alt":"","footnotes":""},"categories":[73,82],"tags":[],"class_list":["post-109250","post","type-post","status-publish","format-standard","hentry","category-actualite","category-cameroun"],"_links":{"self":[{"href":"https:\/\/linitiative.ca\/International\/wp-json\/wp\/v2\/posts\/109250","targetHints":{"allow":["GET"]}}],"collection":[{"href":"https:\/\/linitiative.ca\/International\/wp-json\/wp\/v2\/posts"}],"about":[{"href":"https:\/\/linitiative.ca\/International\/wp-json\/wp\/v2\/types\/post"}],"author":[{"embeddable":true,"href":"https:\/\/linitiative.ca\/International\/wp-json\/wp\/v2\/users\/1965"}],"replies":[{"embeddable":true,"href":"https:\/\/linitiative.ca\/International\/wp-json\/wp\/v2\/comments?post=109250"}],"version-history":[{"count":0,"href":"https:\/\/linitiative.ca\/International\/wp-json\/wp\/v2\/posts\/109250\/revisions"}],"wp:attachment":[{"href":"https:\/\/linitiative.ca\/International\/wp-json\/wp\/v2\/media?parent=109250"}],"wp:term":[{"taxonomy":"category","embeddable":true,"href":"https:\/\/linitiative.ca\/International\/wp-json\/wp\/v2\/categories?post=109250"},{"taxonomy":"post_tag","embeddable":true,"href":"https:\/\/linitiative.ca\/International\/wp-json\/wp\/v2\/tags?post=109250"}],"curies":[{"name":"wp","href":"https:\/\/api.w.org\/{rel}","templated":true}]}}