{"id":109251,"date":"2021-01-13T18:04:23","date_gmt":"2021-01-13T23:04:23","guid":{"rendered":"https:\/\/linitiative.ca\/International\/drogba-annonce-sa-difficile-separation-davec-lalla-diakite-son-epouse\/"},"modified":"2021-01-13T18:04:23","modified_gmt":"2021-01-13T23:04:23","slug":"drogba-annonce-sa-difficile-separation-davec-lalla-diakite-son-epouse","status":"publish","type":"post","link":"https:\/\/linitiative.ca\/International\/drogba-annonce-sa-difficile-separation-davec-lalla-diakite-son-epouse\/","title":{"rendered":"Drogba annonce sa \u00ab\u00a0difficile\u00a0\u00bb s\u00e9paration d\u2019avec Lalla Diakit\u00e9, son \u00e9pouse"},"content":{"rendered":"<div readability=\"32\">\n<p>Publi\u00e9 le 14.01.2021 \u00e0 00h18 par APA News<\/p>\n<\/div>\n<div readability=\"67\">\n<p>L\u2019ex-international ivoirien de football, Didier Drogba, annonce sa \u00ab\u00a0difficile\u00a0\u00bb s\u00e9paration d\u2019avec Lalla Diakit\u00e9, son \u00e9pouse malienne, apr\u00e8s 20 ans de vie commune, sur son compte Instagram.<\/p>\n<p>\u00ab\u00a0Je n\u2019ai pas l\u2019habitude de discuter de ma vie priv\u00e9e, mais en raison de sp\u00e9culations dans les m\u00e9dias, aujourd\u2019hui, je vais confirmer que malheureusement, apr\u00e8s 20 ans ensemble Lalla et moi, avons pris la difficile d\u00e9cision de nous s\u00e9parer l\u2019ann\u00e9e derni\u00e8re\u00a0\u00bb, a \u00e9crit Drogba. \u00a0\u00a0<\/p>\n<p>Toutefois, l\u2019ancien buteur de Chelsea assure-t-il, \u00ab\u00a0nous demeurons tr\u00e8s proches et notre objectif principal a \u00e9t\u00e9 nos enfants et de les prot\u00e9ger ainsi que la vie priv\u00e9e de la famille \u00bb, dans ce m\u00eame post.\u00a0<\/p>\n<p>Cette annonce sur son compte Instagram intervient apr\u00e8s la publication d\u2019une vid\u00e9o sur les r\u00e9seaux sociaux, mettant en sc\u00e8ne Didier Drogba avec une femme sur un lit. L\u2019ex-footballeur a pouss\u00e9 un cri \u00e0 la suite d\u2019une morsure de cette derni\u00e8re \u00e0 l\u2019\u00e9paule.<\/p>\n<p>Sur les r\u00e9seaux sociaux, une version de l\u2019entourage de Drogba explique qu\u2019il s\u2019agit d\u2019une \u00ab\u00a0s\u00e9quence\u00a0\u00bb extraite d\u2019une publicit\u00e9 qui devrait tr\u00e8s prochainement \u00eatre diffus\u00e9e dans le cadre de la lutte contre la pand\u00e9mie de Covid-19.\u00a0<\/p>\n<\/div>\n<p>Auteur: APA News<br \/>\n<a href=\"https:\/\/www.journalducameroun.com\/drogba-annonce-sa-difficile-separation-davec-lalla-diakite-son-epouse\/\">Cliquez ici pour lire l&rsquo;article depuis sa source.<\/a><\/p>\n","protected":false},"excerpt":{"rendered":"<p>Publi\u00e9 le 14.01.2021 \u00e0 00h18 par APA News L\u2019ex-international ivoirien de football, Didier Drogba, annonce sa \u00ab\u00a0difficile\u00a0\u00bb s\u00e9paration d\u2019avec Lalla Diakit\u00e9, son \u00e9pouse malienne, apr\u00e8s 20 ans de vie commune, sur son compte Instagram. \u00ab\u00a0Je n\u2019ai pas l\u2019habitude de discuter de ma vie priv\u00e9e, mais en raison de sp\u00e9culations dans les m\u00e9dias, aujourd\u2019hui, je vais [&hellip;]<\/p>\n","protected":false},"author":1965,"featured_media":0,"comment_status":"closed","ping_status":"closed","sticky":false,"template":"","format":"standard","meta":{"fifu_image_url":"","fifu_image_alt":"","footnotes":""},"categories":[73,82],"tags":[],"class_list":["post-109251","post","type-post","status-publish","format-standard","hentry","category-actualite","category-cameroun"],"_links":{"self":[{"href":"https:\/\/linitiative.ca\/International\/wp-json\/wp\/v2\/posts\/109251","targetHints":{"allow":["GET"]}}],"collection":[{"href":"https:\/\/linitiative.ca\/International\/wp-json\/wp\/v2\/posts"}],"about":[{"href":"https:\/\/linitiative.ca\/International\/wp-json\/wp\/v2\/types\/post"}],"author":[{"embeddable":true,"href":"https:\/\/linitiative.ca\/International\/wp-json\/wp\/v2\/users\/1965"}],"replies":[{"embeddable":true,"href":"https:\/\/linitiative.ca\/International\/wp-json\/wp\/v2\/comments?post=109251"}],"version-history":[{"count":0,"href":"https:\/\/linitiative.ca\/International\/wp-json\/wp\/v2\/posts\/109251\/revisions"}],"wp:attachment":[{"href":"https:\/\/linitiative.ca\/International\/wp-json\/wp\/v2\/media?parent=109251"}],"wp:term":[{"taxonomy":"category","embeddable":true,"href":"https:\/\/linitiative.ca\/International\/wp-json\/wp\/v2\/categories?post=109251"},{"taxonomy":"post_tag","embeddable":true,"href":"https:\/\/linitiative.ca\/International\/wp-json\/wp\/v2\/tags?post=109251"}],"curies":[{"name":"wp","href":"https:\/\/api.w.org\/{rel}","templated":true}]}}