{"id":109252,"date":"2021-01-13T18:04:27","date_gmt":"2021-01-13T23:04:27","guid":{"rendered":"https:\/\/linitiative.ca\/International\/trois-casques-bleus-ivoiriens-tues-par-des-terroristes-au-mali\/"},"modified":"2021-01-13T18:04:27","modified_gmt":"2021-01-13T23:04:27","slug":"trois-casques-bleus-ivoiriens-tues-par-des-terroristes-au-mali","status":"publish","type":"post","link":"https:\/\/linitiative.ca\/International\/trois-casques-bleus-ivoiriens-tues-par-des-terroristes-au-mali\/","title":{"rendered":"Trois casques bleus ivoiriens tu\u00e9s par des terroristes au Mali"},"content":{"rendered":"<div readability=\"32\">\n<p>Publi\u00e9 le 14.01.2021 \u00e0 00h18 par APA News<\/p>\n<\/div>\n<div readability=\"69\">\n<p>Trois casques bleus ivoiriens de la Mission multidimensionnelle int\u00e9gr\u00e9e des Nations-Unies pour la stabilisation au Mali (MINUSMA) ont \u00e9t\u00e9 tu\u00e9s et quatre autres ont \u00e9t\u00e9 bless\u00e9s lors d\u2019une attaque terroriste perp\u00e9tr\u00e9e mercredi aux environs de 12h30 ( heure locale et GMT) \u00e0 95 km environ au sud de Tombouctou (Mali), a annonc\u00e9 l\u2019Etat-major g\u00e9n\u00e9ral des forces arm\u00e9es de C\u00f4te d\u2019Ivoire ( FACI) dans un communiqu\u00e9.<\/p>\n<p>\u00ab \u00a0Pour l\u2019heure, le bilan fait \u00e9tat de trois (03) casques bleus ivoiriens tu\u00e9s et de quatre (04) autres bless\u00e9s\u00bb, rapporte la communiqu\u00e9 sign\u00e9 par le chef d\u2019Etat-major g\u00e9n\u00e9ral des arm\u00e9es, le g\u00e9n\u00e9ral de corps d\u2019arm\u00e9es Lassina Doumbia.<\/p>\n<p>Selon l\u2019Etat-major des FACI, cette attaque terroriste \u00a0a consist\u00e9 en l\u2019emploi d\u2019engin explosif improvis\u00e9 (EEI) par les terroristes au contact duquel un des v\u00e9hicules blind\u00e9s a explos\u00e9, et de tirs directs.\u00a0<\/p>\n<p>\u00ab Des renforts a\u00e9riens constitu\u00e9s d\u2019h\u00e9licopt\u00e8res d\u2019attaque et d\u2019a\u00e9ronefs m\u00e9dicalis\u00e9s ont \u00e9t\u00e9 imm\u00e9diatement d\u00e9ploy\u00e9s sur le terrain en vue de proc\u00e9der \u00e0 un ratissage de la zone d\u2019une part, et \u00e9vacuer les bless\u00e9s vers les structures m\u00e9dicales, d\u2019autre part \u00bb, a fait savoir le g\u00e9n\u00e9ral Doumbia assurant que l\u2019ennemi a \u00e9t\u00e9 repouss\u00e9.<\/p>\n<p>Dans un autre communiqu\u00e9 du minist\u00e8re ivoirien de la d\u00e9fense, le premier ministre, ministre de la d\u00e9fense Hamed Bakayoko s\u2019est inclin\u00e9 devant la m\u00e9moire de ces soldats ivoiriens tomb\u00e9s au champ d\u2019honneur et a r\u00e9affirm\u00e9 la d\u00e9termination du gouvernement ivoirien \u00e0 \u0153uvrer dans le cadre de la MINUSMA \u00e0 la restauration de la paix et de la stabilit\u00e9 au Mali.<\/p>\n<p>\u00a0Les soldats ivoiriens tu\u00e9s lors de cette attaque sont le sergent-chef Bakayoko Adama du 3\u00e8me bataillon d\u2019infanterie, le sergent Guiegui Armand du 1er bataillon d\u2019infanterie et le caporal Bamba Moustapha des forces sp\u00e9ciales.<\/p>\n<\/div>\n<p>Auteur: APA News<br \/>\n<a href=\"https:\/\/www.journalducameroun.com\/trois-casques-bleus-ivoiriens-tues-par-des-terroristes-au-mali\/\">Cliquez ici pour lire l&rsquo;article depuis sa source.<\/a><\/p>\n","protected":false},"excerpt":{"rendered":"<p>Publi\u00e9 le 14.01.2021 \u00e0 00h18 par APA News Trois casques bleus ivoiriens de la Mission multidimensionnelle int\u00e9gr\u00e9e des Nations-Unies pour la stabilisation au Mali (MINUSMA) ont \u00e9t\u00e9 tu\u00e9s et quatre autres ont \u00e9t\u00e9 bless\u00e9s lors d\u2019une attaque terroriste perp\u00e9tr\u00e9e mercredi aux environs de 12h30 ( heure locale et GMT) \u00e0 95 km environ au sud [&hellip;]<\/p>\n","protected":false},"author":1965,"featured_media":0,"comment_status":"closed","ping_status":"closed","sticky":false,"template":"","format":"standard","meta":{"fifu_image_url":"","fifu_image_alt":"","footnotes":""},"categories":[73,82],"tags":[],"class_list":["post-109252","post","type-post","status-publish","format-standard","hentry","category-actualite","category-cameroun"],"_links":{"self":[{"href":"https:\/\/linitiative.ca\/International\/wp-json\/wp\/v2\/posts\/109252","targetHints":{"allow":["GET"]}}],"collection":[{"href":"https:\/\/linitiative.ca\/International\/wp-json\/wp\/v2\/posts"}],"about":[{"href":"https:\/\/linitiative.ca\/International\/wp-json\/wp\/v2\/types\/post"}],"author":[{"embeddable":true,"href":"https:\/\/linitiative.ca\/International\/wp-json\/wp\/v2\/users\/1965"}],"replies":[{"embeddable":true,"href":"https:\/\/linitiative.ca\/International\/wp-json\/wp\/v2\/comments?post=109252"}],"version-history":[{"count":0,"href":"https:\/\/linitiative.ca\/International\/wp-json\/wp\/v2\/posts\/109252\/revisions"}],"wp:attachment":[{"href":"https:\/\/linitiative.ca\/International\/wp-json\/wp\/v2\/media?parent=109252"}],"wp:term":[{"taxonomy":"category","embeddable":true,"href":"https:\/\/linitiative.ca\/International\/wp-json\/wp\/v2\/categories?post=109252"},{"taxonomy":"post_tag","embeddable":true,"href":"https:\/\/linitiative.ca\/International\/wp-json\/wp\/v2\/tags?post=109252"}],"curies":[{"name":"wp","href":"https:\/\/api.w.org\/{rel}","templated":true}]}}