{"id":109253,"date":"2021-01-13T09:23:08","date_gmt":"2021-01-13T14:23:08","guid":{"rendered":"https:\/\/linitiative.ca\/International\/couverture-sante-universelle-pas-avant-juin-2021\/"},"modified":"2021-01-13T09:23:08","modified_gmt":"2021-01-13T14:23:08","slug":"couverture-sante-universelle-pas-avant-juin-2021","status":"publish","type":"post","link":"https:\/\/linitiative.ca\/International\/couverture-sante-universelle-pas-avant-juin-2021\/","title":{"rendered":"Couverture sant\u00e9 universelle : Pas avant juin 2021"},"content":{"rendered":"<p>C\u2019est une information qui peut doucher l\u2019enthousiasme de plus d\u2019un Camerounais\u00a0: le lancement de la couverture sant\u00e9 universelle (CSU), initialement annonc\u00e9 pour le premier trimestre 2021 \u00ab\u00a0pourra conna\u00eetre \u00a0\u00bb un petit retard\u00a0\u00bb, selon le ministre de la Sant\u00e9 publique, Malachie Manaouda. Ce lancement est maintenant projet\u00e9 vers la fin de premier semestre. \u00ab\u00a0J\u2019ai d\u2019abord parl\u00e9 du premier semestre 2021, nous aurions voulu qu\u2019on ait d\u00e9j\u00e0 institu\u00e9 la loi sur la couverture sant\u00e9 universelle. Ce projet de loi a \u00e9t\u00e9 \u00e9labor\u00e9 par le gouvernement, et nous pensons que lors des prochaines sessions parlementaires,\u00a0 le pr\u00e9sident de la R\u00e9publique pourra transmettre cela au parlement\u00a0\u00bb, explique-t-il. \u00a0<\/p>\n<p><strong>Lire aussi<\/strong> : <a href=\"https:\/\/ecomatin.net\/couverture-sante-universelle-lancement-de-la-premiere-phase-des-2021\/\">Couverture sant\u00e9 universelle\u00a0: lancement de la premi\u00e8re phase d\u00e8s 2021<\/a><\/p>\n<p>En r\u00e9alit\u00e9, pr\u00e9cise le ministre, \u00abnous n\u2019avons pas attendus l\u2019aboutissement de cette proc\u00e9dure pour avancer. Je venais de visiter les datas center qui sont un \u00e9l\u00e9ment essentiel dans la mise en place du dispositif. Que ce soit \u00e0 Yaound\u00e9 o\u00f9 \u00e0 Douala nous sommes d\u00e9j\u00e0 \u00e0 50% des travaux de construction, dans l\u2019espoir que d\u2019ici un ou deux mois que ces travaux soient nettement achev\u00e9s. Le mat\u00e9riel d\u2019enr\u00f4lement des datas center a \u00e9t\u00e9 command\u00e9 et devrait normalement arriver au Cameroun mi-janvier. Tout est presque pr\u00eat, nous attendons seulement l\u2019aboutissement de la loi\u00a0\u00bb, ajout\u00e9 Malachie Manaouda. \u00a0<\/p>\n<p>Notons qu\u2019un logiciel CSU est en cours de cr\u00e9ation. Il a \u00e9t\u00e9 pr\u00e9sent\u00e9 le 17 d\u00e9cembre 2020. Ce logiciel regroupe l\u2019ensemble des fonctionnalit\u00e9s qui pourront permettre la mise en \u0153uvre de la CSU. Il comporte 23 modules dont celui de \u00ab\u00a0l\u2019enr\u00f4lement\u00a0\u00bb qui permettrait l\u2019identification de tous les b\u00e9n\u00e9ficiaires de la CSU (base de donn\u00e9es). Il sera pr\u00e9sent\u00e9 au parlement lors de la session parlementaire de mars. \u00a0<\/p>\n<p><strong>Lire aussi<\/strong> : <a href=\"https:\/\/ecomatin.net\/protection-sociale-comment-couvrir-le-gap-financier-de-couverture-sante-universelle\/\">Protection sociale comment couvrir le gap financier de Couverture sant\u00e9 universelle<\/a><\/p>\n<p>Il a \u00e9t\u00e9 recommand\u00e9 \u00e0 Sucam, l\u2019entreprise en charge de l\u2019impl\u00e9mentation de la CSU\u00a0: l\u2019obligation d\u2019inscrire les groupes sanguins sur les cartes CSU, la n\u00e9cessit\u00e9 d\u2019y inscrire les cat\u00e9gories (refugi\u00e9s, indigents\u2026), l\u2019annulation des frais de d\u00e9livrance de la carte CSU, etc.<\/p>\n<p>Auteur: Philipe NSOA<br \/>\n<a href=\"https:\/\/ecomatin.net\/couverture-sante-universelle-pas-avant-juin-2021\/\">Cliquez ici pour lire l&rsquo;article depuis sa source.<\/a><\/p>\n","protected":false},"excerpt":{"rendered":"<p>C\u2019est une information qui peut doucher l\u2019enthousiasme de plus d\u2019un Camerounais\u00a0: le lancement de la couverture sant\u00e9 universelle (CSU), initialement annonc\u00e9 pour le premier trimestre 2021 \u00ab\u00a0pourra conna\u00eetre \u00a0\u00bb un petit retard\u00a0\u00bb, selon le ministre de la Sant\u00e9 publique, Malachie Manaouda. Ce lancement est maintenant projet\u00e9 vers la fin de premier semestre. \u00ab\u00a0J\u2019ai d\u2019abord parl\u00e9 [&hellip;]<\/p>\n","protected":false},"author":1969,"featured_media":0,"comment_status":"closed","ping_status":"closed","sticky":false,"template":"","format":"standard","meta":{"fifu_image_url":"","fifu_image_alt":"","footnotes":""},"categories":[82,78],"tags":[],"class_list":["post-109253","post","type-post","status-publish","format-standard","hentry","category-cameroun","category-economie"],"_links":{"self":[{"href":"https:\/\/linitiative.ca\/International\/wp-json\/wp\/v2\/posts\/109253","targetHints":{"allow":["GET"]}}],"collection":[{"href":"https:\/\/linitiative.ca\/International\/wp-json\/wp\/v2\/posts"}],"about":[{"href":"https:\/\/linitiative.ca\/International\/wp-json\/wp\/v2\/types\/post"}],"author":[{"embeddable":true,"href":"https:\/\/linitiative.ca\/International\/wp-json\/wp\/v2\/users\/1969"}],"replies":[{"embeddable":true,"href":"https:\/\/linitiative.ca\/International\/wp-json\/wp\/v2\/comments?post=109253"}],"version-history":[{"count":0,"href":"https:\/\/linitiative.ca\/International\/wp-json\/wp\/v2\/posts\/109253\/revisions"}],"wp:attachment":[{"href":"https:\/\/linitiative.ca\/International\/wp-json\/wp\/v2\/media?parent=109253"}],"wp:term":[{"taxonomy":"category","embeddable":true,"href":"https:\/\/linitiative.ca\/International\/wp-json\/wp\/v2\/categories?post=109253"},{"taxonomy":"post_tag","embeddable":true,"href":"https:\/\/linitiative.ca\/International\/wp-json\/wp\/v2\/tags?post=109253"}],"curies":[{"name":"wp","href":"https:\/\/api.w.org\/{rel}","templated":true}]}}