{"id":109258,"date":"2021-01-14T06:55:24","date_gmt":"2021-01-14T11:55:24","guid":{"rendered":"https:\/\/linitiative.ca\/International\/al-hoceima-les-etudes-techniques-pour-la-future-cite-universitaire-lancees\/"},"modified":"2021-01-14T06:55:24","modified_gmt":"2021-01-14T11:55:24","slug":"al-hoceima-les-etudes-techniques-pour-la-future-cite-universitaire-lancees","status":"publish","type":"post","link":"https:\/\/linitiative.ca\/International\/al-hoceima-les-etudes-techniques-pour-la-future-cite-universitaire-lancees\/","title":{"rendered":"Al Hoceima : Les \u00e9tudes techniques  pour la future cit\u00e9 universitaire lanc\u00e9es"},"content":{"rendered":"<header>\n<\/header>\n<div class=\"entry-content clearfix\" readability=\"67\"><img decoding=\"async\" class=\"post_layout_5_img\" src=\"http:\/\/aujourdhui.ma\/wp-content\/uploads\/2021\/01\/Les-etudes-techniques-pour-la-future-cite-universitaire-lancees.jpg\" alt=\"Al Hoceima : Les &#xE9;tudes techniques pour la future cit&#xE9; universitaire lanc&#xE9;es\"\/><\/p>\n<p><span class=\"c5\"><strong>Quelque 1.400 \u00e9tudiants seront h\u00e9berg\u00e9s<\/strong><\/span><span id=\"more-365500\"\/><\/p>\n<p>Al Hoceima sera dot\u00e9e de nouveaux \u00e9tablissements universitaires destin\u00e9s \u00e0 assurer la formation et l\u2019h\u00e9bergement des \u00e9tudiants de la r\u00e9gion. Parmi lesquels figure la construction d\u2019une cit\u00e9 universitaire, dont les \u00e9tudes techniques viennent d\u2019\u00eatre lanc\u00e9es. Ce projet sera r\u00e9alis\u00e9 plus pr\u00e9cis\u00e9ment dans la petite commune de Ait Kamra pour une enveloppe budg\u00e9taire globale de pr\u00e8s de 82 millions de dirhams. Il pr\u00e9voit de doter la r\u00e9gion d\u2019une capacit\u00e9 d\u2019accueil de 700 chambres. Il permet ainsi d\u2019h\u00e9berger quelque 1.400 \u00e9tudiants (soit deux par chambre). En plus de l\u2019h\u00e9bergement, la future cit\u00e9 universitaire sera destin\u00e9e \u00e0 accueillir un restaurant, une biblioth\u00e8que, une salle et des terrains de sport, des services administratifs et autres.<br \/>Notons que ce projet fait partie d\u2019un programme ambitieux d\u2019installation de nouvelles infrastructures visant \u00e0 d\u00e9velopper l\u2019offre de formation universitaire dans la province d\u2019Al Hoceima. Ce qui permet de faciliter la vie estudiantine des jeunes de cette province dont un grand nombre poursuivent leurs \u00e9tudes sup\u00e9rieures dans les diff\u00e9rents \u00e9tablissements et les facult\u00e9s de T\u00e9touan, Tanger et Larache, relevant en leur totalit\u00e9 de l\u2019Universit\u00e9 Abdelmalek Essa\u00e2di.<\/p>\n<p>En plus de ce projet de cit\u00e9 universitaire, Al Hoceima sera dot\u00e9e d\u2019une facult\u00e9 pluridisciplinaire et d\u2019une Ecole nationale de commerce et de gestion (ENCG). Quelque 200 millions de dirhams sont mobilis\u00e9s pour la construction des locaux de ces deux \u00e9tablissements sur une superficie totale de 50 hectares dans la commune de Ait Kamra. Ils vont permettre de r\u00e9pondre \u00e0 une forte demande des bacheliers de la province et des autres zones avoisinantes de la r\u00e9gion, tout en contribuant \u00e0 r\u00e9duire la pression sur les autres \u00e9tablissements relevant de l\u2019Universit\u00e9 Abdelmalek Essa\u00e2di. Sur la superficie totale de 50 hectares, quelque 15 hectares sont consacr\u00e9s \u00e0 la construction d\u2019une ENCG pouvant accueillir 2.700 \u00e9tudiants. Alors que la facult\u00e9 pluridisciplinaire sera r\u00e9alis\u00e9e sur un terrain de 25 hectares. Elle sera dot\u00e9e d\u2019une capacit\u00e9 d\u2019accueil de 4.000 places.<\/p>\n<p>Rappelons qu\u2019en plus de nouveaux \u00e9tablissements universitaires, Al Hoceima sera dot\u00e9e d\u2019autres projets culturels et sportifs visant \u00e0 mettre en avant les jeunes talents et r\u00e9pondre aux ambitions de la province, destin\u00e9e \u00e0 conna\u00eetre un grand \u00e9lan de d\u00e9veloppement \u00e0 tous les niveaux, et ce conform\u00e9ment au programme royal \u00abAl Hoceima, Manarat Al Moutawassit\u00bb. Il s\u2019agit, entre autres, des projets de conservatoire de musique, le Grand th\u00e9\u00e2tre, le grand stade, la piscine olympique et la salle couverte omnisports, qui seront tous fin pr\u00eats au cours de 2021.<\/p>\n<\/div>\n<p>Auteur: Najat Fa\u00efssal<br \/>\n<a href=\"https:\/\/aujourdhui.ma\/societe\/al-hoceima-les-etudes-techniques-pour-la-future-cite-universitaire-lancees\">Cliquez ici pour lire l&rsquo;article depuis sa source.<\/a><\/p>\n","protected":false},"excerpt":{"rendered":"<p>Quelque 1.400 \u00e9tudiants seront h\u00e9berg\u00e9s Al Hoceima sera dot\u00e9e de nouveaux \u00e9tablissements universitaires destin\u00e9s \u00e0 assurer la formation et l\u2019h\u00e9bergement des \u00e9tudiants de la r\u00e9gion. Parmi lesquels figure la construction d\u2019une cit\u00e9 universitaire, dont les \u00e9tudes techniques viennent d\u2019\u00eatre lanc\u00e9es. Ce projet sera r\u00e9alis\u00e9 plus pr\u00e9cis\u00e9ment dans la petite commune de Ait Kamra pour une [&hellip;]<\/p>\n","protected":false},"author":1759,"featured_media":0,"comment_status":"closed","ping_status":"closed","sticky":false,"template":"","format":"standard","meta":{"fifu_image_url":"http:\/\/aujourdhui.ma\/wp-content\/uploads\/2021\/01\/Les-etudes-techniques-pour-la-future-cite-universitaire-lancees.jpg","fifu_image_alt":"Al Hoceima : Les \u00e9tudes techniques  pour la future cit\u00e9 universitaire lanc\u00e9es","footnotes":""},"categories":[73,54],"tags":[],"class_list":["post-109258","post","type-post","status-publish","format-standard","hentry","category-actualite","category-maroc"],"_links":{"self":[{"href":"https:\/\/linitiative.ca\/International\/wp-json\/wp\/v2\/posts\/109258","targetHints":{"allow":["GET"]}}],"collection":[{"href":"https:\/\/linitiative.ca\/International\/wp-json\/wp\/v2\/posts"}],"about":[{"href":"https:\/\/linitiative.ca\/International\/wp-json\/wp\/v2\/types\/post"}],"author":[{"embeddable":true,"href":"https:\/\/linitiative.ca\/International\/wp-json\/wp\/v2\/users\/1759"}],"replies":[{"embeddable":true,"href":"https:\/\/linitiative.ca\/International\/wp-json\/wp\/v2\/comments?post=109258"}],"version-history":[{"count":0,"href":"https:\/\/linitiative.ca\/International\/wp-json\/wp\/v2\/posts\/109258\/revisions"}],"wp:attachment":[{"href":"https:\/\/linitiative.ca\/International\/wp-json\/wp\/v2\/media?parent=109258"}],"wp:term":[{"taxonomy":"category","embeddable":true,"href":"https:\/\/linitiative.ca\/International\/wp-json\/wp\/v2\/categories?post=109258"},{"taxonomy":"post_tag","embeddable":true,"href":"https:\/\/linitiative.ca\/International\/wp-json\/wp\/v2\/tags?post=109258"}],"curies":[{"name":"wp","href":"https:\/\/api.w.org\/{rel}","templated":true}]}}