{"id":109259,"date":"2021-01-14T07:47:27","date_gmt":"2021-01-14T12:47:27","guid":{"rendered":"https:\/\/linitiative.ca\/International\/apres-lepreuve-de-la-covid-19-en-afrique-le-retour-a-la-normale-doit-se-preparer-avec-une-economie-plus-resiliente\/"},"modified":"2021-01-14T07:47:27","modified_gmt":"2021-01-14T12:47:27","slug":"apres-lepreuve-de-la-covid-19-en-afrique-le-retour-a-la-normale-doit-se-preparer-avec-une-economie-plus-resiliente","status":"publish","type":"post","link":"https:\/\/linitiative.ca\/International\/apres-lepreuve-de-la-covid-19-en-afrique-le-retour-a-la-normale-doit-se-preparer-avec-une-economie-plus-resiliente\/","title":{"rendered":"Apr\u00e8s l\u2019\u00e9preuve de la Covid-19 en Afrique : Le \u00abretour \u00e0 la normale\u00bb doit se pr\u00e9parer avec une \u00e9conomie plus r\u00e9siliente"},"content":{"rendered":"<p><img decoding=\"async\" class=\"post_layout_5_img\" src=\"http:\/\/aujourdhui.ma\/wp-content\/uploads\/2021\/01\/Economie-afrique-covid-19.jpg\" alt=\"Apr&#xE8;s l&#x2019;&#xE9;preuve de la Covid-19 en Afrique : Le &#xAB;retour &#xE0; la normale&#xBB; doit se pr&#xE9;parer avec une &#xE9;conomie plus r&#xE9;siliente\"\/><\/p>\n<p><span class=\"c5\"><strong>Le continent africain vit des changements majeurs sur le plan \u00e9conomique \u00e0 l\u2019\u00e8re de la Covid-19. C\u2019est aussi un continent qui conna\u00eet des r\u00e9alit\u00e9s plurielles mais il est anim\u00e9 par un avenir et des int\u00e9r\u00eats communs pour l\u2019ensemble des pays qui le composent.<\/strong><\/span><\/p>\n<p><span id=\"more-365517\"\/><br \/>Au d\u00e9but de la pand\u00e9mie, les pr\u00e9dictions les plus fatales ont \u00e9t\u00e9 faites sur l\u2019Afrique. Et jusque-l\u00e0, l\u2019exp\u00e9rience a d\u00e9montr\u00e9 que le continent a mieux r\u00e9agi \u00e0 la progression du virus. N\u00e9anmoins, la Covid-19 met \u00e0 rude \u00e9preuve tous les aspects de d\u00e9veloppement des pays africains. Dans ce contexte in\u00e9dit, Policy Center for the New South a \u00e9labor\u00e9 son deuxi\u00e8me rapport annuel sur l\u2019\u00e9conomie africaine 2020 qu\u2019il a pr\u00e9sent\u00e9 lors des mardis du think tank le 12 janvier 2021.<\/p>\n<p>Cette \u00e9tude part d\u2019une lecture scientifique et globale des mutations \u00e9conomiques que conna\u00eet l\u2019Afrique tout en mettant en lumi\u00e8re les secteurs cl\u00e9s pour le continent durant cette p\u00e9riode. Elle se focalise sur quatre axes fondamentaux : \u00abL\u2019Afrique, \u00e9tat des lieux de la croissance\u00bb, \u00abLa dynamique des communaut\u00e9s \u00e9conomiques r\u00e9gionales\u00bb, \u00abEtat des lieux de l\u2019int\u00e9gration continentale en Afrique\u00bb et \u00abLe monde d\u2019apr\u00e8s la Covid-19\u00bb. \u00abLa Covid-19 a boulevers\u00e9 les pr\u00e9visions \u00e9conomiques, chamboul\u00e9 les politiques \u00e9conomiques, remis en cause les plans et programmes laborieusement \u00e9labor\u00e9s dans les enceintes d\u00e9cisionnelles des Etats africains et des organisations continentales\u00bb, rel\u00e8ve Karim El Aynaoui, pr\u00e9sident du Policy Center for the New South, et Larabi Jaidi, Senior Fellow au sein de PCNS, dans la pr\u00e9face de cet ouvrage. Pr\u00e8s d\u2019une trentaine de chercheurs ont apport\u00e9 leur contribution pour la r\u00e9alisation de ce document.<\/p>\n<p><a href=\"https:http:\/\/aujourdhui.ma\/wp-content\/uploads\/2021\/01\/Economie-re\u0301gions-africaines-2020-covid-19.jpg\"><img decoding=\"async\" loading=\"lazy\" class=\"size-full wp-image-365521 aligncenter\" src=\"http:\/\/aujourdhui.ma\/wp-content\/uploads\/2021\/01\/Economie-re\u0301gions-africaines-2020-covid-19.jpg\" alt=\"\" width=\"581\" height=\"784\" srcset=\"\/\/aujourdhui.ma\/wp-content\/uploads\/2021\/01\/Economie-re&#x301;gions-africaines-2020-covid-19.jpg 581w, \/\/aujourdhui.ma\/wp-content\/uploads\/2021\/01\/Economie-re&#x301;gions-africaines-2020-covid-19-222x300.jpg 222w\" sizes=\"auto, (max-width: 581px) 100vw, 581px\"\/><\/a><\/p>\n<p>Les pays africains sont confront\u00e9s \u00e0 des d\u00e9fis importants \u00e0 commencer par les baisses de leur PIB par t\u00eate et \u00e0 une aggravation des vuln\u00e9rabilit\u00e9s sociales. Pour les auteurs de ce rapport, le \u00abretour \u00e0 la normale\u00bb sera probablement progressif et l\u2019hypoth\u00e8se d\u2019une reprise d\u2019ici \u00e0 2023 suppose une croissance vigoureuse dans les deux ann\u00e9es \u00e0 venir. De m\u00eame, ces pays ont des challenges \u00e0 surmonter ensemble et des int\u00e9r\u00eats convergents. Dans le m\u00eame sens, la sortie de la pand\u00e9mie et la construction d\u2019une immunit\u00e9 sanitaire et d\u2019une r\u00e9silience \u00e9conomique et sociale contre de nouvelles vagues de la Covid-19 ou d\u2019autres risques pand\u00e9miques imposent de revoir les mod\u00e8les de d\u00e9veloppement en cours dans le continent. \u00abL\u2019Afrique doit aspirer \u00e0 \u00eatre \u00e0 la fois un continent o\u00f9 se mettent en place des mod\u00e8les de d\u00e9veloppement durables et r\u00e9silients et s\u2019\u00e9labore une convergence des int\u00e9r\u00eats strat\u00e9giques des pays qui le composent\u00bb, explique Larabi Jaidi.<\/p>\n<p>L\u2019objectif \u00e9tant d\u2019assurer la s\u00e9curit\u00e9 humaine des populations, renforcer la solidarit\u00e9 des pays du continent au service d\u2019une Afrique forte et autonome dans un syst\u00e8me de l\u2019\u00e9conomie mondiale plus \u00e9quilibr\u00e9, indique la m\u00eame source ajoutant que s\u2019il y a une le\u00e7on \u00e0 tirer de la pand\u00e9mie c\u2019est celle de \u00abl\u2019interd\u00e9pendance des nations\u00bb. \u00abLa reconstitution des cha\u00eenes de valeur mondiales et r\u00e9gionales se d\u00e9ploie et se restructure comme autant de vecteurs de cette interd\u00e9pendance qui demeure une r\u00e9alit\u00e9 incontournable\u00bb, peut-on lire dans ce document.<\/p>\n<div class=\"base-box mom_box_sc_custom mom_box_sc clear c7\" readability=\"17\">\n<p><span class=\"c6\"><strong>Focus sur l\u2019avenir<\/strong><\/span><\/p>\n<p>L\u2019hypoth\u00e8se d\u2019un retour \u00e0 la normale d\u2019ici \u00e0 2023 suppose \u00abune croissance extr\u00eamement vigoureuse qui d\u00e9pend, quant \u00e0 elle, de l\u2019\u00e9volution de l\u2019environnement international\u00bb, rel\u00e8ve le rapport. Actuellement plusieurs r\u00e9flexions sont men\u00e9es dans le sens de r\u00e9visions des strat\u00e9gies et politiques de d\u00e9veloppement \u00e0 l\u2019heure de la Covid-19. \u00abC\u2019est dans la refonte de leurs mod\u00e8les de d\u00e9veloppement et l\u2019acc\u00e9l\u00e9ration de l\u2019int\u00e9gration continentale que les pays africains peuvent trouver les r\u00e9ponses \u00e0 une sortie de crise p\u00e9renne\u00bb, indique ladite \u00e9tude. Le continent devra agir \u00e9galement dans le sens de renforcer la dimension strat\u00e9gique de sa s\u00e9curit\u00e9 sanitaire, d\u2019assurer sa souverainet\u00e9 alimentaire et acc\u00e9l\u00e9rer les transitions \u00e9cologiques et \u00e9nerg\u00e9tiques. Parall\u00e8lement, le continent doit saisir l\u2019opportunit\u00e9 offerte par la transformation num\u00e9rique et l\u2019innovation tout en valorisant son capital humain. Enfin, on notera que la mise en \u0153uvre de la Zone de libre-\u00e9change continentale africaine (ZLECAF) ouvre des perspectives prometteuses pour le renforcement des r\u00e9seaux de production et d\u2019\u00e9changes \u00e0 m\u00eame de r\u00e9duire la vuln\u00e9rabilit\u00e9 du continent face aux chocs ext\u00e9rieurs.<\/p>\n<\/div>\n<p>Auteur: Ouchagour Leila<br \/>\n<a href=\"https:\/\/aujourdhui.ma\/economie\/apres-lepreuve-de-la-covid-19-en-afrique-le-retour-a-la-normale-doit-se-preparer-avec-une-economie-plus-resiliente\">Cliquez ici pour lire l&rsquo;article depuis sa source.<\/a><\/p>\n","protected":false},"excerpt":{"rendered":"<p>Le continent africain vit des changements majeurs sur le plan \u00e9conomique \u00e0 l\u2019\u00e8re de la Covid-19. C\u2019est aussi un continent qui conna\u00eet des r\u00e9alit\u00e9s plurielles mais il est anim\u00e9 par un avenir et des int\u00e9r\u00eats communs pour l\u2019ensemble des pays qui le composent. Au d\u00e9but de la pand\u00e9mie, les pr\u00e9dictions les plus fatales ont \u00e9t\u00e9 [&hellip;]<\/p>\n","protected":false},"author":1759,"featured_media":0,"comment_status":"closed","ping_status":"closed","sticky":false,"template":"","format":"standard","meta":{"fifu_image_url":"http:\/\/aujourdhui.ma\/wp-content\/uploads\/2021\/01\/Economie-afrique-covid-19.jpg","fifu_image_alt":"Apr\u00e8s l\u2019\u00e9preuve de la Covid-19 en Afrique : Le \u00abretour \u00e0 la normale\u00bb doit se pr\u00e9parer avec une \u00e9conomie plus r\u00e9siliente","footnotes":""},"categories":[73,54],"tags":[],"class_list":["post-109259","post","type-post","status-publish","format-standard","hentry","category-actualite","category-maroc"],"_links":{"self":[{"href":"https:\/\/linitiative.ca\/International\/wp-json\/wp\/v2\/posts\/109259","targetHints":{"allow":["GET"]}}],"collection":[{"href":"https:\/\/linitiative.ca\/International\/wp-json\/wp\/v2\/posts"}],"about":[{"href":"https:\/\/linitiative.ca\/International\/wp-json\/wp\/v2\/types\/post"}],"author":[{"embeddable":true,"href":"https:\/\/linitiative.ca\/International\/wp-json\/wp\/v2\/users\/1759"}],"replies":[{"embeddable":true,"href":"https:\/\/linitiative.ca\/International\/wp-json\/wp\/v2\/comments?post=109259"}],"version-history":[{"count":0,"href":"https:\/\/linitiative.ca\/International\/wp-json\/wp\/v2\/posts\/109259\/revisions"}],"wp:attachment":[{"href":"https:\/\/linitiative.ca\/International\/wp-json\/wp\/v2\/media?parent=109259"}],"wp:term":[{"taxonomy":"category","embeddable":true,"href":"https:\/\/linitiative.ca\/International\/wp-json\/wp\/v2\/categories?post=109259"},{"taxonomy":"post_tag","embeddable":true,"href":"https:\/\/linitiative.ca\/International\/wp-json\/wp\/v2\/tags?post=109259"}],"curies":[{"name":"wp","href":"https:\/\/api.w.org\/{rel}","templated":true}]}}