{"id":109260,"date":"2021-01-14T09:47:30","date_gmt":"2021-01-14T14:47:30","guid":{"rendered":"https:\/\/linitiative.ca\/International\/urbanisme-collaboratif-un-cycle-de-rencontres-pour-discuter-de-la-resilience-de-casablanca\/"},"modified":"2021-01-14T09:47:30","modified_gmt":"2021-01-14T14:47:30","slug":"urbanisme-collaboratif-un-cycle-de-rencontres-pour-discuter-de-la-resilience-de-casablanca","status":"publish","type":"post","link":"https:\/\/linitiative.ca\/International\/urbanisme-collaboratif-un-cycle-de-rencontres-pour-discuter-de-la-resilience-de-casablanca\/","title":{"rendered":"Urbanisme collaboratif : Un cycle de rencontres pour discuter de la r\u00e9silience de Casablanca"},"content":{"rendered":"<p><img decoding=\"async\" class=\"post_layout_5_img\" src=\"http:\/\/aujourdhui.ma\/wp-content\/uploads\/2021\/01\/AMCDD.jpg\" alt=\"Urbanisme collaboratif : Un cycle de rencontres pour discuter de la r&#xE9;silience de Casablanca\"\/><\/p>\n<p><span class=\"c6\"><strong><span class=\"c5\">L\u2019Alliance marocaine pour le climat et le d\u00e9veloppement durable (AMCDD) d\u00e9die un cycle de rencontres \u00e0 l\u2019urbanisme collaboratif.<\/span><\/strong><\/span><span id=\"more-365519\"\/><\/p>\n<p>L\u2019Organisme pr\u00e9voit dans ce sens 5 visioconf\u00e9rences pour traiter de 5 domaines vitaux. L\u2019initiative sera enclench\u00e9e chaque jeudi et ce \u00e0 partir du 14 janvier au 11 f\u00e9vrier. Le but \u00e9tant de permettre aux Casablancais de d\u00e9couvrir, d\u2019analyser et d\u2019\u00e9laborer des recommandations et d\u2019interagir avec les acteurs scientifiques, associatifs, territoriaux, architectes-paysagistes et des chercheurs participants au projet.<\/p>\n<p>\u00abL\u2019urbanisme r\u00e9alis\u00e9 dans un cadre de d\u00e9mocratie participative, conform\u00e9ment aux principes mondiaux des villes durables, constitue l\u2019un des leviers d\u2019am\u00e9lioration de l\u2019attractivit\u00e9 et de l\u2019efficience \u00e9conomique, sociale, environnementale et culturelle des espaces urbains. Il devrait assurer l\u2019harmonie spatiale et la coh\u00e9sion sociale et d\u00e9velopper les capacit\u00e9s \u00e0 cr\u00e9er de la richesse et de l\u2019emploi au niveau des territoires\u00bb, indique dans ce sens l\u2019alliance qui met en \u0153uvre le projet \u00abUrbanisme collaboratif pour un am\u00e9nagement durable de la ville de Casablanca\u00bb. Un dispositif financ\u00e9 par l\u2019Union europ\u00e9enne dans le cadre du programme Moucharaka Mouwatina.<\/p>\n<p>Se r\u00e9f\u00e9rant \u00e0 l\u2019AMCDD, ce projet, premier du genre, a permis aux acteurs scientifiques, associatifs, architectes et chercheurs s\u00e9lectionn\u00e9s de participer durant l\u2019ann\u00e9e derni\u00e8re \u00e0 une s\u00e9rie de formations et ateliers interactifs. Ils ont pu en parall\u00e8le faire une lecture des points forts et des faiblesses de l\u2019urbanisme non collaboratif au niveau de Casablanca et ses cons\u00e9quences sur 5 domaines vitaux, et ce avec une construction participative de nouvelles propositions et mesures pratiques. Les secteurs concern\u00e9s sont en l\u2019occurrence l\u2019\u00e9conomie, la mobilit\u00e9, le paysage urbain et l\u2019environnement, la d\u00e9mocratie participative et la participation citoyenne. Ainsi, les 5 visioconf\u00e9rences pr\u00e9vues seront une occasion de partager avec les citoyens les r\u00e9sultats de r\u00e9flexion, d\u2019analyse et des propositions des acteurs dans les 5 domaines pr\u00e9cit\u00e9s.<\/p>\n<p>Les rencontres \u00e0 distance seront par ailleurs suivies d\u2019une table ronde en pr\u00e9sentiel qui sera organis\u00e9e avec les responsables de l\u2019urbanisme et les \u00e9lus de la ville le jeudi 18 f\u00e9vrier 2021. Une rencontre \u00e9largie avec les repr\u00e9sentants des partis politiques sera \u00e9galement organis\u00e9e le 25 f\u00e9vrier. De m\u00eame, une conf\u00e9rence de presse cl\u00f4turera le cycle le 12 mars prochain.<\/p>\n<p>Auteur: ALM<br \/>\n<a href=\"https:\/\/aujourdhui.ma\/economie\/urbanisme-collaboratif-un-cycle-de-rencontres-pour-discuter-de-la-resilience-de-casablanca\">Cliquez ici pour lire l&rsquo;article depuis sa source.<\/a><\/p>\n","protected":false},"excerpt":{"rendered":"<p>L\u2019Alliance marocaine pour le climat et le d\u00e9veloppement durable (AMCDD) d\u00e9die un cycle de rencontres \u00e0 l\u2019urbanisme collaboratif. L\u2019Organisme pr\u00e9voit dans ce sens 5 visioconf\u00e9rences pour traiter de 5 domaines vitaux. L\u2019initiative sera enclench\u00e9e chaque jeudi et ce \u00e0 partir du 14 janvier au 11 f\u00e9vrier. Le but \u00e9tant de permettre aux Casablancais de d\u00e9couvrir, [&hellip;]<\/p>\n","protected":false},"author":1759,"featured_media":0,"comment_status":"closed","ping_status":"closed","sticky":false,"template":"","format":"standard","meta":{"fifu_image_url":"http:\/\/aujourdhui.ma\/wp-content\/uploads\/2021\/01\/AMCDD.jpg","fifu_image_alt":"Urbanisme collaboratif : Un cycle de rencontres pour discuter de la r\u00e9silience de Casablanca","footnotes":""},"categories":[73,54],"tags":[],"class_list":["post-109260","post","type-post","status-publish","format-standard","hentry","category-actualite","category-maroc"],"_links":{"self":[{"href":"https:\/\/linitiative.ca\/International\/wp-json\/wp\/v2\/posts\/109260","targetHints":{"allow":["GET"]}}],"collection":[{"href":"https:\/\/linitiative.ca\/International\/wp-json\/wp\/v2\/posts"}],"about":[{"href":"https:\/\/linitiative.ca\/International\/wp-json\/wp\/v2\/types\/post"}],"author":[{"embeddable":true,"href":"https:\/\/linitiative.ca\/International\/wp-json\/wp\/v2\/users\/1759"}],"replies":[{"embeddable":true,"href":"https:\/\/linitiative.ca\/International\/wp-json\/wp\/v2\/comments?post=109260"}],"version-history":[{"count":0,"href":"https:\/\/linitiative.ca\/International\/wp-json\/wp\/v2\/posts\/109260\/revisions"}],"wp:attachment":[{"href":"https:\/\/linitiative.ca\/International\/wp-json\/wp\/v2\/media?parent=109260"}],"wp:term":[{"taxonomy":"category","embeddable":true,"href":"https:\/\/linitiative.ca\/International\/wp-json\/wp\/v2\/categories?post=109260"},{"taxonomy":"post_tag","embeddable":true,"href":"https:\/\/linitiative.ca\/International\/wp-json\/wp\/v2\/tags?post=109260"}],"curies":[{"name":"wp","href":"https:\/\/api.w.org\/{rel}","templated":true}]}}