{"id":109261,"date":"2021-01-14T10:32:27","date_gmt":"2021-01-14T15:32:27","guid":{"rendered":"https:\/\/linitiative.ca\/International\/un-appel-a-projets-vient-detre-lance-lifm-soutient-les-associations-culturelles\/"},"modified":"2021-01-14T10:32:27","modified_gmt":"2021-01-14T15:32:27","slug":"un-appel-a-projets-vient-detre-lance-lifm-soutient-les-associations-culturelles","status":"publish","type":"post","link":"https:\/\/linitiative.ca\/International\/un-appel-a-projets-vient-detre-lance-lifm-soutient-les-associations-culturelles\/","title":{"rendered":"Un appel \u00e0 projets vient d\u2019\u00eatre lanc\u00e9  : L\u2019IFM soutient les associations culturelles"},"content":{"rendered":"<header>\n<\/header>\n<div class=\"entry-content clearfix\" readability=\"65\"><img decoding=\"async\" class=\"post_layout_5_img\" src=\"http:\/\/aujourdhui.ma\/wp-content\/uploads\/2021\/01\/Foto-Toni-Garcia-Camps.jpg\" alt=\"Un appel &#xE0; projets vient d&#x2019;&#xEA;tre lanc&#xE9; : L&#x2019;IFM soutient les associations culturelles\"\/><\/p>\n<p><span class=\"c5\"><strong>Apr\u00e8s le lancement de son Fonds de soutien d\u00e9di\u00e9 \u00e0 la production de spectacles vivants et son programme d\u2019aide \u00e0 la production, l\u2019Institut Fran\u00e7ais du Maroc (IFM) apporte cette fois-ci son appui aux professionnels culturels.<\/strong><\/span><span id=\"more-365561\"\/><\/p>\n<p>Il vient de lancer un appel \u00e0 projets, ouvert jusqu\u2019au 14 f\u00e9vrier 2021, dans le cadre de son programme de subventions destin\u00e9 aux associations culturelles marocaines. \u00abLe soutien s\u2019inscrit dans une d\u00e9marche de cofinancement. Il s\u2019agit d\u2019un programme structurant, dont l\u2019objectif est d\u2019agir comme levier aupr\u00e8s des structures associatives culturelles marocaines\u00bb, explique l\u2019IFM sur son site web \u00e0 propos de ce programme. Selon la m\u00eame source, toutes les associations de droit marocain op\u00e9rant dans les secteurs de la culture et des arts, sont \u00e9ligibles \u00e0 l\u2019appel \u00e0 candidature. Seront ainsi valoris\u00e9s les projets inclusifs qui consid\u00e8rent les communaut\u00e9s et environnements locaux. Une attention particuli\u00e8re sera port\u00e9e aux projets participatifs, tourn\u00e9s vers les citoyennes de leurs r\u00e9gions. De m\u00eame, sont sollicit\u00e9s les projets p\u00e9dagogiques qui proposent des temps d\u2019\u00e9changes, initient un dialogue ou pr\u00e9voient des ateliers publics. \u00abIl s\u2019agit des projets imagin\u00e9s en collaboration avec des \u00e9coles, des collectifs ou associations de soutien aux minorit\u00e9s et agissant contre l\u2019exclusion sociale, \u00e9conomique ou de genre\u00bb, explique la m\u00eame source. Enfin, les projets collaboratifs seront \u00e9galement appr\u00e9ci\u00e9s. \u00abIl s\u2019agit des projets soucieux d\u2019apporter une exigence artistique\u00bb.<\/p>\n<p>Le soutien de l\u2019IFM inclura en effet l\u2019achat de prestation (cachets d\u2019artistes, technique\u2026), voyages et accueil d\u2019artistes et\/ou d\u2019intervenants pour la formation, fonctionnement de la structure (dans la limite de 10% du montant de la subvention sollicit\u00e9e), frais de communication (dans la limite de 50% du budget total de communication de l\u2019\u00e9v\u00e9nement), et location de mat\u00e9riel. Par ailleurs, l\u2019Institut Fran\u00e7ais du Maroc fait savoir que l\u2019appel \u00e0 projets sera ouvert jusqu\u2019au 14 f\u00e9vrier 2021, en pr\u00e9cisant qu\u2019une commission de s\u00e9lection des dossiers se r\u00e9unira au mois de f\u00e9vrier 2021. Les r\u00e9sultats seront publi\u00e9s sur le site internet \u00e0 l\u2019issue de la commission et seuls les projets laur\u00e9ats seront contact\u00e9s.<\/p>\n<\/div>\n<p>Auteur: Siham Jadraoui<br \/>\n<a href=\"https:\/\/aujourdhui.ma\/culture\/un-appel-a-projets-vient-detre-lance-lifm-soutient-les-associations-culturelles\">Cliquez ici pour lire l&rsquo;article depuis sa source.<\/a><\/p>\n","protected":false},"excerpt":{"rendered":"<p>Apr\u00e8s le lancement de son Fonds de soutien d\u00e9di\u00e9 \u00e0 la production de spectacles vivants et son programme d\u2019aide \u00e0 la production, l\u2019Institut Fran\u00e7ais du Maroc (IFM) apporte cette fois-ci son appui aux professionnels culturels. Il vient de lancer un appel \u00e0 projets, ouvert jusqu\u2019au 14 f\u00e9vrier 2021, dans le cadre de son programme de [&hellip;]<\/p>\n","protected":false},"author":1759,"featured_media":0,"comment_status":"closed","ping_status":"closed","sticky":false,"template":"","format":"standard","meta":{"fifu_image_url":"http:\/\/aujourdhui.ma\/wp-content\/uploads\/2021\/01\/Foto-Toni-Garcia-Camps.jpg","fifu_image_alt":"Un appel \u00e0 projets vient d\u2019\u00eatre lanc\u00e9  : L\u2019IFM soutient les associations culturelles","footnotes":""},"categories":[73,54],"tags":[],"class_list":["post-109261","post","type-post","status-publish","format-standard","hentry","category-actualite","category-maroc"],"_links":{"self":[{"href":"https:\/\/linitiative.ca\/International\/wp-json\/wp\/v2\/posts\/109261","targetHints":{"allow":["GET"]}}],"collection":[{"href":"https:\/\/linitiative.ca\/International\/wp-json\/wp\/v2\/posts"}],"about":[{"href":"https:\/\/linitiative.ca\/International\/wp-json\/wp\/v2\/types\/post"}],"author":[{"embeddable":true,"href":"https:\/\/linitiative.ca\/International\/wp-json\/wp\/v2\/users\/1759"}],"replies":[{"embeddable":true,"href":"https:\/\/linitiative.ca\/International\/wp-json\/wp\/v2\/comments?post=109261"}],"version-history":[{"count":0,"href":"https:\/\/linitiative.ca\/International\/wp-json\/wp\/v2\/posts\/109261\/revisions"}],"wp:attachment":[{"href":"https:\/\/linitiative.ca\/International\/wp-json\/wp\/v2\/media?parent=109261"}],"wp:term":[{"taxonomy":"category","embeddable":true,"href":"https:\/\/linitiative.ca\/International\/wp-json\/wp\/v2\/categories?post=109261"},{"taxonomy":"post_tag","embeddable":true,"href":"https:\/\/linitiative.ca\/International\/wp-json\/wp\/v2\/tags?post=109261"}],"curies":[{"name":"wp","href":"https:\/\/api.w.org\/{rel}","templated":true}]}}