{"id":109262,"date":"2021-01-14T11:10:55","date_gmt":"2021-01-14T16:10:55","guid":{"rendered":"https:\/\/linitiative.ca\/International\/la-galerie-banque-populaire-accueille-la-nouvelle-exposition-kan-ya-makan\/"},"modified":"2021-01-14T11:10:55","modified_gmt":"2021-01-14T16:10:55","slug":"la-galerie-banque-populaire-accueille-la-nouvelle-exposition-kan-ya-makan","status":"publish","type":"post","link":"https:\/\/linitiative.ca\/International\/la-galerie-banque-populaire-accueille-la-nouvelle-exposition-kan-ya-makan\/","title":{"rendered":"La Galerie Banque Populaire accueille la nouvelle exposition \u00abKan Ya Makan\u00bb"},"content":{"rendered":"<p><img decoding=\"async\" class=\"post_layout_5_img\" src=\"http:\/\/aujourdhui.ma\/wp-content\/uploads\/2021\/01\/Capture-decran-2021-01-13-a-13.12.jpg\" alt=\"La Galerie Banque Populaire accueille la nouvelle exposition &#xAB;Kan Ya Makan&#xBB;\"\/><\/p>\n<p><span class=\"c5\"><strong>A travers cette initiative, la Banque confirme son soutien continu aux artisans<\/strong><\/span><span id=\"more-365536\"\/><\/p>\n<p>La Galerie Banque Populaire accueille la 2\u00e8me \u00e9dition de l\u2019exposition \u00abDesign et Artisanat\u00bb, intitul\u00e9e \u00abKan Ya Makan\u00bb, m\u00ealant une nouvelle fois deux univers de l\u2019expression artistique, \u00e0 savoir l\u2019artisanat marocain et le design.<br \/>Pour cette seconde \u00e9dition, \u00abla Galerie Banque Populaire m\u00eale une nouvelle fois deux univers de l\u2019expression artistique : l\u2019artisanat marocain, dont la richesse cr\u00e9ative fait l\u2019admiration des connaisseurs partout dans le monde, et le design qui vient enrichir un savoir-faire ancestral savamment perp\u00e9tu\u00e9 par des artisans virtuoses\u00bb, indiquent les organisateurs dans un communiqu\u00e9. La nouvelle exposition, intitul\u00e9e \u00abKan Ya Makan\u00bb, propose ainsi une immersion magique dans un univers artisanal revisit\u00e9 par l\u2019artiste designer marocaine du monde Leila Billon, qui a \u0153uvr\u00e9 aux c\u00f4t\u00e9s de plusieurs artisans des coop\u00e9ratives de la r\u00e9gion de Khemisset, pour apporter au grand public et aux amateurs d\u2019art des cr\u00e9ations de toute beaut\u00e9, conjuguant authenticit\u00e9 et modernit\u00e9, rel\u00e8ve la m\u00eame source. A travers ce titre \u00e9vocateur d\u2019\u00e9merveillement, Leila Billon invite les visiteurs \u00e0 plonger dans un monde f\u00e9erique aux inspirations orientales, \u00e0 la fronti\u00e8re du conte et du r\u00e9el, m\u00ealant artisanat traditionnel et design contemporain. \u00abJ\u2019ai voulu partir sur l\u2019id\u00e9e d\u2019un conte imaginaire, un peu entre Orient et Occident mais prenant place dans un riad magique itin\u00e9rant apparaissant aux voyageurs perdus, dans lequel serait pr\u00e9sent\u00e9e une synth\u00e8se ou une partie des r\u00e9f\u00e9rences du patrimoine marocain qui ont \u00abhabit\u00e9\u00bb mon enfance\u2026 (Hayt\u00e9, bougeoirs en bois, tissus et tableaux peints au henn\u00e9\u2026).<\/p>\n<p>Les \u00e9l\u00e9ments du patrimoine marocain qui me sont chers, qui font partie de mon univers cr\u00e9atif, enrichi de souvenirs d\u2019enfance, d\u2019histoires\u2026 Cette exposition est en quelque sorte un hommage \u00e0 une transmission de la passion marocaine que j\u2019ai re\u00e7ue de ma m\u00e8re\u2026\u00bb, r\u00e9sume ainsi l\u2019artiste. Depuis sa cr\u00e9ation, la Galerie Banque Populaire s\u2019est donn\u00e9 pour mission d\u2019accompagner et de soutenir la dynamique culturelle et artistique locale, en accueillant des expositions d\u2019artistes et d\u2019artisans confirm\u00e9s ou en devenir, originaires de la r\u00e9gion de Rabat-K\u00e9nitra.<br \/>Pour sa part, Bouchra Berrada, pr\u00e9sidente du directoire de la Banque Populaire de Rabat-K\u00e9nitra, a fait savoir que \u00abla Galerie Banque Populaire a choisi d\u2019exposer le r\u00e9sultat d\u2019un mariage heureux entre la designer Leila Billon et les artisans marocains de plusieurs r\u00e9gions. La rencontre entre ces savoir-faire a donn\u00e9 naissance \u00e0 une production artisanale riche, diversifi\u00e9e et de qualit\u00e9, pouvant r\u00e9pondre aux attentes des consommateurs tant au Maroc qu\u2019\u00e0 l\u2019international\u00bb.<\/p>\n<p>Et d\u2019ajouter qu\u2019\u00abapr\u00e8s une premi\u00e8re exposition Design et Artisanat en 2019, la galerie Banque Populaire accueille cette seconde \u00e9dition, qui vise \u00e0 cr\u00e9er une v\u00e9ritable dynamique m\u00ealant l\u2019expertise et la d\u00e9marche cr\u00e9ative d\u2019un designer avec celles de plusieurs artisans regroup\u00e9s en coop\u00e9ratives\u00bb. A travers cette initiative, la Banque Populaire confirme son soutien continu aux artisans, en tout temps et particuli\u00e8rement dans ce contexte difficile, et conforte son r\u00f4le d\u2019acteur majeur en mati\u00e8re de soutien \u00e0 l\u2019\u00e9conomie r\u00e9gionale, conclut le communiqu\u00e9.<\/p>\n<p>Auteur: ALM<br \/>\n<a href=\"https:\/\/aujourdhui.ma\/culture\/la-galerie-banque-populaire-accueille-la-nouvelle-exposition-kan-ya-makan-1\">Cliquez ici pour lire l&rsquo;article depuis sa source.<\/a><\/p>\n","protected":false},"excerpt":{"rendered":"<p>A travers cette initiative, la Banque confirme son soutien continu aux artisans La Galerie Banque Populaire accueille la 2\u00e8me \u00e9dition de l\u2019exposition \u00abDesign et Artisanat\u00bb, intitul\u00e9e \u00abKan Ya Makan\u00bb, m\u00ealant une nouvelle fois deux univers de l\u2019expression artistique, \u00e0 savoir l\u2019artisanat marocain et le design.Pour cette seconde \u00e9dition, \u00abla Galerie Banque Populaire m\u00eale une nouvelle [&hellip;]<\/p>\n","protected":false},"author":1759,"featured_media":0,"comment_status":"closed","ping_status":"closed","sticky":false,"template":"","format":"standard","meta":{"fifu_image_url":"http:\/\/aujourdhui.ma\/wp-content\/uploads\/2021\/01\/Capture-decran-2021-01-13-a-13.12.jpg","fifu_image_alt":"La Galerie Banque Populaire accueille la nouvelle exposition \u00abKan Ya Makan\u00bb","footnotes":""},"categories":[73,54],"tags":[],"class_list":["post-109262","post","type-post","status-publish","format-standard","hentry","category-actualite","category-maroc"],"_links":{"self":[{"href":"https:\/\/linitiative.ca\/International\/wp-json\/wp\/v2\/posts\/109262","targetHints":{"allow":["GET"]}}],"collection":[{"href":"https:\/\/linitiative.ca\/International\/wp-json\/wp\/v2\/posts"}],"about":[{"href":"https:\/\/linitiative.ca\/International\/wp-json\/wp\/v2\/types\/post"}],"author":[{"embeddable":true,"href":"https:\/\/linitiative.ca\/International\/wp-json\/wp\/v2\/users\/1759"}],"replies":[{"embeddable":true,"href":"https:\/\/linitiative.ca\/International\/wp-json\/wp\/v2\/comments?post=109262"}],"version-history":[{"count":0,"href":"https:\/\/linitiative.ca\/International\/wp-json\/wp\/v2\/posts\/109262\/revisions"}],"wp:attachment":[{"href":"https:\/\/linitiative.ca\/International\/wp-json\/wp\/v2\/media?parent=109262"}],"wp:term":[{"taxonomy":"category","embeddable":true,"href":"https:\/\/linitiative.ca\/International\/wp-json\/wp\/v2\/categories?post=109262"},{"taxonomy":"post_tag","embeddable":true,"href":"https:\/\/linitiative.ca\/International\/wp-json\/wp\/v2\/tags?post=109262"}],"curies":[{"name":"wp","href":"https:\/\/api.w.org\/{rel}","templated":true}]}}