{"id":109263,"date":"2021-01-14T08:18:00","date_gmt":"2021-01-14T13:18:00","guid":{"rendered":"https:\/\/linitiative.ca\/International\/de-grands-groupes-polonais-veulent-investir-dans-les-provinces-du-sud-du-royaume\/"},"modified":"2021-01-14T08:18:00","modified_gmt":"2021-01-14T13:18:00","slug":"de-grands-groupes-polonais-veulent-investir-dans-les-provinces-du-sud-du-royaume","status":"publish","type":"post","link":"https:\/\/linitiative.ca\/International\/de-grands-groupes-polonais-veulent-investir-dans-les-provinces-du-sud-du-royaume\/","title":{"rendered":"De grands groupes polonais veulent investir dans les provinces du Sud du Royaume"},"content":{"rendered":"<p class=\"has-text-color has-vivid-red-color c2\"><strong>Lors d\u2019une s\u00e9ance de travail \u00e0 Varsovie avec l\u2019Ambassadeur du Maroc en Pologne, Abderrahim Atmoun<\/strong><\/p>\n<p class=\"has-text-color c3\"><strong>De grands groupes polonais op\u00e9rant dans diff\u00e9rents secteurs \u00e9conomiques ont d\u00e9cid\u00e9 d\u2019investir au Maroc notamment dans les provinces du Sud.<\/strong><\/p>\n<p>Lors d\u2019une s\u00e9ance de travail mercredi \u00e0 Varsovie avec l\u2019Ambassadeur du Maroc en Pologne, M. Abderrahim Atmoun, plusieurs op\u00e9rateurs polonais ont fait part de leur souhait de se rendre en visite dans les provinces du Sud et mat\u00e9rialis\u00e9 leur d\u00e9cision d\u2019investir dans les provinces du Sud dans une d\u00e9claration sign\u00e9e \u00e0 cette occasion.<\/p>\n<p>Ils ont \u00e9galement exprim\u00e9 leur admiration face \u00e0 la strat\u00e9gie du Maroc pour le d\u00e9veloppement \u00e9conomique notamment au niveau des r\u00e9gions.<\/p>\n<p>Lors de cette r\u00e9union, M. Atmoun a pr\u00e9sent\u00e9 les opportunit\u00e9s d\u2019investissement dans les provinces du Sud du Royaume, qui sont devenues une zone d\u2019investissements par excellence gr\u00e2ce \u00e0 leurs multiples avantages fiscaux et atouts g\u00e9ographiques.<\/p>\n<p>Il a de m\u00eame expos\u00e9 les atouts \u00e9conomiques du Royaume en tant que destination s\u00fbre pour des investissements et porte d\u2019entr\u00e9e par excellence vers l\u2019Afrique pour les investisseurs polonais.<\/p>\n<p>M. Atmoun a \u00e9galement soulign\u00e9 que les accords de Libre-\u00e9change sign\u00e9s par le Maroc avec les pays africains font du Royaume, non seulement un point de relais entre l\u2019Europe et l\u2019Afrique, mais \u00e9galement une terre d\u2019investissement qui offre des avantages attractifs aux entreprises du monde entier.<\/p>\n<p>M. Atmoun \u00e0 cette occasion assur\u00e9 ses interlocuteurs de l\u2019enti\u00e8re disposition de l\u2019Ambassade du Maroc en Pologne \u00e0 fournir le soutien n\u00e9cessaire \u00e0 toute entreprise polonaise souhaitant investir au Royaume, \u00e0 accompagner lesdits investisseurs dans leurs d\u00e9marches d\u2019installation au Maroc et ainsi faciliter les mises en relation avec l\u2019ensemble des partenaires marocains concern\u00e9s.<\/p>\n<p>Ont pris part \u00e0 cette r\u00e9union, Zbigniew Szkopek, pr\u00e9sident du Directoire de la soci\u00e9t\u00e9 ALUMAST, sp\u00e9cialis\u00e9e dans la production de structures porteuses composites : poteaux \u00e9lectriques, d\u2019\u00e9clairage et de t\u00e9l\u00e9communication, Piotr Gapanowicz, vice-pr\u00e9sident de la soci\u00e9t\u00e9 EV Charge (Construction de l\u2019infrastructure de recharge de voitures \u00e9lectriques), Tomasz Gutkowski, membre du Conseil de Surveillance de la soci\u00e9t\u00e9 KZWM Ogniochron sp\u00e9cialis\u00e9e dans la fabrication d\u2019\u00e9quipements et de mat\u00e9riels de lutte contre les incendies.<\/p>\n<p>Ont \u00e9galement pris part \u00e0 cette s\u00e9ance de travail, Radoslaw Kaczmarek, Directeur financier de la soci\u00e9t\u00e9 EMER, sp\u00e9cialis\u00e9e de la production de graisses liquides animales et de solutions alimentaires riches en prot\u00e9ines et Ryszard Wtorkowski, pr\u00e9sident de la soci\u00e9t\u00e9 LUG, l\u2019un des principaux fabricants europ\u00e9ens de solutions d\u2019\u00e9clairage professionnelles. L\u2019entreprise est sp\u00e9cialis\u00e9e dans la fabrication de luminaires industriels et d\u2019infrastructure ainsi que l\u2019\u00e9clairage d\u00e9coratif et l\u2019\u00e9clairage int\u00e9rieur et ext\u00e9rieur des b\u00e2timents publics, des espaces de vente et objets architectonique.<\/p>\n<p>Dans une d\u00e9claration \u00e0 cette occasion, le pr\u00e9sident de l\u2019entreprise ALUMAST, Zbigniew Szkopek a affirm\u00e9 que la soci\u00e9t\u00e9 polonaise, fortement int\u00e9ress\u00e9e par les opportunit\u00e9s d\u2019investissement au Maroc, veut investir dans les provinces du Sud et partager son exp\u00e9rience dans ce domaine avec des partenaires marocains, assurant que cette coop\u00e9ration sera fructueuse et b\u00e9n\u00e9fique pour les deux parties.<\/p>\n<p>Il a relev\u00e9 que la d\u00e9cision du groupe d\u2019investir dans les provinces du Sud intervient alors que les r\u00e9gions du Sud connaissent un essor \u00e9conomique remarquable \u00e0 la faveur de projets d\u2019envergure lanc\u00e9s dans divers domaines, outre le place du Maroc en tant que porte d\u2019entr\u00e9e par excellence vers l\u2019Afrique.<\/p>\n<p>Il a \u00e0 cet \u00e9gard mis en avant le climat de stabilit\u00e9 favorable \u00e0 l\u2019investissement au Maroc, une destination attractive pour les investisseurs \u00e9trangers.<\/p>\n<p>Pour sa part, Piotr Gapanowicz, vice-pr\u00e9sident de \u2018\u2019EV Charge\u2019\u2019 a soulign\u00e9 que l\u2019entreprise polonaise a d\u00e9cid\u00e9 d\u2019investir au Maroc et en particulier dans les provinces du Sud eu \u00e9gard aux progr\u00e8s et \u00e0 la dynamique que conna\u00eet le Royaume dans le domaine \u00e9conomique notamment en mati\u00e8re d\u2019\u00e9nergies renouvelables et aux choix efficients du Royaume dans le domaine du d\u00e9veloppement.<\/p>\n<p>Il a mis en avant la dynamique de d\u00e9veloppement des investissements dans les provinces du Sud gr\u00e2ce aux infrastructures dont dispose la r\u00e9gion, mais aussi \u00e0 sa stabilit\u00e9 et sa s\u00e9curit\u00e9, outre ses multiples atouts et potentialit\u00e9s.<\/p>\n<p>Il a tenu \u00e0 souligner que les provinces du Sud constituent une passerelle pour les entreprises polonaises, comme c\u2019est le cas pour les entreprises europ\u00e9ennes pour l\u2019investissement et le transfert d\u2019expertise en Afrique, mettant l\u2019accent sur l\u2019importance de tirer profit de l\u2019exp\u00e9rience du Maroc eu \u00e9gard \u00e0 sa pr\u00e9sence et ses investissements dans le march\u00e9 africain.<\/p>\n<p>Tomasz Gutkowski, membre du Conseil de Surveillance de la soci\u00e9t\u00e9 KZWM, s\u2019est de son c\u00f4t\u00e9 r\u00e9joui du renforcement de la coop\u00e9ration entre l\u2019entreprise polonaise et les entreprises marocaines et de la d\u00e9cision d\u2019investir au Maroc notamment dans les provinces du Sud, devenues une destination attractive pour les investissements \u00e9trangers \u00e0 l\u2019instar des autres r\u00e9gions du Royaume.<\/p>\n<p>Il a assur\u00e9 que l\u2019investissement dans les provinces du Sud est du \u00e0 l\u2019importance de cette r\u00e9gion, devenue une porte d\u2019entr\u00e9e principale vers le march\u00e9 africain prometteur, notant que la r\u00e9gion dispose d\u2019importantes infrastructures et atouts, comme en t\u00e9moigne la volont\u00e9 de plusieurs pays influents aux plans politique et \u00e9conomique d\u2019investir dans la r\u00e9gion et \u00e9tablir des partenariats avec le Royaume.<\/p>\n<p>Pour sa part, Robert Jedrzejczyk, repr\u00e9sentant du cabinet d\u2019avocats RJ &amp;Partners, a indiqu\u00e9 que les provinces du Sud repr\u00e9sentent une formidable opportunit\u00e9 d\u2019investissement et de d\u00e9veloppement pour les soci\u00e9t\u00e9s polonaises.<\/p>\n<p>Il s\u2019est f\u00e9licit\u00e9 \u00e0 cette occasion de la signature d\u2019une d\u00e9claration d\u2019investissement au Maroc par quatre grandes soci\u00e9t\u00e9s polonaises op\u00e9rant dans le domaine industriel, assurant que les projets qui seront r\u00e9alis\u00e9s dans les provinces du Sud seront b\u00e9n\u00e9fiques tant pour la Pologne que pour le Maroc.<\/p>\n<p>Auteur: M&rsquo;hammed rahal<br \/>\n<a href=\"http:\/\/albayane.press.ma\/de-grands-groupes-polonais-veulent-investir-dans-les-provinces-du-sud-du-royaume.html\">Cliquez ici pour lire l&rsquo;article depuis sa source.<\/a><\/p>\n","protected":false},"excerpt":{"rendered":"<p>Lors d\u2019une s\u00e9ance de travail \u00e0 Varsovie avec l\u2019Ambassadeur du Maroc en Pologne, Abderrahim Atmoun De grands groupes polonais op\u00e9rant dans diff\u00e9rents secteurs \u00e9conomiques ont d\u00e9cid\u00e9 d\u2019investir au Maroc notamment dans les provinces du Sud. Lors d\u2019une s\u00e9ance de travail mercredi \u00e0 Varsovie avec l\u2019Ambassadeur du Maroc en Pologne, M. Abderrahim Atmoun, plusieurs op\u00e9rateurs polonais [&hellip;]<\/p>\n","protected":false},"author":1760,"featured_media":0,"comment_status":"closed","ping_status":"closed","sticky":false,"template":"","format":"standard","meta":{"fifu_image_url":"","fifu_image_alt":"","footnotes":""},"categories":[73,54],"tags":[],"class_list":["post-109263","post","type-post","status-publish","format-standard","hentry","category-actualite","category-maroc"],"_links":{"self":[{"href":"https:\/\/linitiative.ca\/International\/wp-json\/wp\/v2\/posts\/109263","targetHints":{"allow":["GET"]}}],"collection":[{"href":"https:\/\/linitiative.ca\/International\/wp-json\/wp\/v2\/posts"}],"about":[{"href":"https:\/\/linitiative.ca\/International\/wp-json\/wp\/v2\/types\/post"}],"author":[{"embeddable":true,"href":"https:\/\/linitiative.ca\/International\/wp-json\/wp\/v2\/users\/1760"}],"replies":[{"embeddable":true,"href":"https:\/\/linitiative.ca\/International\/wp-json\/wp\/v2\/comments?post=109263"}],"version-history":[{"count":0,"href":"https:\/\/linitiative.ca\/International\/wp-json\/wp\/v2\/posts\/109263\/revisions"}],"wp:attachment":[{"href":"https:\/\/linitiative.ca\/International\/wp-json\/wp\/v2\/media?parent=109263"}],"wp:term":[{"taxonomy":"category","embeddable":true,"href":"https:\/\/linitiative.ca\/International\/wp-json\/wp\/v2\/categories?post=109263"},{"taxonomy":"post_tag","embeddable":true,"href":"https:\/\/linitiative.ca\/International\/wp-json\/wp\/v2\/tags?post=109263"}],"curies":[{"name":"wp","href":"https:\/\/api.w.org\/{rel}","templated":true}]}}