{"id":109264,"date":"2021-01-14T08:23:25","date_gmt":"2021-01-14T13:23:25","guid":{"rendered":"https:\/\/linitiative.ca\/International\/whatsapp-met-a-jour-les-regles-de-confidentialite\/"},"modified":"2021-01-14T08:23:25","modified_gmt":"2021-01-14T13:23:25","slug":"whatsapp-met-a-jour-les-regles-de-confidentialite","status":"publish","type":"post","link":"https:\/\/linitiative.ca\/International\/whatsapp-met-a-jour-les-regles-de-confidentialite\/","title":{"rendered":"WhatsApp met \u00e0 jour les r\u00e8gles de confidentialit\u00e9"},"content":{"rendered":"<p class=\"has-text-color has-vivid-red-color c2\"><strong>A partir du 8 f\u00e9vrier<\/strong><\/p>\n<p class=\"c3\"><strong>Romuald Djabioh<\/strong><\/p>\n<p class=\"has-text-color c4\"><strong>Certaines r\u00e8gles de confidentialit\u00e9 stipulent pourtant ce qui suit\u00a0:\u00a0\u00ab\u00a0Lorsque vous utilisez\u00a0 nos services, vous nous faites confiance pour le traitement de vos\u00a0 informations. Nous savons qu\u2019il s\u2019agit d\u2019une lourde responsabilit\u00e9, c\u2019est\u00a0 pourquoi nous nous effor\u00e7ons de les prot\u00e9ger, tout en vous permettant d\u2019en garder le contr\u00f4le\u00bb. Au vu des derni\u00e8res nouvelles, des sp\u00e9culations autour de la mise \u00e0 jour de r\u00e8gles de confidentialit\u00e9 que le groupe WhatsApp envisage; nombre d\u2019utilisateurs s\u2019interrogent. A ce sujet, il a tenu \u00e0 donner davantage d\u2019explications.<\/strong><\/p>\n<p>Des rumeurs circulent depuis la sortie jeudi dernier de WhatsApp au cours de laquelle il a demand\u00e9 \u00e0 ses utilisateurs d\u2019accepter de nouvelles conditions d\u2019utilisation, pouvant lui permettre de partager plus d\u2019informations avec sa maison-m\u00e8re Facebook, sous peine de ne plus avoir acc\u00e8s \u00e0 leurs comptes \u00e0 partir du 8 f\u00e9vrier. Nombre d\u2019utilisateurs \u00e0 travers le monde ont aussit\u00f4t r\u00e9agi d\u00e9favorablement suite \u00e0 cette sortie. Au vu de ce constat, whatsApp a tenu \u00e0 donner des explications afin de dissiper toute ambig\u00fcit\u00e9. \u00abAvec toutes les rumeurs qui circulent, nous voulons r\u00e9pondre \u00e0 certaines des questions les plus communes que nous avons re\u00e7ues\u00bb, \u00e9crit-il sur son site web, selon un de nos confr\u00e8res dans sa r\u00e9cente parution. Et d\u2019ajouter, \u00abNous voulons dire clairement que la mise \u00e0 jour n\u2019affecte en aucune fa\u00e7on la confidentialit\u00e9 des messages \u00e9chang\u00e9s avec vos amis et votre famille\u2026\u00bb.<\/p>\n<p>Dans le m\u00eame ordre d\u2019id\u00e9es, et pour faire preuve de transparence sur la mani\u00e8re dont les donn\u00e9es sont utilis\u00e9es, apprend-on, toujours de cette source concordante, \u00abLes changements ne concernent que les conversations \u00e9ventuelles avec des entreprises\u00bb.\u00a0 Aussi, s\u2019agissant\u00a0 des utilisateurs inquiets en Asie du Sud, il a \u00e9t\u00e9 on ne peut plus clair, en publiant dans les journaux mercredi dernier un message en pleine page, qui r\u00e9it\u00e8re \u00e0 ce titre le respect de la vie priv\u00e9e des utilisateurs. \u00abLe respect de votre vie priv\u00e9e est encrypt\u00e9 dans notre ADN\u00bb, a-t-il d\u00e9clar\u00e9.<\/p>\n<p>Cependant, plusieurs utilisateurs voient d\u2019un mauvais \u0153il cette mise \u00e0 jour. De fait, nombre d\u2019entre eux ne manquent d\u2019ores et d\u00e9j\u00e0 pas, \u00e0 manifester un sentiment que l\u2019on pourrait qualifier d\u2019\u00ab\u00a0anti-whatsApp\u00bb. Aux travers des r\u00e9seaux\u00a0 parall\u00e8les, certains \u00e9mettent d\u00e9j\u00e0 la possibilit\u00e9 de basculer ailleurs.\u00a0 \u00abSignal\u00bb et \u00abt\u00e9l\u00e9gram\u00bb, r\u00e9seaux sociaux aux fonctions presque similaires illustrent ce qui pr\u00e9c\u00e8de. L\u2019avantage avec ces derniers r\u00e9sulte du fait que\u00a0 la confidentialit\u00e9 des informations\u00a0 demeure prioritaire\u00a0: vid\u00e9os, messages et donn\u00e9es des utilisateurs sont difficiles d\u2018acc\u00e8s. \u00abLes administrateurs, cr\u00e9ez-nous d\u00e9j\u00e0 le groupe sur \u00abSignal\u00bb \u00e0 partir du 08 f\u00e9vrier, WhatsApp va nous emmerder\u00bb, d\u00e9clare une adepte des r\u00e9seaux sociaux via la plateforme incrimin\u00e9e.<\/p>\n<p>Il est \u00e0 noter par ailleurs que WhatsApp appartient depuis quelques ann\u00e9es \u00e0 Mark Elliot Zuckerberg, fondateur du r\u00e9seau social Facebook (cr\u00e9e en 2004). C\u2019est une application mobile multiplateforme qui fournit un syst\u00e8me de messagerie instantan\u00e9e chiffr\u00e9e de bout en bout aussi bien par l\u2019interm\u00e9diaire des r\u00e9seaux de t\u00e9l\u00e9phonie mobiles que par Internet. Il a vu le jour officiellement en 2009. Zuckerberg l\u2019a rachet\u00e9 aux auteurs originaux tels que Brian Acton et Jan Koum \u00e0 \u00a022 milliards de dollars en 2014 dont 17 milliards en actions Facebook (\u2026).<\/p>\n<p>Au regard de ce qui pr\u00e9c\u00e8de, WhatsApp ne court-il pas un \u00abdanger\u00bb, si jamais il s\u2019obstine\u00a0 \u00e0 mettre en application cette nouvelle politique\u00a0? Depuis cette annonce, l\u2019on assiste \u00e0 une augmentation\u00a0 crescendo du nombre d\u2019abonn\u00e9s des concurrents, notamment \u00absignal\u00bb et \u00abt\u00e9l\u00e9gram\u00bb.<\/p>\n<p>Auteur: M&rsquo;hammed rahal<br \/>\n<a href=\"http:\/\/albayane.press.ma\/whatsapp-met-a-jour-les-regles-de-confidentialite.html\">Cliquez ici pour lire l&rsquo;article depuis sa source.<\/a><\/p>\n","protected":false},"excerpt":{"rendered":"<p>A partir du 8 f\u00e9vrier Romuald Djabioh Certaines r\u00e8gles de confidentialit\u00e9 stipulent pourtant ce qui suit\u00a0:\u00a0\u00ab\u00a0Lorsque vous utilisez\u00a0 nos services, vous nous faites confiance pour le traitement de vos\u00a0 informations. Nous savons qu\u2019il s\u2019agit d\u2019une lourde responsabilit\u00e9, c\u2019est\u00a0 pourquoi nous nous effor\u00e7ons de les prot\u00e9ger, tout en vous permettant d\u2019en garder le contr\u00f4le\u00bb. Au vu [&hellip;]<\/p>\n","protected":false},"author":1760,"featured_media":0,"comment_status":"closed","ping_status":"closed","sticky":false,"template":"","format":"standard","meta":{"fifu_image_url":"","fifu_image_alt":"","footnotes":""},"categories":[73,54],"tags":[],"class_list":["post-109264","post","type-post","status-publish","format-standard","hentry","category-actualite","category-maroc"],"_links":{"self":[{"href":"https:\/\/linitiative.ca\/International\/wp-json\/wp\/v2\/posts\/109264","targetHints":{"allow":["GET"]}}],"collection":[{"href":"https:\/\/linitiative.ca\/International\/wp-json\/wp\/v2\/posts"}],"about":[{"href":"https:\/\/linitiative.ca\/International\/wp-json\/wp\/v2\/types\/post"}],"author":[{"embeddable":true,"href":"https:\/\/linitiative.ca\/International\/wp-json\/wp\/v2\/users\/1760"}],"replies":[{"embeddable":true,"href":"https:\/\/linitiative.ca\/International\/wp-json\/wp\/v2\/comments?post=109264"}],"version-history":[{"count":0,"href":"https:\/\/linitiative.ca\/International\/wp-json\/wp\/v2\/posts\/109264\/revisions"}],"wp:attachment":[{"href":"https:\/\/linitiative.ca\/International\/wp-json\/wp\/v2\/media?parent=109264"}],"wp:term":[{"taxonomy":"category","embeddable":true,"href":"https:\/\/linitiative.ca\/International\/wp-json\/wp\/v2\/categories?post=109264"},{"taxonomy":"post_tag","embeddable":true,"href":"https:\/\/linitiative.ca\/International\/wp-json\/wp\/v2\/tags?post=109264"}],"curies":[{"name":"wp","href":"https:\/\/api.w.org\/{rel}","templated":true}]}}