{"id":109265,"date":"2021-01-14T08:33:06","date_gmt":"2021-01-14T13:33:06","guid":{"rendered":"https:\/\/linitiative.ca\/International\/la-vigilance-simpose\/"},"modified":"2021-01-14T08:33:06","modified_gmt":"2021-01-14T13:33:06","slug":"la-vigilance-simpose","status":"publish","type":"post","link":"https:\/\/linitiative.ca\/International\/la-vigilance-simpose\/","title":{"rendered":"La vigilance s\u2019impose"},"content":{"rendered":"<p class=\"has-text-color has-vivid-red-color c2\"><strong>Vague de froid au Maroc<\/strong><\/p>\n<p class=\"c3\"><strong>Ouardirhi Abdelaziz<\/strong><\/p>\n<p class=\"has-text-color c4\"><strong>Depuis plus d\u2019une semaine, notre pays est confront\u00e9<\/strong> <strong>\u00e0<\/strong> <strong>un climat rigoureux marqu\u00e9 par<\/strong> <strong>des chutes de temp\u00e9rature<\/strong><strong>.<\/strong> <strong>Pa<\/strong><strong>s un bulletin de m\u00e9t\u00e9o qui n\u2019\u00e9voque les chutes de neige, le vent glacial , la pluie et le froid ressenti par les populations des diff\u00e9rentes r\u00e9gions du Maroc, les plus concern\u00e9es par ces intemp\u00e9ries qui mettent<\/strong> <strong>\u00e0 rude \u00e9preuve notre<\/strong> <strong>corps.<\/strong><\/p>\n<p>Ce qui rend cette situation encore plus dure \u00e0 supporter, c\u2019est quand le vent s\u2019abat par rafales et que les temp\u00e9ratures enregistr\u00e9es soient basses: 2 \u00b0c ou 5\u00b0c. Comme enregistr\u00e9es au niveau des villes de kh\u00e9nifra, Beni Mellal, Ifrane, Azrou, F\u00e8s, Mekn\u00e8s, k\u00e9tama\u2026<\/p>\n<p>Ce que peut ressentir le corps face \u00e0 une chute de temp\u00e9rature est diff\u00e8rent d\u2019une personne \u00e0 l\u2019autre. Mais d\u2019une mani\u00e8re g\u00e9n\u00e9rale, cette chute de temp\u00e9rature est ressentie par notre organisme comme une agression, et le corps enclenche imm\u00e9diatement un processus de d\u00e9fense. Nous avons tous notre propre exp\u00e9rience face au froid, et plus particuli\u00e8rement celles et ceux qui habitent dans des endroits o\u00f9 les hivers sont rigoureux, comme Ifrane, Azrou, Immouzer, S\u00e9frou, F\u00e8s, Taza\u2026 Les premiers signes sont les frissons, les claquements de dents ou encore la chair de poule. Pour maintenir la temp\u00e9rature du corps suffisamment \u00e9lev\u00e9e (37 \u00b0c), le c\u0153ur entre en action et se met \u00e0 battre plus rapidement, les poumons aussi r\u00e9agissent. Par ces r\u00e9actions, notre organisme entend instinctivement prot\u00e9ger les organes vitaux d\u2019une chute de temp\u00e9rature.<\/p>\n<p>Mais il faut bien dire que les \u00e9pisodes de grands froid, que connait notre pays de temps \u00e0 autre, comme c\u2019est le cas en ce moment pr\u00e9cis,\u00a0 peuvent \u00eatre synonymes de cons\u00e9quences f\u00e2cheuses et m\u00eame malheureusement dramatiques.<\/p>\n<p class=\"c2\"><strong>Les dangers du froid<\/strong><\/p>\n<p>Il n\u2019est un secret pour personne que de dire, que la saison froide est celle de toutes les maladies des enfants, des adultes et des personnes \u00e2g\u00e9es. En effet, on sait tous que les chutes de temp\u00e9rature peuvent entra\u00eener des probl\u00e8mes de sant\u00e9.<\/p>\n<p>Tous les parents craignent pour leurs enfants le mauvais temps, la pluie, le vent, le froid, la chute de temp\u00e9ratures. Bien souvent au retour de l\u2019\u00e9cole, les enfants peuvent pr\u00e9senter des signes de refroidissement, toux, nez qui coule, angine, fi\u00e8vre (\u2026). Certaines maladies du froid sont bien connues, c\u2019est le cas de la grippe, des bronchites, des otites, des rhinopharyngites, des gastroent\u00e9rites, et des bronchiolites dont souffrent les petits.<\/p>\n<p>Les cabinets des p\u00e9diatres ne d\u00e9semplissent pas en ce moment \u00e0 cause justement de ces maladies du froid. Si toutes ces maladies sont connues des parents, il y a d\u2019autres pathologies inh\u00e9rentes au froid qui restent sous-estim\u00e9s comme l\u2019hypothermie,l\u2019augmentation du risque cardiovasculaire induit par le froid ou le danger des intoxications au monoxyde de carbone.<\/p>\n<p class=\"c2\"><strong>Les autres maladies li\u00e9es directement au froid<\/strong><\/p>\n<p class=\"c2\"><strong>Les gelures<\/strong><\/p>\n<p>Une longue exposition au froid peut entrainer des gelures qui sont plus ou moins impressionnantes selon la sensibilit\u00e9 des personnes atteintes et de leur niveau d\u2019exposition.<\/p>\n<p>Les crampes et troubles musculo\u2013 squelettiques.\u00a0Ces sympt\u00f4mes sont souvent dus au manque de repos, \u00e0 l\u2019adoption de postures inadapt\u00e9es et \u00e0 la r\u00e9p\u00e9tition de certains mouvements.<\/p>\n<p>L\u2019aggravation de maladies pr\u00e9existantes (notamment cardiaques et respiratoires).<\/p>\n<p>Accidents vasculaires c\u00e9r\u00e9braux, infections respiratoires, le froid peut \u00e9galement avoir des effets \u00e0 plus long terme.<\/p>\n<p>Le risque accru d\u2019intoxication au monoxyde de carbone d\u00fb au dysfonctionnement d\u2019appareils de chauffage (au gaz, ou au charbon), particuli\u00e8rement lorsque les a\u00e9rations du logement ont \u00e9t\u00e9 obstru\u00e9es pour garder la chaleur \u00e9mise par le canoun.<\/p>\n<p>Les traumatismes li\u00e9s aux chutes. La neige peut \u00e9galement \u00eatre responsable de ces incidents et accidents surtout au niveau des hauteurs et villes o\u00f9 il neige.<\/p>\n<p class=\"c2\"><strong>Anfgou est toujours dans nos m\u00e9moires<\/strong><\/p>\n<p>Au Maroc, chaque ann\u00e9e, des centaines, des milliers de personnes sont victimes de pathologies provoqu\u00e9es par le froid,\u00a0 telles que les gelures ou l\u2019hypothermie, responsables de l\u00e9sions graves, voire mortelles.<\/p>\n<p>Une fois que votre corps passe sous la barre des 35\u00b0C, vous \u00eates en \u00e9tat d\u2019hypothermie. Il se caract\u00e9rise par l\u2019apparition de frissons, d\u2019une fatigue importante, de confusions et m\u00eame de perte de connaissance. Dans des situations extr\u00eames, l\u2019hypothermie peut entrainer un coma et m\u00eame provoquer la mort.<\/p>\n<p>On se souvient tous du drame de la localit\u00e9 d\u2019Anfgou. <strong>Ce<\/strong> village <strong>du Haut Atlas<\/strong> oriental\u00a0situ\u00e9 entre Kh\u00e9nifra et Midelt, \u00e0 plus de 2700 m\u00e8tres d\u2019altitude, qui est toujours \u00a0synonyme de trag\u00e9die suite \u00e0 la trentaine d\u2019enfants morts \u00e0 cause du froid en 2007.<\/p>\n<p>Il y a malheureusement plusieurs cas similaires qui resteront inconnus et qui sont les victimes d\u2019un syst\u00e8me trop centralis\u00e9, qui ignore les populations en situation de pauvret\u00e9 et qui de ce fait, souffrent \u00e9norm\u00e9ment de l\u2019exclusion, et qui \u00e9prouvent de grandes difficult\u00e9s pour avoir acc\u00e8s aux soins et aux m\u00e9dicaments\u2026<\/p>\n<p class=\"c2\"><strong>Intoxication au monoxyde de carbone<\/strong><\/p>\n<p>Par temps froid, certaines personnes utilisent des appareils de chauffage d\u2019appoint \u00e0 la maison pour se r\u00e9chauffer. Pour \u00e9conomiser sur l\u2019elecricit\u00e9. Les gens se servent souvent d\u2019appareils qui br\u00fblent un combustible comme le bois, le charbon ou le gaz.<\/p>\n<p>Mais ces sources de chauffage sont des sources g\u00e9n\u00e9ratrices de monoxyde de carbone. C\u2019est notamment le cas pour le chauffe-eau \u00e0 gaz et les dispositifs de chauffage traditionnels, \u00e0 savoir le kanoun, qui constitue les principaux facteurs de risque d\u2019intoxication au monoxyde de carbone.<\/p>\n<p>Les lieux ferm\u00e9s et les ambiances confin\u00e9es constituent des facteurs aggravants pour toutes ces sources. Il faut savoir que les intoxications au monoxyde de carbone sont tr\u00e8s fr\u00e9quentes en p\u00e9riode de froid, surtout entre le mois de d\u00e9cembre et janvier, comme c\u2019est le cas en ce moment pr\u00e9cis.<\/p>\n<p>Il est utile de rappeler ici que le monoxyde de carbone est un gaz invisible et inodore qui peut causer des intoxications pouvant \u00eatre mortelles.<\/p>\n<p>Chaque ann\u00e9e, le Maroc enregistre des dizaines de d\u00e9c\u00e8s \u00e0 cause des intoxications au monoxyde de carbone.<\/p>\n<p>Durant l\u2019ann\u00e9e 2018, les donn\u00e9es recueillies par le CAPM\u00a0 (le centre anti poison du Maroc), \u00e0 travers les d\u00e9clarations des r\u00e9gions m\u00e9dicales de la sant\u00e9 et de la r\u00e9ponse t\u00e9l\u00e9phonique \u00e9taient de 1388 cas d\u2019intoxications par les gaz, occupant ainsi la troisi\u00e8me position parmi tous les toxiques.<\/p>\n<p class=\"c2\"><strong>Une pens\u00e9e pour les sans-abris et les vuln\u00e9rables<\/strong><\/p>\n<p>Si une personne bien portante arrive ais\u00e9ment \u00e0 traverser le cap de l\u2019hiver sans d\u00e9g\u00e2ts, il n\u2019en est pas de m\u00eame pour les personnes fragiles, les asthmatiques, les personnes \u00e2g\u00e9es et les jeunes enfants.<\/p>\n<p>D\u2019o\u00f9 la n\u00e9cessit\u00e9 de bien les prot\u00e9ger, de bien couvrir les enfants et d\u2019aider les personnes \u00e2g\u00e9es \u00e0 ne pas s\u2019exposer inutilement.<\/p>\n<p>Je ne puis terminer cet article qui traite de cette p\u00e9riode de grand froid, sans soulever la probl\u00e9matique li\u00e9e \u00e0 la prise en charge des sans domicile fixe (SDF), un r\u00e9el probl\u00e8me de soci\u00e9t\u00e9 et de solidarit\u00e9 qui se pose avec acuit\u00e9.<\/p>\n<p>Aussi, je formule ici, sur ces colonnes le v\u0153u de voir une r\u00e9action salvatrice de nos autorit\u00e9s, nos \u00e9lus, le conseil de la ville , les communes , les associations qui sont tr\u00e8s nombreuses \u00e0 Casablanca , pour trouver des solutions urgentes pour venir au secours \u00e0 ceux qui sont dans la rue jour et nuit, des jeunes et des moins jeunes, des deux sexes, des citoyens comme vous et moi que les circonstances et la vie n\u2019 ont\u00a0 pas g\u00e2t\u00e9, et qui en ce moment luttent contre la faim et le froid\u2026<\/p>\n<p>Auteur: M&rsquo;hammed rahal<br \/>\n<a href=\"http:\/\/albayane.press.ma\/la-vigilance-simpose-2.html\">Cliquez ici pour lire l&rsquo;article depuis sa source.<\/a><\/p>\n","protected":false},"excerpt":{"rendered":"<p>Vague de froid au Maroc Ouardirhi Abdelaziz Depuis plus d\u2019une semaine, notre pays est confront\u00e9 \u00e0 un climat rigoureux marqu\u00e9 par des chutes de temp\u00e9rature. Pas un bulletin de m\u00e9t\u00e9o qui n\u2019\u00e9voque les chutes de neige, le vent glacial , la pluie et le froid ressenti par les populations des diff\u00e9rentes r\u00e9gions du Maroc, les [&hellip;]<\/p>\n","protected":false},"author":1760,"featured_media":0,"comment_status":"closed","ping_status":"closed","sticky":false,"template":"","format":"standard","meta":{"fifu_image_url":"","fifu_image_alt":"","footnotes":""},"categories":[73,54],"tags":[],"class_list":["post-109265","post","type-post","status-publish","format-standard","hentry","category-actualite","category-maroc"],"_links":{"self":[{"href":"https:\/\/linitiative.ca\/International\/wp-json\/wp\/v2\/posts\/109265","targetHints":{"allow":["GET"]}}],"collection":[{"href":"https:\/\/linitiative.ca\/International\/wp-json\/wp\/v2\/posts"}],"about":[{"href":"https:\/\/linitiative.ca\/International\/wp-json\/wp\/v2\/types\/post"}],"author":[{"embeddable":true,"href":"https:\/\/linitiative.ca\/International\/wp-json\/wp\/v2\/users\/1760"}],"replies":[{"embeddable":true,"href":"https:\/\/linitiative.ca\/International\/wp-json\/wp\/v2\/comments?post=109265"}],"version-history":[{"count":0,"href":"https:\/\/linitiative.ca\/International\/wp-json\/wp\/v2\/posts\/109265\/revisions"}],"wp:attachment":[{"href":"https:\/\/linitiative.ca\/International\/wp-json\/wp\/v2\/media?parent=109265"}],"wp:term":[{"taxonomy":"category","embeddable":true,"href":"https:\/\/linitiative.ca\/International\/wp-json\/wp\/v2\/categories?post=109265"},{"taxonomy":"post_tag","embeddable":true,"href":"https:\/\/linitiative.ca\/International\/wp-json\/wp\/v2\/tags?post=109265"}],"curies":[{"name":"wp","href":"https:\/\/api.w.org\/{rel}","templated":true}]}}