{"id":109266,"date":"2021-01-14T09:41:09","date_gmt":"2021-01-14T14:41:09","guid":{"rendered":"https:\/\/linitiative.ca\/International\/%ef%bb%bfpetris-despoir-ils-sont-determines-a-gagner-leur-vie-par-le-travail\/"},"modified":"2021-01-14T09:41:09","modified_gmt":"2021-01-14T14:41:09","slug":"%ef%bb%bfpetris-despoir-ils-sont-determines-a-gagner-leur-vie-par-le-travail","status":"publish","type":"post","link":"https:\/\/linitiative.ca\/International\/%ef%bb%bfpetris-despoir-ils-sont-determines-a-gagner-leur-vie-par-le-travail\/","title":{"rendered":"\ufeffP\u00e9tris d\u2019espoir, ils sont d\u00e9termin\u00e9s \u00e0 gagner leur vie par le travail"},"content":{"rendered":"<p class=\"c2\"><strong>Les migrants subsahariens au Maroc<\/strong><\/p>\n<p class=\"c3\"><em><strong>Par : Saad BOUZROU \u2013MAP<\/strong><\/em><\/p>\n<p><strong>D\u2019aucuns le constatent et le disent : la plupart des migrants subsahariens qui pr\u00e9f\u00e8rent s\u2019installer au Maroc et en font d\u00e9sormais une terre d\u2019accueil et non plus un simple point de transit, expliquent leur choix pour des raisons essentiellement li\u00e9es aux perspectives socio-\u00e9conomiques que leur offre le Royaume dans leur qu\u00eate d\u2019une vie meilleure.<\/strong><\/p>\n<p>Cette r\u00e9alit\u00e9 est attest\u00e9e par la tendance de leur majorit\u00e9, surtout durant ces derni\u00e8res ann\u00e9es, \u00e0 multiplier les \u00ab\u00a0petits\u00a0\u00bb m\u00e9tiers et \u00e0 apprendre, dans la foul\u00e9e, le dialecte et les us et coutumes marocains.<\/p>\n<p>C\u2019est aussi le symbole d\u2019une r\u00e9solution de la part de ces ressortissants d\u2019Afrique subsaharienne de faire fi des d\u00e9boires du pass\u00e9 et de reprendre les choses en main, \u00e0 z\u00e9ro.<br \/>Fait de plus en plus r\u00e9gulier, la succession de boulots informels ou en pointill\u00e9 et touchant \u00e0 divers secteurs d\u2019activit\u00e9 est devenue axiomatique, en particulier dans les centres urbains o\u00f9 ils affluent, tout naturellement, en grand nombre.<\/p>\n<p>Par cons\u00e9quent, leur pr\u00e9sence sur le march\u00e9 de l\u2019emploi enfile toutes les couleurs : m\u00e9tiers domestiques (chauffeurs, jardiniers, etc\u2026), secteur du b\u00e2timent ou encore celui du commerce de rue et ambulant. Ils ont aussi fait leurs preuves dans des m\u00e9tiers non-manuels comme dans des centres d\u2019appel, p\u00e9pini\u00e8res de t\u00e9l\u00e9conseillers subsahariens en raison notamment de la ma\u00eetrise de langues \u00e9trang\u00e8res, notamment le fran\u00e7ais.<\/p>\n<p>Assane, un S\u00e9n\u00e9galais r\u00e9sidant au Maroc depuis maintenant neuf ans et travaillant dans une laverie (pressing) sise quartier d\u2019Agdal \u00e0 Rabat, raconte dans une d\u00e9claration \u00e0 la MAP qu\u2019il avait fait \u00ab\u00a0le long p\u00e9riple\u00a0\u00bb vers la capitale marocaine dans le seul but de \u00ab\u00a0gagner une vie meilleure\u00a0\u00bb.<\/p>\n<p>D\u00e9filant des photos montrant comment il a d\u00fb, au d\u00e9but, surmonter des moments scabreux quand il encha\u00eenait des besognes \u00e7a et l\u00e0, notamment en tant qu\u2019apprenti ma\u00e7on, et par la suite vendeur ambulant d\u2019accessoires et toute la lyre, Assane reconna\u00eet qu\u2019il est aujourd\u2019hui \u00ab\u00a0bien dans sa peau\u00a0\u00bb et que toutes les exp\u00e9riences pass\u00e9es ont fini par le conforter dans ses convictions qu\u2019il ne faut jamais courber l\u2019\u00e9chine.<\/p>\n<p>Il n\u2019est donc un secret pour quiconque que la recherche d\u2019un premier ou d\u2019un nouveau m\u00e9tier ne passe jamais comme une lettre \u00e0 la poste, a fortiori lorsqu\u2019il s\u2019agit de le d\u00e9nicher dans un pays d\u2019accueil.<\/p>\n<p>Toutefois, pour certains, l\u2019horizon se floute quand il est question de se lancer dans une aventure entrepreneuriale avec un statut de migrant.<\/p>\n<p>Nkoy Emma Vanne Cliff, pr\u00e9sident de la Conf\u00e9d\u00e9ration des jeunes entrepreneurs et cadres d\u2019Afrique subsaharienne du Maroc, une entit\u00e9 qui rassemble pr\u00e8s de 200 entrepreneurs et cadres, n\u2019est pas de cet avis et veut \u00e9triller les pr\u00e9jug\u00e9s et les id\u00e9es toutes faites sur les opportunit\u00e9s de travail des migrants dans le Royaume.<\/p>\n<p>Congolais de nationalit\u00e9, il arrive au Maroc en tant qu\u2019\u00e9tudiant en comptabilit\u00e9 financi\u00e8re en octobre 2005 et y trouve bon refuge, jusqu\u2019\u00e0 aujourd\u2019hui.<\/p>\n<p>Il d\u00e9cidera, dix ans apr\u00e8s, de cr\u00e9er sa propre entreprise avec un statut d\u2019auto-entrepreneur, avant d\u2019\u00e9voluer vers une soci\u00e9t\u00e9 \u00e0 responsabilit\u00e9 limit\u00e9e (SARL). La raison derri\u00e8re sa d\u00e9cision se fonde sur le leitmotiv, cr\u00e9dible, de la grande opportunit\u00e9 que repr\u00e9sente le Maroc en termes de business, et \u00e0 travers lequel il a, dit-il, pu implanter des filiales dans diff\u00e9rents autres pays.<\/p>\n<p>Interrog\u00e9 sur les v\u00e9ritables sources de motivation qui convainquent les Subsahariens de se tourner vers l\u2019entrepreneuriat au Maroc, il r\u00e9pond qu\u2019ils le fassent pour deux raisons : soit par n\u00e9cessit\u00e9 et exercent dans la restauration, la coiffure ou le trading, soit parce qu\u2019ils ont fait des \u00e9tudes au Maroc et veulent se lancer pour leur propre compte.<\/p>\n<p>En termes d\u2019avantages, le jeune entrepreneur congolais explique qu\u2019au Maroc il y a \u00ab\u00a0un grand march\u00e9 de clients subsahariens et plein de choses qui se font dans le cadre de la coop\u00e9ration Sud-Sud, mais qui ne sont pas encore faites dans nos pays d\u2019origine, sans compter le climat d\u2019affaires qui est propice dans le Royaume\u00a0\u00bb.<\/p>\n<p>Et contrairement \u00e0 d\u2019autres pays m\u00e9diterran\u00e9ens, \u00ab\u00a0on n\u2019a pas besoin, au Maroc, d\u2019avoir un associ\u00e9 marocain pour cr\u00e9er sa propre entreprise et les entrepreneurs marocains sont toujours pr\u00eats \u00e0 collaborer avec leurs homologues subsahariens pour d\u00e9nicher les march\u00e9s au niveau de l\u2019Afrique subsaharienne\u00a0\u00bb, a-t-il rench\u00e9ri.<\/p>\n<p>Aux blancs-becs, migrants fra\u00eechement install\u00e9s au Maroc et aussi ceux qui pensent \u00e0 se convertir \u00e0 l\u2019entrepreneuriat, Nkoy Emma Vanne Cliff recommande que \u00ab\u00a0c\u2019est le bon moment pour se lancer dans l\u2019aventure\u00a0\u00bb.<\/p>\n<p>Auteur: M&rsquo;hammed rahal<br \/>\n<a href=\"http:\/\/albayane.press.ma\/%EF%BB%BFpetris-despoir-ils-sont-determines-a-gagner-leur-vie-par-le-travail.html\">Cliquez ici pour lire l&rsquo;article depuis sa source.<\/a><\/p>\n","protected":false},"excerpt":{"rendered":"<p>Les migrants subsahariens au Maroc Par : Saad BOUZROU \u2013MAP D\u2019aucuns le constatent et le disent : la plupart des migrants subsahariens qui pr\u00e9f\u00e8rent s\u2019installer au Maroc et en font d\u00e9sormais une terre d\u2019accueil et non plus un simple point de transit, expliquent leur choix pour des raisons essentiellement li\u00e9es aux perspectives socio-\u00e9conomiques que leur [&hellip;]<\/p>\n","protected":false},"author":1760,"featured_media":0,"comment_status":"closed","ping_status":"closed","sticky":false,"template":"","format":"standard","meta":{"fifu_image_url":"","fifu_image_alt":"","footnotes":""},"categories":[73,54],"tags":[],"class_list":["post-109266","post","type-post","status-publish","format-standard","hentry","category-actualite","category-maroc"],"_links":{"self":[{"href":"https:\/\/linitiative.ca\/International\/wp-json\/wp\/v2\/posts\/109266","targetHints":{"allow":["GET"]}}],"collection":[{"href":"https:\/\/linitiative.ca\/International\/wp-json\/wp\/v2\/posts"}],"about":[{"href":"https:\/\/linitiative.ca\/International\/wp-json\/wp\/v2\/types\/post"}],"author":[{"embeddable":true,"href":"https:\/\/linitiative.ca\/International\/wp-json\/wp\/v2\/users\/1760"}],"replies":[{"embeddable":true,"href":"https:\/\/linitiative.ca\/International\/wp-json\/wp\/v2\/comments?post=109266"}],"version-history":[{"count":0,"href":"https:\/\/linitiative.ca\/International\/wp-json\/wp\/v2\/posts\/109266\/revisions"}],"wp:attachment":[{"href":"https:\/\/linitiative.ca\/International\/wp-json\/wp\/v2\/media?parent=109266"}],"wp:term":[{"taxonomy":"category","embeddable":true,"href":"https:\/\/linitiative.ca\/International\/wp-json\/wp\/v2\/categories?post=109266"},{"taxonomy":"post_tag","embeddable":true,"href":"https:\/\/linitiative.ca\/International\/wp-json\/wp\/v2\/tags?post=109266"}],"curies":[{"name":"wp","href":"https:\/\/api.w.org\/{rel}","templated":true}]}}