{"id":109267,"date":"2021-01-14T10:03:10","date_gmt":"2021-01-14T15:03:10","guid":{"rendered":"https:\/\/linitiative.ca\/International\/%ef%bb%bfakil-macao-le-metteur-en-scene-de-lextraordinaire\/"},"modified":"2021-01-14T10:03:10","modified_gmt":"2021-01-14T15:03:10","slug":"%ef%bb%bfakil-macao-le-metteur-en-scene-de-lextraordinaire","status":"publish","type":"post","link":"https:\/\/linitiative.ca\/International\/%ef%bb%bfakil-macao-le-metteur-en-scene-de-lextraordinaire\/","title":{"rendered":"\ufeffAkil Macao, le metteur en sc\u00e8ne de l\u2019extraordinaire\u2026"},"content":{"rendered":"<p class=\"c2\"><strong>Reporter-photographe version XXL<\/strong><\/p>\n<p><strong>Exigeant envers lui-m\u00eame, \u00a0Ahmed Akil Macao est toujours aux aguets comme un guerrier au front du combat, usant de son \u00abarme\u00bb\u00a0 pour capter le d\u00e9roulement\u00a0 des \u00e9v\u00e9nements avec un regard anthropologique si l\u2019on osait l\u2019expression.En cette ann\u00e9e 2020, marqu\u00e9e par la propagation de la pand\u00e9mie due \u00e0 la Covid-19,\u00a0 le photographe du journal Al Bayane a tr\u00f4n\u00e9 \u00e0 nouveau sur le podium en d\u00e9crochant, pour sa deuxi\u00e8me participation cons\u00e9cutive, le Grand prix national de la presse dans la cat\u00e9gorie photo.\u00a0\u00a0 \u00a0\u00a0<\/strong><\/p>\n<p class=\"has-text-color has-vivid-red-color c3\"><strong>Khalid Darfaf<\/strong><\/p>\n<p>Pour lui, la photographie est plus qu\u2019un m\u00e9tier, c\u2019est un mode de vie, voire une raison d\u2019existence. La cam\u00e9ra, elle ne le quitte jamais, \u00a0\u00e9tant souvent sur le qui-vive pour peindre l\u2019instant, comme disait l\u2019artiste\u00a0\u00a0 Fabienne Verdier. \u00a0\u00a0\u00a0<\/p>\n<p>En fait, sa passion pour la photographie n\u2019a d\u2019\u00e9gal que son amour pour sa petite famille. \u00abJe suis n\u00e9 pour \u00eatre photographe et rien d\u2019autre\u00bb, lance-t-il, avec un grand sourire. Et d\u2019ajouter, \u00ab\u00a0la photographie, c\u2019est toute ma vie, ma bouff\u00e9e d\u2019oxyg\u00e8ne et une mani\u00e8re d\u2019\u00e9crire l\u2019histoire \u00e0 ma fa\u00e7on, car en fin de compte, le photographe n\u2019est rien d\u2019autre qu\u2019un t\u00e9moin qui relate le cours des \u00e9v\u00e9nements quotidiens\u00a0 \u00a0\u00e0 sa mani\u00e8re\u00bb.<\/p>\n<p>Pour ce natif de la ville de Casablanca, wydadi de souche, m\u00eame s\u2019il a vu le jour au c\u0153ur du Derb Kabir,\u00a0\u00ab\u00a0 la photo n\u2019immobilise pas l\u2019instant mais elle lui donne une deuxi\u00e8me vie\u00a0\u00bb. \u00a0<\/p>\n<p>Comme tous les enfants de son quartier, le jeune Macao faisait souvent le d\u00e9placement \u00e0 la place des Sraghna pour contempler les photographes en action. A cette \u00e9poque, visiteurs et touristes cherchaient \u00e0 \u00a0\u00e9terniser leur passage \u00e0 Casablanca en posant pour les photographes ambulants. \u00abC\u2019\u00e9tait pour moi le plus beau moment de la journ\u00e9e. Parfois, je me mettais de c\u00f4t\u00e9 et ce \u00e0 leur insu\u2026 Bref, cela me procurait un plaisir incommensurable\u00bb, raconte-t-il.<\/p>\n<p>A l\u2019\u00e2ge de 15 ans, notre photographe va faire connaissance d\u2019Abdellatif Berrada qui poss\u00e9dait un studio \u00e0 Derb Bouchentouf. Ce dernier lui proposa de travailler avec lui. \u00abC\u2019est gr\u00e2ce \u00e0 lui que j\u2019ai appris le b.a.ba du m\u00e9tier, et ce fut d\u2019ailleurs mon premier job\u00bb, confie-t-il.<\/p>\n<p>Al Bayane, une \u00e9cole<\/p>\n<p>Apr\u00e8s quelques ann\u00e9es de labour et apr\u00e8s avoir d\u00e9velopp\u00e9 ses comp\u00e9tences, Akil Maco va proposer ses services \u00e0 plusieurs supports de presse \u00e9crite pour assurer la couverture des comp\u00e9titions de football amateur.<\/p>\n<p>Il faut dire que \u00a0son ralliement au journal Al Bayane \u00a0\u00a0constituera un moment charni\u00e8re dans son parcours professionnel. \u00ab Al Bayane a amplement fa\u00e7onn\u00e9 ma vision du monde. C\u2019est plus qu\u2019une entreprise de presse.<\/p>\n<p>C\u2019est avant tout une deuxi\u00e8me famille \u00a0et une v\u00e9ritable\u00a0 \u00e9cole qui m\u2019a permis, outre d\u2019aiguiser mes comp\u00e9tences, de c\u00f4toyer de grandes personnalit\u00e9s et des militants\u00a0 qui ont marqu\u00e9 l\u2019histoire du Royaume, en l\u2019occurrence feu Ali Yata, Isma\u00ebl El Alaoui, Nabil Benabdallah,\u2026\u00bb, se rappelle-t-il. Qui plus est, ajoute Macao, cette institution m\u2019a permis de poursuivre des formations pour \u00e9largir davantage mes connaissances. A l\u2019institut sup\u00e9rieur de l\u2019information et la communication, Akil Macao a eu le privil\u00e8ge d\u2019assister \u00e0 des cours de formation donn\u00e9s par Pascal Rossignol, un photographe de la prestigieuse agence de presse Reuters.<\/p>\n<p>\u00abJe n\u2019oublierai jamais le jour o\u00f9 il a dit \u00e0 mes coll\u00e8gues de rester coll\u00e9s \u00e0 leurs appareils et d\u2019\u00eatre souvent patients, tout en leur conseillant de me prendre pour exemple\u00bb, raconte-t-il. \u00abCe fut un moment de fiert\u00e9 et de reconnaissance\u00bb, se souvient-il.<\/p>\n<p>Apr\u00e8s des ann\u00e9es de labeur et sans d\u00e9semparer, Macao va \u00eatre sacr\u00e9 meilleur photographe sportif au Royaume de Bahre\u00efn en septembre 2015. Une manifestation qui a vu la participation de plus de 16 pays arabes. La m\u00eame ann\u00e9e, il va \u00eatre r\u00e9\u00e9lu \u00e0 la t\u00eate de la Rabita des photographes de la presse sportive marocaine (RPPS).<\/p>\n<p>Et ce n\u2019est pas tout, car comme dit l\u2019adage, un bonheur n\u2019arrive jamais seul. Akil Macao va \u00eatre prim\u00e9 au grand prix national de la presse 2015.Quant au secret de tout ce succ\u00e8s, Macao r\u00e9pond qu\u2019il n\u2019a pas de recette miracle. \u00abJe remercie vivement toutes les personnes qui m\u2019ont aid\u00e9 dans ma carri\u00e8re, notamment ma ch\u00e8re \u00e9pouse Hasna que j\u2019aime beaucoup et qui ne m\u00e9nage aucun effort pour me soutenir et qui prend soin de nos enfants durant mes absences fr\u00e9quentes \u00bb, affirme-t-il, avant de souligner que cette r\u00e9compense, il la doit aussi \u00e0 l\u2019ensemble du staff de la direction Al Bayane et \u00e0 sa t\u00eate le Directeur de la publicvation, Mahtat Rakas, qui ne l\u00e9sine point sur les moyens pour l\u2019\u00e9panouissement de l\u2019entreprise et de toutes ses comp\u00e9tences \u00a0\u00bb, conclut notre interlocuteur.<\/p>\n<p>Auteur: M&rsquo;hammed rahal<br \/>\n<a href=\"http:\/\/albayane.press.ma\/%EF%BB%BFakil-macao-le-metteur-en-scene-de-lextraordinaire.html\">Cliquez ici pour lire l&rsquo;article depuis sa source.<\/a><\/p>\n","protected":false},"excerpt":{"rendered":"<p>Reporter-photographe version XXL Exigeant envers lui-m\u00eame, \u00a0Ahmed Akil Macao est toujours aux aguets comme un guerrier au front du combat, usant de son \u00abarme\u00bb\u00a0 pour capter le d\u00e9roulement\u00a0 des \u00e9v\u00e9nements avec un regard anthropologique si l\u2019on osait l\u2019expression.En cette ann\u00e9e 2020, marqu\u00e9e par la propagation de la pand\u00e9mie due \u00e0 la Covid-19,\u00a0 le photographe du [&hellip;]<\/p>\n","protected":false},"author":1760,"featured_media":0,"comment_status":"closed","ping_status":"closed","sticky":false,"template":"","format":"standard","meta":{"fifu_image_url":"","fifu_image_alt":"","footnotes":""},"categories":[73,54],"tags":[],"class_list":["post-109267","post","type-post","status-publish","format-standard","hentry","category-actualite","category-maroc"],"_links":{"self":[{"href":"https:\/\/linitiative.ca\/International\/wp-json\/wp\/v2\/posts\/109267","targetHints":{"allow":["GET"]}}],"collection":[{"href":"https:\/\/linitiative.ca\/International\/wp-json\/wp\/v2\/posts"}],"about":[{"href":"https:\/\/linitiative.ca\/International\/wp-json\/wp\/v2\/types\/post"}],"author":[{"embeddable":true,"href":"https:\/\/linitiative.ca\/International\/wp-json\/wp\/v2\/users\/1760"}],"replies":[{"embeddable":true,"href":"https:\/\/linitiative.ca\/International\/wp-json\/wp\/v2\/comments?post=109267"}],"version-history":[{"count":0,"href":"https:\/\/linitiative.ca\/International\/wp-json\/wp\/v2\/posts\/109267\/revisions"}],"wp:attachment":[{"href":"https:\/\/linitiative.ca\/International\/wp-json\/wp\/v2\/media?parent=109267"}],"wp:term":[{"taxonomy":"category","embeddable":true,"href":"https:\/\/linitiative.ca\/International\/wp-json\/wp\/v2\/categories?post=109267"},{"taxonomy":"post_tag","embeddable":true,"href":"https:\/\/linitiative.ca\/International\/wp-json\/wp\/v2\/tags?post=109267"}],"curies":[{"name":"wp","href":"https:\/\/api.w.org\/{rel}","templated":true}]}}