{"id":109270,"date":"2021-01-14T03:25:19","date_gmt":"2021-01-14T08:25:19","guid":{"rendered":"https:\/\/linitiative.ca\/International\/conect-pas-de-relance-economique-possible-sans-vaccination\/"},"modified":"2021-01-14T03:25:19","modified_gmt":"2021-01-14T08:25:19","slug":"conect-pas-de-relance-economique-possible-sans-vaccination","status":"publish","type":"post","link":"https:\/\/linitiative.ca\/International\/conect-pas-de-relance-economique-possible-sans-vaccination\/","title":{"rendered":"CONECT : Pas de relance \u00e9conomique possible sans vaccination"},"content":{"rendered":"<div class=\"td-post-content\">\n<h2>Les membres du bureau ex\u00e9cutif de la\u00a0<a href=\"https:\/\/www.facebook.com\/conect.tunisie\/\" target=\"_blank\" rel=\"noopener noreferrer\">Conf\u00e9d\u00e9ration des Entreprises Citoyennes de Tunisie<\/a>\u00a0(CONECT) ont exprim\u00e9 leur vive inqui\u00e9tude en l\u2019absence d\u2019une strat\u00e9gie nationale de vaccination. Et ce lors de leur r\u00e9union du mardi 12 janvier 2021.<\/h2>\n<p>\u00ab\u00a0Il est \u00e9vident qu\u2019aucune relance \u00e9conomique n\u2019est possible sans un plan national de vaccination massive. Le gouvernement est aujourd\u2019hui face \u00e0 une responsabilit\u00e9 historique en cette p\u00e9riode de guerre sanitaire\u00a0\u00bb, lit-on dans un communiqu\u00e9 de la Conect publi\u00e9 aujourd\u2019hui.<\/p>\n<p>Et d\u2019ajouter qu\u2019il est urgent que les autorit\u00e9s comp\u00e9tentes communiquent au public la strat\u00e9gie de vaccination en pr\u00e9cisant les conditions de priorit\u00e9 et la logistique adopt\u00e9e.<\/p>\n<p>La Conect a, en outre, rappel\u00e9 que le secteur priv\u00e9 est dispos\u00e9 \u00e0 renforcer l\u2019effort national pour que la vaccination de la population se fasse dans les d\u00e9lais les plus courts et dans les conditions sanitaires ad\u00e9quates.<\/p>\n<p>La conf\u00e9d\u00e9ration a ajout\u00e9 que seuls la vaccination imminente et massive, ainsi que le protocole sanitaire scrupuleusement respect\u00e9 permettront \u00e0 notre pays de<a href=\"http:\/\/www.leconomistemaghrebin.com\/2021\/01\/13\/tunisie-coronavirus-bilan-alourdit-5343-deces\/\" target=\"_blank\" rel=\"noopener noreferrer\">\u00a0lutter contre cette pand\u00e9mie.<\/a>\u00a0Celle-ci constitue une menace pour les vies humaines et pour l\u2019\u00e9conomie nationale.<\/p>\n<p>Pour rappel, le comit\u00e9 national de lutte contre la Covid-19 a d\u00e9cid\u00e9 un confinement g\u00e9n\u00e9ral \u00e0 partir du jeudi 14 janvier jusqu\u2019au dimanche 17 janvier 2021.<\/p>\n<div class=\"td-a-rec td-a-rec-id-content_bottom td_uid_44_5ffffb8506a06_rand td_block_template_1\">leconomistemaghrebin<\/div>\n<\/div>\n<footer>\n<\/footer>\n<div class=\"wp-post-author-wrap wp-post-author-shortcode left\">\n<h3 class=\"awpa-title\"\/>\n<div class=\"wp-post-author\">\n<div class=\"awpa-img awpa-author-block square\"><a href=\"http:\/\/lexpertjournal.net\/fr\/?author=5\"><img loading=\"lazy\" decoding=\"async\" alt=\"\" src=\"http:\/\/0.gravatar.com\/avatar\/97f8e10a1c1125ba104a76514ee07b16?s=150&amp;d=mm&amp;r=g\" srcset=\"http:\/\/0.gravatar.com\/avatar\/97f8e10a1c1125ba104a76514ee07b16?s=300&amp;d=mm&amp;r=g 2x\" class=\"avatar avatar-150 photo\" height=\"150\" width=\"150\"\/><\/a><\/div>\n<\/div>\n<\/div>\n<aside class=\"mashsb-container mashsb-main mashsb-stretched\">\n<\/aside>\n<p>Auteur: L&rsquo;expert<br \/>\n<a href=\"http:\/\/lexpertjournal.net\/fr\/?p=18111\">Cliquez ici pour lire l&rsquo;article depuis sa source.<\/a><\/p>\n","protected":false},"excerpt":{"rendered":"<p>Les membres du bureau ex\u00e9cutif de la\u00a0Conf\u00e9d\u00e9ration des Entreprises Citoyennes de Tunisie\u00a0(CONECT) ont exprim\u00e9 leur vive inqui\u00e9tude en l\u2019absence d\u2019une strat\u00e9gie nationale de vaccination. Et ce lors de leur r\u00e9union du mardi 12 janvier 2021. \u00ab\u00a0Il est \u00e9vident qu\u2019aucune relance \u00e9conomique n\u2019est possible sans un plan national de vaccination massive. Le gouvernement est aujourd\u2019hui face [&hellip;]<\/p>\n","protected":false},"author":1775,"featured_media":0,"comment_status":"closed","ping_status":"closed","sticky":false,"template":"","format":"standard","meta":{"fifu_image_url":"http:\/\/0.gravatar.com\/avatar\/97f8e10a1c1125ba104a76514ee07b16?s=150&d=mm&r=g","fifu_image_alt":"CONECT : Pas de relance \u00e9conomique possible sans vaccination","footnotes":""},"categories":[78,55],"tags":[],"class_list":["post-109270","post","type-post","status-publish","format-standard","hentry","category-economie","category-tunisie"],"_links":{"self":[{"href":"https:\/\/linitiative.ca\/International\/wp-json\/wp\/v2\/posts\/109270","targetHints":{"allow":["GET"]}}],"collection":[{"href":"https:\/\/linitiative.ca\/International\/wp-json\/wp\/v2\/posts"}],"about":[{"href":"https:\/\/linitiative.ca\/International\/wp-json\/wp\/v2\/types\/post"}],"author":[{"embeddable":true,"href":"https:\/\/linitiative.ca\/International\/wp-json\/wp\/v2\/users\/1775"}],"replies":[{"embeddable":true,"href":"https:\/\/linitiative.ca\/International\/wp-json\/wp\/v2\/comments?post=109270"}],"version-history":[{"count":0,"href":"https:\/\/linitiative.ca\/International\/wp-json\/wp\/v2\/posts\/109270\/revisions"}],"wp:attachment":[{"href":"https:\/\/linitiative.ca\/International\/wp-json\/wp\/v2\/media?parent=109270"}],"wp:term":[{"taxonomy":"category","embeddable":true,"href":"https:\/\/linitiative.ca\/International\/wp-json\/wp\/v2\/categories?post=109270"},{"taxonomy":"post_tag","embeddable":true,"href":"https:\/\/linitiative.ca\/International\/wp-json\/wp\/v2\/tags?post=109270"}],"curies":[{"name":"wp","href":"https:\/\/api.w.org\/{rel}","templated":true}]}}