{"id":109271,"date":"2021-01-14T05:41:38","date_gmt":"2021-01-14T10:41:38","guid":{"rendered":"https:\/\/linitiative.ca\/International\/covid-19-lalgerie-partagerait-ses-vaccins-avec-la-tunisie\/"},"modified":"2021-01-14T05:41:38","modified_gmt":"2021-01-14T10:41:38","slug":"covid-19-lalgerie-partagerait-ses-vaccins-avec-la-tunisie","status":"publish","type":"post","link":"https:\/\/linitiative.ca\/International\/covid-19-lalgerie-partagerait-ses-vaccins-avec-la-tunisie\/","title":{"rendered":"Covid-19 : l\u2019Alg\u00e9rie partagerait ses vaccins avec la Tunisie"},"content":{"rendered":"<p>L\u2019Alg\u00e9rie partagerait ses vaccins anti-covid-19 avec la Tunisie d\u00e8s qu\u2019elle les re\u00e7oit. D\u00e9clare le ministre des Affaires \u00e9trang\u00e8res, de la Migration et des Tunisiens r\u00e9sidents \u00e0 l\u2019\u00e9tranger, Othman Jerandi. Et ce suite \u00e0 son entretien avec le\u00a0<a href=\"https:\/\/www.carthage.tn\/\" target=\"_blank\" rel=\"noopener noreferrer\">Pr\u00e9sident de la R\u00e9publique<\/a>\u00a0Ka\u00efs Sa\u00efed, aujourd\u2019hui 13 janvier.<\/p>\n<p>Le ministre affirme qu\u2019il a discut\u00e9 avec son homologue alg\u00e9rien. Ce dernier\u00a0 lui a assur\u00e9 l\u2019intention des autorit\u00e9s alg\u00e9riennes de partager ses vaccins avec le peuple tunisien. Cependant, il pr\u00e9cise que son pays n\u2019a pas encore re\u00e7u les vaccins. Dans le m\u00eame sillage, le ministre alg\u00e9rien a affirm\u00e9 \u00e0 son homologue tunisien que le Pr\u00e9sident alg\u00e9rien\u00a0<a href=\"http:\/\/www.leconomistemaghrebin.com\/2020\/12\/17\/entretien-telephonique-kais-saied-abdelmajid-tebboune\/\">Abdelmajid Tebboune<\/a>\u00a0\u00a0s\u2019est engag\u00e9 en personne pour tenir cette promesse.<\/p>\n<p><strong>leconomistemaghrebin<\/strong><\/p>\n<div class=\"wp-post-author-wrap wp-post-author-shortcode left\">\n<h3 class=\"awpa-title\"\/>\n<div class=\"wp-post-author\">\n<div class=\"awpa-img awpa-author-block square\"><a href=\"http:\/\/lexpertjournal.net\/fr\/?author=5\"><img loading=\"lazy\" decoding=\"async\" alt=\"\" src=\"http:\/\/0.gravatar.com\/avatar\/97f8e10a1c1125ba104a76514ee07b16?s=150&amp;d=mm&amp;r=g\" srcset=\"http:\/\/0.gravatar.com\/avatar\/97f8e10a1c1125ba104a76514ee07b16?s=300&amp;d=mm&amp;r=g 2x\" class=\"avatar avatar-150 photo\" height=\"150\" width=\"150\"\/><\/a><\/div>\n<\/div>\n<\/div>\n<aside class=\"mashsb-container mashsb-main mashsb-stretched\">\n<\/aside>\n<p>Auteur: L&rsquo;expert<br \/>\n<a href=\"http:\/\/lexpertjournal.net\/fr\/?p=18116\">Cliquez ici pour lire l&rsquo;article depuis sa source.<\/a><\/p>\n","protected":false},"excerpt":{"rendered":"<p>L\u2019Alg\u00e9rie partagerait ses vaccins anti-covid-19 avec la Tunisie d\u00e8s qu\u2019elle les re\u00e7oit. D\u00e9clare le ministre des Affaires \u00e9trang\u00e8res, de la Migration et des Tunisiens r\u00e9sidents \u00e0 l\u2019\u00e9tranger, Othman Jerandi. Et ce suite \u00e0 son entretien avec le\u00a0Pr\u00e9sident de la R\u00e9publique\u00a0Ka\u00efs Sa\u00efed, aujourd\u2019hui 13 janvier. Le ministre affirme qu\u2019il a discut\u00e9 avec son homologue alg\u00e9rien. Ce [&hellip;]<\/p>\n","protected":false},"author":1775,"featured_media":0,"comment_status":"closed","ping_status":"closed","sticky":false,"template":"","format":"standard","meta":{"fifu_image_url":"http:\/\/0.gravatar.com\/avatar\/97f8e10a1c1125ba104a76514ee07b16?s=150&d=mm&r=g","fifu_image_alt":"Covid-19 : l\u2019Alg\u00e9rie partagerait ses vaccins avec la Tunisie","footnotes":""},"categories":[78,55],"tags":[],"class_list":["post-109271","post","type-post","status-publish","format-standard","hentry","category-economie","category-tunisie"],"_links":{"self":[{"href":"https:\/\/linitiative.ca\/International\/wp-json\/wp\/v2\/posts\/109271","targetHints":{"allow":["GET"]}}],"collection":[{"href":"https:\/\/linitiative.ca\/International\/wp-json\/wp\/v2\/posts"}],"about":[{"href":"https:\/\/linitiative.ca\/International\/wp-json\/wp\/v2\/types\/post"}],"author":[{"embeddable":true,"href":"https:\/\/linitiative.ca\/International\/wp-json\/wp\/v2\/users\/1775"}],"replies":[{"embeddable":true,"href":"https:\/\/linitiative.ca\/International\/wp-json\/wp\/v2\/comments?post=109271"}],"version-history":[{"count":0,"href":"https:\/\/linitiative.ca\/International\/wp-json\/wp\/v2\/posts\/109271\/revisions"}],"wp:attachment":[{"href":"https:\/\/linitiative.ca\/International\/wp-json\/wp\/v2\/media?parent=109271"}],"wp:term":[{"taxonomy":"category","embeddable":true,"href":"https:\/\/linitiative.ca\/International\/wp-json\/wp\/v2\/categories?post=109271"},{"taxonomy":"post_tag","embeddable":true,"href":"https:\/\/linitiative.ca\/International\/wp-json\/wp\/v2\/tags?post=109271"}],"curies":[{"name":"wp","href":"https:\/\/api.w.org\/{rel}","templated":true}]}}