{"id":109274,"date":"2021-01-14T12:53:54","date_gmt":"2021-01-14T17:53:54","guid":{"rendered":"https:\/\/linitiative.ca\/International\/approbation-de-plusieurs-projets-de-conventions-de-partenariat\/"},"modified":"2021-01-14T12:53:54","modified_gmt":"2021-01-14T17:53:54","slug":"approbation-de-plusieurs-projets-de-conventions-de-partenariat","status":"publish","type":"post","link":"https:\/\/linitiative.ca\/International\/approbation-de-plusieurs-projets-de-conventions-de-partenariat\/","title":{"rendered":"Approbation de plusieurs projets de conventions de partenariat"},"content":{"rendered":"<div readability=\"36\">\n<p>Benguerir (province de Rehamna) \u2013 Le Conseil provincial de Rehamna, r\u00e9uni mardi en session ordinaire au si\u00e8ge de la pr\u00e9fecture de la province \u00e0 Benguerir, a approuv\u00e9 plusieurs projets de conventions de partenariat concernant moult domaines.<\/p>\n<\/div>\n<div readability=\"75\">\n<p>Tenue en pr\u00e9sence du premier vice-pr\u00e9sident du Conseil, M. Salah Kheir, et du gouverneur de la province, M. Aziz Bouignane, cette r\u00e9union a \u00e9t\u00e9 l\u2019occasion pour l\u2019adoption d\u2019un projet de convention de partenariat entre le Conseil provincial de Rehamna et l\u2019Association Rhamna pour les Ressources Humaines.<\/p>\n<p>L\u2019instance \u00e9lue a aussi approuv\u00e9 deux projets de conventions de partenariat entre le Conseil provincial et l\u2019Association Rhamna des services sociaux portant sur la gestion du transport scolaire, ainsi que sur la gestion des transport m\u00e9dical et sportif.<\/p>\n<p>Lors de cette r\u00e9union de travail, les membres de l\u2019instance \u00e9lue ont \u00e9galement proc\u00e9d\u00e9 \u00e0 l\u2019adoption d\u2019un projet de convention de partenariat entre le Conseil provincial et l\u2019Association des \u0153uvres sociales et culturelles des fonctionnaires et agents de la pr\u00e9fecture de la province de Rehamna, et d\u2019une convention de partenariat entre le Conseil provincial et l\u2019Association des m\u00e9decins, pharmaciens et dentistes de Rehamna.<\/p>\n<p>Les membres du Conseil ont de m\u00eame, approuv\u00e9 le projet d\u2019une convention de partenariat entre le Conseil provincial et le Conseil communal de Labrikiyne concernant la mise \u00e0 disposition d\u2019un v\u00e9hicule fun\u00e9raire, au profit des habitants des communes Labrikiyine, Sidi Ali Labrahla, Ouled Hassoune Hamri.<\/p>\n<p>Cette session a \u00e9t\u00e9 marqu\u00e9e par la pr\u00e9sentation d\u2019un rapport d\u2019information sur les activit\u00e9s du Conseil provincial conform\u00e9ment \u00e0 l\u2019article 104 de la loi organique N\u00b0 14-112 relative aux pr\u00e9fectures et provinces, ainsi qu\u2019une pr\u00e9sentation de l\u2019exc\u00e9dent r\u00e9el disponible au titre de l\u2019ann\u00e9e financi\u00e8re 2020, ainsi que l\u2019approbation du lancement du programme de d\u00e9veloppement provincial.<\/p>\n<p>\u00c0 l\u2019issue de cette session, les membres du Conseil ont soumis une requ\u00eate aux autorit\u00e9s comp\u00e9tentes concernant la r\u00e9alisation de certaines routes dans la province dans le cadre du programme de r\u00e9duction des disparit\u00e9s territoriales, et une autre requ\u00eate pour l\u2019h\u00e9bergement des \u00e9tudiantes et \u00e9tudiants b\u00e9n\u00e9ficiant du transport scolaire apr\u00e8s la tranche d\u2019horaire de l\u2019apr\u00e8s-midi.<\/p>\n<\/div>\n<p>Auteur: Meriem IGASS<br \/>\n<a href=\"http:\/\/www.mapmarrakech.ma\/fr\/approbation-de-plusieurs-projets-de-conventions-de-partenariat\/\">Cliquez ici pour lire l&rsquo;article depuis sa source.<\/a><\/p>\n","protected":false},"excerpt":{"rendered":"<p>Benguerir (province de Rehamna) \u2013 Le Conseil provincial de Rehamna, r\u00e9uni mardi en session ordinaire au si\u00e8ge de la pr\u00e9fecture de la province \u00e0 Benguerir, a approuv\u00e9 plusieurs projets de conventions de partenariat concernant moult domaines. Tenue en pr\u00e9sence du premier vice-pr\u00e9sident du Conseil, M. Salah Kheir, et du gouverneur de la province, M. Aziz [&hellip;]<\/p>\n","protected":false},"author":1788,"featured_media":0,"comment_status":"closed","ping_status":"closed","sticky":false,"template":"","format":"standard","meta":{"fifu_image_url":"","fifu_image_alt":"","footnotes":""},"categories":[54,76],"tags":[],"class_list":["post-109274","post","type-post","status-publish","format-standard","hentry","category-maroc","category-regions"],"_links":{"self":[{"href":"https:\/\/linitiative.ca\/International\/wp-json\/wp\/v2\/posts\/109274","targetHints":{"allow":["GET"]}}],"collection":[{"href":"https:\/\/linitiative.ca\/International\/wp-json\/wp\/v2\/posts"}],"about":[{"href":"https:\/\/linitiative.ca\/International\/wp-json\/wp\/v2\/types\/post"}],"author":[{"embeddable":true,"href":"https:\/\/linitiative.ca\/International\/wp-json\/wp\/v2\/users\/1788"}],"replies":[{"embeddable":true,"href":"https:\/\/linitiative.ca\/International\/wp-json\/wp\/v2\/comments?post=109274"}],"version-history":[{"count":0,"href":"https:\/\/linitiative.ca\/International\/wp-json\/wp\/v2\/posts\/109274\/revisions"}],"wp:attachment":[{"href":"https:\/\/linitiative.ca\/International\/wp-json\/wp\/v2\/media?parent=109274"}],"wp:term":[{"taxonomy":"category","embeddable":true,"href":"https:\/\/linitiative.ca\/International\/wp-json\/wp\/v2\/categories?post=109274"},{"taxonomy":"post_tag","embeddable":true,"href":"https:\/\/linitiative.ca\/International\/wp-json\/wp\/v2\/tags?post=109274"}],"curies":[{"name":"wp","href":"https:\/\/api.w.org\/{rel}","templated":true}]}}