{"id":109275,"date":"2021-01-13T14:53:55","date_gmt":"2021-01-13T19:53:55","guid":{"rendered":"https:\/\/linitiative.ca\/International\/le-cri-et-lapebi-sengagent-ensemble-dans-la-transformation-digitale\/"},"modified":"2021-01-13T14:53:55","modified_gmt":"2021-01-13T19:53:55","slug":"le-cri-et-lapebi-sengagent-ensemble-dans-la-transformation-digitale","status":"publish","type":"post","link":"https:\/\/linitiative.ca\/International\/le-cri-et-lapebi-sengagent-ensemble-dans-la-transformation-digitale\/","title":{"rendered":"Le CRI et l\u2019APEBI s\u2019engagent ensemble dans la transformation digitale"},"content":{"rendered":"<p class=\"c4\">Le Centre r\u00e9gional d\u2019investissement (CRI) de l\u2019Oriental et la F\u00e9d\u00e9ration des technologies de l\u2019information, des t\u00e9l\u00e9communications et de l\u2019offshoring (APEBI) ont sign\u00e9, mercredi \u00e0 Oujda, un m\u00e9morandum d\u2019entente dans lequel ils s\u2019engagent ensemble dans le d\u00e9veloppement acc\u00e9l\u00e9r\u00e9 des \u00e9cosyst\u00e8mes de l\u2019offshoring et du digital au niveau local.<\/p>\n<p class=\"c4\">Le m\u00e9morandum d\u2019entente a \u00e9t\u00e9 sign\u00e9 par le directeur g\u00e9n\u00e9ral du CRI, Sabri Mohamed, et le pr\u00e9sident de l\u2019APEBI, Amine Zarouk, et ce lors d\u2019une c\u00e9r\u00e9monie pr\u00e9sid\u00e9e par le Wali de la r\u00e9gion de l\u2019Oriental et gouverneur de la pr\u00e9fecture d\u2019Oujda-Angad, Mouad El Jamai.<\/p>\n<p class=\"c4\">Un communiqu\u00e9 du CRI de l\u2019Oriental pr\u00e9cise que ce m\u00e9morandum d\u2019entente s\u2019inscrit dans le cadre d\u2019une d\u00e9marche active de r\u00e9gionalisation pour le d\u00e9veloppement acc\u00e9l\u00e9r\u00e9 des \u00e9cosyst\u00e8mes de l\u2019offshoring et du digital au niveau local et la confirmation de la r\u00e9gion de l\u2019Oriental comme destination de choix pour le secteur de l\u2019offshoring.<\/p>\n<p class=\"c4\">Ce partenariat s\u2019articule autour de trois axes, \u00e0 savoir la mise en place d\u2019un mod\u00e8le d\u2019\u00e9cosyst\u00e8me digital pilote au niveau de la r\u00e9gion de l\u2019Oriental, la mobilisation et la f\u00e9d\u00e9ration des acteurs locaux de l\u2019IT, et le soutien et la formation des op\u00e9rateurs \u00e9conomiques de la r\u00e9gion, note la m\u00eame source.<\/p>\n<p class=\"c4\">Et de poursuivre que ce partenariat d\u00e9bouchera sur la cr\u00e9ation d\u2019une antenne de l\u2019APEBI dans la r\u00e9gion de l\u2019Oriental.<\/p>\n<p class=\"c4\">La signature du m\u00e9morandum, rel\u00e8ve encore le communiqu\u00e9, rentre dans le sillage de la strat\u00e9gie men\u00e9e au niveau de la r\u00e9gion et dans les bases ont \u00e9t\u00e9 jet\u00e9es par M. El Jamai pour la digitalisation du secteur \u00e9conomique et l\u2019am\u00e9lioration du positionnement de la r\u00e9gion de l\u2019Oriental et son attractivit\u00e9.<\/p>\n<p class=\"c4\">Les efforts d\u00e9ploy\u00e9s dans le cadre de ladite strat\u00e9gie ont permis en 2020 l\u2019implantation de trois projets structurants dans le secteur de l\u2019offshoring devant permettre la cr\u00e9ation de plus de 2.000 emplois.<\/p>\n<p>Auteur: Soufiane ELAHMAR<br \/>\n<a href=\"http:\/\/www.mapoujda.ma\/fr\/le-cri-et-lapebi-sengagent-ensemble-dans-la-transformation-digitale\/\">Cliquez ici pour lire l&rsquo;article depuis sa source.<\/a><\/p>\n","protected":false},"excerpt":{"rendered":"<p>Le Centre r\u00e9gional d\u2019investissement (CRI) de l\u2019Oriental et la F\u00e9d\u00e9ration des technologies de l\u2019information, des t\u00e9l\u00e9communications et de l\u2019offshoring (APEBI) ont sign\u00e9, mercredi \u00e0 Oujda, un m\u00e9morandum d\u2019entente dans lequel ils s\u2019engagent ensemble dans le d\u00e9veloppement acc\u00e9l\u00e9r\u00e9 des \u00e9cosyst\u00e8mes de l\u2019offshoring et du digital au niveau local. Le m\u00e9morandum d\u2019entente a \u00e9t\u00e9 sign\u00e9 par le [&hellip;]<\/p>\n","protected":false},"author":1788,"featured_media":0,"comment_status":"closed","ping_status":"closed","sticky":false,"template":"","format":"standard","meta":{"fifu_image_url":"","fifu_image_alt":"","footnotes":""},"categories":[54,76],"tags":[],"class_list":["post-109275","post","type-post","status-publish","format-standard","hentry","category-maroc","category-regions"],"_links":{"self":[{"href":"https:\/\/linitiative.ca\/International\/wp-json\/wp\/v2\/posts\/109275","targetHints":{"allow":["GET"]}}],"collection":[{"href":"https:\/\/linitiative.ca\/International\/wp-json\/wp\/v2\/posts"}],"about":[{"href":"https:\/\/linitiative.ca\/International\/wp-json\/wp\/v2\/types\/post"}],"author":[{"embeddable":true,"href":"https:\/\/linitiative.ca\/International\/wp-json\/wp\/v2\/users\/1788"}],"replies":[{"embeddable":true,"href":"https:\/\/linitiative.ca\/International\/wp-json\/wp\/v2\/comments?post=109275"}],"version-history":[{"count":0,"href":"https:\/\/linitiative.ca\/International\/wp-json\/wp\/v2\/posts\/109275\/revisions"}],"wp:attachment":[{"href":"https:\/\/linitiative.ca\/International\/wp-json\/wp\/v2\/media?parent=109275"}],"wp:term":[{"taxonomy":"category","embeddable":true,"href":"https:\/\/linitiative.ca\/International\/wp-json\/wp\/v2\/categories?post=109275"},{"taxonomy":"post_tag","embeddable":true,"href":"https:\/\/linitiative.ca\/International\/wp-json\/wp\/v2\/tags?post=109275"}],"curies":[{"name":"wp","href":"https:\/\/api.w.org\/{rel}","templated":true}]}}