{"id":109276,"date":"2021-01-13T17:06:49","date_gmt":"2021-01-13T22:06:49","guid":{"rendered":"https:\/\/linitiative.ca\/International\/le-mois-de-joumada-al-akhira-1442-de-lhegire-debute-vendredi\/"},"modified":"2021-01-13T17:06:49","modified_gmt":"2021-01-13T22:06:49","slug":"le-mois-de-joumada-al-akhira-1442-de-lhegire-debute-vendredi","status":"publish","type":"post","link":"https:\/\/linitiative.ca\/International\/le-mois-de-joumada-al-akhira-1442-de-lhegire-debute-vendredi\/","title":{"rendered":"Le mois de Joumada Al Akhira 1442 de l\u2019h\u00e9gire d\u00e9bute vendredi"},"content":{"rendered":"<div class=\"single-featured\"><img alt=\"\" data-src=\"http:\/\/www.mapoujda.ma\/map\/uploads\/2021\/01\/ministere-des-habous-750x430-DR.jpg\"\/><\/div>\n<div class=\"entry-content clearfix single-post-content\" readability=\"60\">\n<p class=\"c4\">Le mois de Joumada Al Akhira 1442 de l\u2019h\u00e9gire d\u00e9butera le vendredi 15 janvier 2021, annonce mercredi soir le minist\u00e8re des Habous et des Affaires islamiques.<\/p>\n<p class=\"c4\">Dans un communiqu\u00e9, le minist\u00e8re indique avoir contact\u00e9 les d\u00e9l\u00e9gu\u00e9s des affaires islamiques et les unit\u00e9s des Forces arm\u00e9es royales qui lui ont confirm\u00e9 la non-observation du croissant lunaire annon\u00e7ant le d\u00e9but du mois de Joumada Al Akhira dans la soir\u00e9e du mercredi 29 Joumada 1er, correspondant au 13 janvier 2021.<\/p>\n<p class=\"c4\">De ce fait, le mois de Joumada 1er aura atteint 30 jours et le 1er du mois de Joumada Al Akhira correspondra au vendredi 15 janvier 2021, selon la m\u00eame source.<\/p>\n<p class=\"c4\">Puisse Dieu, en ce mois b\u00e9ni, combler de Ses faveurs Amir Al Mouminine, protecteur de la Nation et de la religion, SM le Roi Mohammed VI, que Dieu Le glorifie, et de renouveler pareille occasion pour SAR le Prince H\u00e9ritier Moulay El Hassan et l\u2019ensemble des membres de l\u2019Illustre Famille Royale ainsi que pour le peuple marocain et l\u2019ensemble de la Oumma islamique dans le progr\u00e8s, la prosp\u00e9rit\u00e9, la s\u00e9curit\u00e9 et la qui\u00e9tude, conclut le minist\u00e8re.<\/p>\n<\/div>\n<p>Auteur: Soufiane ELAHMAR<br \/>\n<a href=\"http:\/\/www.mapoujda.ma\/fr\/le-mois-de-joumada-al-akhira-1442-de-lhegire-debute-vendredi\/\">Cliquez ici pour lire l&rsquo;article depuis sa source.<\/a><\/p>\n","protected":false},"excerpt":{"rendered":"<p>Le mois de Joumada Al Akhira 1442 de l\u2019h\u00e9gire d\u00e9butera le vendredi 15 janvier 2021, annonce mercredi soir le minist\u00e8re des Habous et des Affaires islamiques. Dans un communiqu\u00e9, le minist\u00e8re indique avoir contact\u00e9 les d\u00e9l\u00e9gu\u00e9s des affaires islamiques et les unit\u00e9s des Forces arm\u00e9es royales qui lui ont confirm\u00e9 la non-observation du croissant lunaire [&hellip;]<\/p>\n","protected":false},"author":1788,"featured_media":0,"comment_status":"closed","ping_status":"closed","sticky":false,"template":"","format":"standard","meta":{"fifu_image_url":"http:\/\/www.mapoujda.ma\/map\/uploads\/2021\/01\/ministere-des-habous-750x430-DR.jpg","fifu_image_alt":"Le mois de Joumada Al Akhira 1442 de l\u2019h\u00e9gire d\u00e9bute vendredi","footnotes":""},"categories":[54,76],"tags":[],"class_list":["post-109276","post","type-post","status-publish","format-standard","hentry","category-maroc","category-regions"],"_links":{"self":[{"href":"https:\/\/linitiative.ca\/International\/wp-json\/wp\/v2\/posts\/109276","targetHints":{"allow":["GET"]}}],"collection":[{"href":"https:\/\/linitiative.ca\/International\/wp-json\/wp\/v2\/posts"}],"about":[{"href":"https:\/\/linitiative.ca\/International\/wp-json\/wp\/v2\/types\/post"}],"author":[{"embeddable":true,"href":"https:\/\/linitiative.ca\/International\/wp-json\/wp\/v2\/users\/1788"}],"replies":[{"embeddable":true,"href":"https:\/\/linitiative.ca\/International\/wp-json\/wp\/v2\/comments?post=109276"}],"version-history":[{"count":0,"href":"https:\/\/linitiative.ca\/International\/wp-json\/wp\/v2\/posts\/109276\/revisions"}],"wp:attachment":[{"href":"https:\/\/linitiative.ca\/International\/wp-json\/wp\/v2\/media?parent=109276"}],"wp:term":[{"taxonomy":"category","embeddable":true,"href":"https:\/\/linitiative.ca\/International\/wp-json\/wp\/v2\/categories?post=109276"},{"taxonomy":"post_tag","embeddable":true,"href":"https:\/\/linitiative.ca\/International\/wp-json\/wp\/v2\/tags?post=109276"}],"curies":[{"name":"wp","href":"https:\/\/api.w.org\/{rel}","templated":true}]}}