{"id":109277,"date":"2021-01-14T08:53:50","date_gmt":"2021-01-14T13:53:50","guid":{"rendered":"https:\/\/linitiative.ca\/International\/la-campagne-agricole-un-debut-prometteur-qui-augure-de-bons-resultats\/"},"modified":"2021-01-14T08:53:50","modified_gmt":"2021-01-14T13:53:50","slug":"la-campagne-agricole-un-debut-prometteur-qui-augure-de-bons-resultats","status":"publish","type":"post","link":"https:\/\/linitiative.ca\/International\/la-campagne-agricole-un-debut-prometteur-qui-augure-de-bons-resultats\/","title":{"rendered":"La campagne agricole, un d\u00e9but prometteur qui augure de bons r\u00e9sultats"},"content":{"rendered":"<p class=\"c4\">La saison agricole 2020-2021 se d\u00e9roule sous de bons auspices dans l\u2019Oriental, pr\u00e9sageant des r\u00e9sultats satisfaisants dans une r\u00e9gion \u00e0 l\u2019agriculture riche et diversifi\u00e9e.<\/p>\n<p class=\"c4\">La campagne doit beaucoup aux pr\u00e9cipitations significatives enregistr\u00e9es ces derni\u00e8res semaines, inspirant confiance aux agriculteurs qui se sont mobilis\u00e9s pour labourer leurs terres et ont acquis les semences s\u00e9lectionn\u00e9es et les engrais n\u00e9cessaires aupr\u00e8s des points de ventes mis \u00e0 leur disposition.<\/p>\n<p class=\"c4\">A cet \u00e9gard, la direction r\u00e9gionale de l\u2019Agriculture de l\u2019Oriental, en coordination notamment avec l\u2019Office r\u00e9gional du conseil agricole, la direction r\u00e9gionale de l\u2019ONSSA, la soci\u00e9t\u00e9 nationale de commercialisation des semences (SONACOS) et la Chambre r\u00e9gionale de l\u2019agriculture, a pris plusieurs mesures pour renforcer l\u2019approche de proximit\u00e9, en renfor\u00e7ant et en rationalisant le r\u00e9seau de distribution relevant de l\u2019ONCA ainsi que celui des op\u00e9rateurs priv\u00e9s.<\/p>\n<p class=\"c4\">Selon les donn\u00e9es de la direction r\u00e9gionale de l\u2019Agriculture, plus de 71.000 quintaux de semences s\u00e9lectionn\u00e9es et plus de 11.000 quintaux d\u2019engrais ont \u00e9t\u00e9 mis \u00e0 la disposition des agriculteurs de l\u2019Oriental, dont plus de 17.000 quintaux de semences et 1.000 quintaux d\u2019engrais d\u00e9j\u00e0 commercialis\u00e9s au 21 d\u00e9cembre 2020.<\/p>\n<p class=\"c4\">La direction r\u00e9gionale de l\u2019Agriculture a aussi trac\u00e9 un programme ambitieux pour les cultures, programmant pour cette saison quelque 400.000 ha de c\u00e9r\u00e9ales, 2.300 ha de l\u00e9gumineuses d\u2019automne, plus de 20.000 ha de cultures fourrag\u00e8res, plus de 6.000 ha pour la betterave \u00e0 sucre et plus de 2.500 ha consacr\u00e9s au programme de multiplication des c\u00e9r\u00e9ales au niveau du p\u00e9rim\u00e8tre irrigu\u00e9 de la Moulouya.<\/p>\n<p class=\"c4\">\u00abLa campagne agricole a d\u00e9marr\u00e9 sur des indicateurs positifs, malgr\u00e9 le retard des pr\u00e9cipitations constat\u00e9 lors des premi\u00e8res semaines de la saison\u00bb, s\u2019est f\u00e9licit\u00e9 Mohamed Bousfoul, directeur r\u00e9gional de l\u2019Agriculture de l\u2019Oriental et directeur de l\u2019Office r\u00e9gional de mise en valeur agricole de la Moulouya (ORMVAM), dans un entretien \u00e0 la MAP.<\/p>\n<p class=\"c4\">En effet, sur la superficie programm\u00e9e pour les c\u00e9r\u00e9ales, pr\u00e8s de 135.000 ha ont d\u00e9j\u00e0 \u00e9t\u00e9 labour\u00e9s au 18 d\u00e9cembre 2020. Sur cette superficie, plus de 80.000 ha ont d\u00e9j\u00e0 \u00e9t\u00e9 cultiv\u00e9s \u00e0 fin d\u00e9cembre, se r\u00e9partissant sur le bl\u00e9 dur (15.000 ha), le bl\u00e9 tendre (23.000 ha) et l\u2019orge (42.000 ha).<\/p>\n<p class=\"c4\">De mani\u00e8re g\u00e9n\u00e9rale, ces cultures se trouvent en bon \u00e9tat, indique la direction r\u00e9gionale de l\u2019Agriculture, ajoutant que 4.000 ha de betterave \u00e0 sucre ont d\u00e9j\u00e0 \u00e9t\u00e9 cultiv\u00e9s \u00e0 la m\u00eame p\u00e9riode, et que 3.800 ha de culture mara\u00eech\u00e8re ont \u00e9t\u00e9 cultiv\u00e9s sur un total de plus de 5.500 ha consacr\u00e9s \u00e0 cette fili\u00e8re de grande importance pour garantir un approvisionnement normal des march\u00e9s en l\u00e9gumes et un \u00e9quilibre entre l\u2019offre et la demande au niveau de la r\u00e9gion.<\/p>\n<p class=\"c4\">Concernant les arbres fruitiers, le produit phare de la r\u00e9gion, les agrumes, a enregistr\u00e9 une production en hausse de 17 pc par rapport \u00e0 la saison pr\u00e9c\u00e9dente, avec un chiffre de 415.000 tonnes dans l\u2019Oriental.<\/p>\n<p class=\"c4\">Le secteur ol\u00e9icole a quant \u00e0 lui atteint une production de 208.000 tonnes, dont 70 pc consacr\u00e9s \u00e0 l\u2019extraction d\u2019huile d\u2019olive.<\/p>\n<p class=\"c4\">A noter que la r\u00e9gion de l\u2019Oriental compte plus de 370 unit\u00e9s d\u2019extraction d\u2019huile d\u2019olive, dont 49 unit\u00e9s modernes, d\u2019une capacit\u00e9 annuelle totale de 28.000 tonnes. La r\u00e9gion dispose aussi de 30 unit\u00e9s de conditionnement des olives d\u2019une capacit\u00e9 annuelle totale de 53.000 tonnes, situ\u00e9s principalement dans les provinces de Taourirt et Guercif.<\/p>\n<p class=\"c4\">Sur le plan des exportations, la r\u00e9gion a r\u00e9alis\u00e9, pour les agrumes, un volume de 44.000 tonnes jusqu\u2019au 16 d\u00e9cembre dernier, en plus de 2.300 tonnes de l\u00e9gumes et 6.000 tonnes de produits agricoles transform\u00e9s.<\/p>\n<p class=\"c4\">Ces r\u00e9sultats ont a un impact tr\u00e8s positif sur la cr\u00e9ation d\u2019emplois ainsi que pour assurer l\u2019approvisionnement des march\u00e9s en produits agricoles, et ils ont \u00e9t\u00e9 r\u00e9alis\u00e9s en d\u00e9pit des circonstances li\u00e9es \u00e0 la pand\u00e9mie Covid-19, et ce gr\u00e2ce aux mesures prises par les services du d\u00e9partement de l\u2019Agriculture en collaboration avec les autorit\u00e9s locales et l\u2019ensemble des professionnels, intervenants et partenaires, a soulign\u00e9 M. Bousfoul.<\/p>\n<p class=\"c4\">\u00abNous sommes optimistes quant au d\u00e9roulement de l\u2019actuelle campagne agricole au niveau de l\u2019Oriental\u00bb, a-t-il confi\u00e9, notant que l\u2019ensemble des fili\u00e8res agricoles fonctionnent de mani\u00e8re satisfaisante.<\/p>\n<p>Auteur: Soufiane ELAHMAR<br \/>\n<a href=\"http:\/\/www.mapoujda.ma\/fr\/la-campagne-agricole-un-debut-prometteur-qui-augure-de-bons-resultats\/\">Cliquez ici pour lire l&rsquo;article depuis sa source.<\/a><\/p>\n","protected":false},"excerpt":{"rendered":"<p>La saison agricole 2020-2021 se d\u00e9roule sous de bons auspices dans l\u2019Oriental, pr\u00e9sageant des r\u00e9sultats satisfaisants dans une r\u00e9gion \u00e0 l\u2019agriculture riche et diversifi\u00e9e. La campagne doit beaucoup aux pr\u00e9cipitations significatives enregistr\u00e9es ces derni\u00e8res semaines, inspirant confiance aux agriculteurs qui se sont mobilis\u00e9s pour labourer leurs terres et ont acquis les semences s\u00e9lectionn\u00e9es et les [&hellip;]<\/p>\n","protected":false},"author":1788,"featured_media":0,"comment_status":"closed","ping_status":"closed","sticky":false,"template":"","format":"standard","meta":{"fifu_image_url":"","fifu_image_alt":"","footnotes":""},"categories":[54,76],"tags":[],"class_list":["post-109277","post","type-post","status-publish","format-standard","hentry","category-maroc","category-regions"],"_links":{"self":[{"href":"https:\/\/linitiative.ca\/International\/wp-json\/wp\/v2\/posts\/109277","targetHints":{"allow":["GET"]}}],"collection":[{"href":"https:\/\/linitiative.ca\/International\/wp-json\/wp\/v2\/posts"}],"about":[{"href":"https:\/\/linitiative.ca\/International\/wp-json\/wp\/v2\/types\/post"}],"author":[{"embeddable":true,"href":"https:\/\/linitiative.ca\/International\/wp-json\/wp\/v2\/users\/1788"}],"replies":[{"embeddable":true,"href":"https:\/\/linitiative.ca\/International\/wp-json\/wp\/v2\/comments?post=109277"}],"version-history":[{"count":0,"href":"https:\/\/linitiative.ca\/International\/wp-json\/wp\/v2\/posts\/109277\/revisions"}],"wp:attachment":[{"href":"https:\/\/linitiative.ca\/International\/wp-json\/wp\/v2\/media?parent=109277"}],"wp:term":[{"taxonomy":"category","embeddable":true,"href":"https:\/\/linitiative.ca\/International\/wp-json\/wp\/v2\/categories?post=109277"},{"taxonomy":"post_tag","embeddable":true,"href":"https:\/\/linitiative.ca\/International\/wp-json\/wp\/v2\/tags?post=109277"}],"curies":[{"name":"wp","href":"https:\/\/api.w.org\/{rel}","templated":true}]}}