{"id":109278,"date":"2021-01-14T11:44:42","date_gmt":"2021-01-14T16:44:42","guid":{"rendered":"https:\/\/linitiative.ca\/International\/vaccination-anti-covid-19-limmunite-collective-pourrait-etre-atteinte-debut-mai\/"},"modified":"2021-01-14T11:44:42","modified_gmt":"2021-01-14T16:44:42","slug":"vaccination-anti-covid-19-limmunite-collective-pourrait-etre-atteinte-debut-mai","status":"publish","type":"post","link":"https:\/\/linitiative.ca\/International\/vaccination-anti-covid-19-limmunite-collective-pourrait-etre-atteinte-debut-mai\/","title":{"rendered":"Vaccination anti-Covid 19: L\u2019immunit\u00e9 collective pourrait \u00eatre atteinte d\u00e9but mai"},"content":{"rendered":"<p class=\"c4\">L\u2019immunit\u00e9 collective contre la Covid-19 pourrait \u00eatre atteinte d\u00e9but mai, sur la base d\u2019un calendrier vaccinal de 12 semaines, a estim\u00e9 le ministre de la sant\u00e9 Khalid Ait Taleb.<\/p>\n<p class=\"c4\">Dans un entretien accord\u00e9 \u00e0 BAB, le magazine\u00a0mensuel\u00a0de la MAP, le ministre de la sant\u00e9 a indiqu\u00e9 que sur la base d\u2019un calendrier vaccinal de 12 semaines, \u00ab\u00a0on pourrait \u00e9ventuellement \u00eatre en immunit\u00e9 collective d\u00e9but mai\u00a0\u00bb, expliquant qu\u2019au vu des indicateurs scientifiques et \u00e9pid\u00e9miologiques reconnus par l\u2019OMS, il faudrait toucher plus de 60% de la population pour atteindre l\u2019immunit\u00e9 collective.<\/p>\n<p class=\"c4\">Le Royaume a fait le choix de cibler 80% de la population afin de sortir rapidement de cette pand\u00e9mie l\u2019ayant impact\u00e9 socialement et \u00e9conomiquement, a soulign\u00e9 le ministre, pr\u00e9cisant cependant, que la r\u00e9alisation de l\u2019immunit\u00e9 collective prendra du temps.<\/p>\n<p class=\"c4\">A cet \u00e9gard, il explique que la campagne se d\u00e9roulera en p\u00e9riode de pand\u00e9mie et donc dans le strict respect des mesures barri\u00e8res, ajoutant qu\u2019il faudra attendre un d\u00e9lai de plus de 14 jours apr\u00e8s avoir re\u00e7u la deuxi\u00e8me dose pour que chaque individu puisse atteindre un certain niveau d\u2019immunit\u00e9.<\/p>\n<p class=\"c4\">Seul le temps r\u00e9v\u00e9lera la dur\u00e9e sur laquelle le vaccin restera efficace contre la Covid-19 ou si \u00e0 l\u2019avenir, le virus deviendra saisonnier \u00e0 l\u2019instar du H1N1 qui est rentr\u00e9 dans le programme de vaccination antigrippale, rel\u00e8ve le responsable gouvernemental.<\/p>\n<p class=\"c4\">S\u2019agissant de la date de lancement de la campagne de vaccination, M. Ait Taleb a affirm\u00e9 qu\u2019elle sera officiellement annonc\u00e9e apr\u00e8s la r\u00e9ception du vaccin.<\/p>\n<p class=\"c4\">A ce jour, il n\u2019y a pas de date pr\u00e9cise, mais les pr\u00e9paratifs sont l\u00e0 et le dispositif est mis en place, a-t-il affirm\u00e9, notant que le Maroc est pr\u00eat \u00e0 entamer cette campagne de vaccination.<\/p>\n<p class=\"c4\">Il s\u2019agit d\u2019une op\u00e9ration de grande envergure qui touchera tout le territoire national et qui n\u00e9cessitera des moyens logistiques et humains tr\u00e8s importants et une organisation sans faille, fait-il observer.<\/p>\n<p class=\"c4\">Sur un autre volet, M. Ait Taleb reconna\u00eet \u00ab\u00a0une petite souffrance\u00a0\u00bb dans la gestion des maladies non Covid-19 en g\u00e9n\u00e9ral, expliquant \u00ab\u00a0qu\u2019il y avait une urgence sanitaire mondiale et que sa gestion \u00e9tait prioritaire\u00a0\u00bb.<\/p>\n<p class=\"c4\">Cependant, le syst\u00e8me de sant\u00e9 a r\u00e9ussi \u00e0 d\u00e9gager et identifier les structures d\u00e9di\u00e9es \u00e0 la Covid-19 qui fonctionnaient ind\u00e9pendamment des structures non-Covid, pour que les patients puissent continuer \u00e0 avoir acc\u00e8s aux soins.<\/p>\n<p class=\"c4\">Abordant la g\u00e9n\u00e9ralisation de l\u2019AMO, le ministre a soulign\u00e9 que la couverture m\u00e9dicale doit s\u2019inscrire, aujourd\u2019hui, dans une approche de solidarit\u00e9 entre les diff\u00e9rentes cat\u00e9gories de la population, poursuivant que le processus de g\u00e9n\u00e9ralisation doit commencer \u00e0 se d\u00e9ployer d\u00e8s l\u2019ann\u00e9e 2021.<\/p>\n<p class=\"c4\">Le responsable gouvernemental n\u2019a pas manqu\u00e9 de mettre en exergue la n\u00e9cessit\u00e9 d\u2019assurer la p\u00e9rennit\u00e9 de ce dispositif de g\u00e9n\u00e9ralisation, notant que pour y parvenir, il est n\u00e9cessaire \u00ab\u00a0d\u2019en finir avec le corporatisme et assurer une gestion de mani\u00e8re transversale et verticale afin de garantir la viabilit\u00e9 du syst\u00e8me\u00a0\u00bb.<\/p>\n<p>Auteur: Soufiane ELAHMAR<br \/>\n<a href=\"http:\/\/www.mapoujda.ma\/fr\/vaccination-anti-covid-19-limmunite-collective-pourrait-etre-atteinte-debut-mai\/\">Cliquez ici pour lire l&rsquo;article depuis sa source.<\/a><\/p>\n","protected":false},"excerpt":{"rendered":"<p>L\u2019immunit\u00e9 collective contre la Covid-19 pourrait \u00eatre atteinte d\u00e9but mai, sur la base d\u2019un calendrier vaccinal de 12 semaines, a estim\u00e9 le ministre de la sant\u00e9 Khalid Ait Taleb. Dans un entretien accord\u00e9 \u00e0 BAB, le magazine\u00a0mensuel\u00a0de la MAP, le ministre de la sant\u00e9 a indiqu\u00e9 que sur la base d\u2019un calendrier vaccinal de 12 [&hellip;]<\/p>\n","protected":false},"author":1788,"featured_media":0,"comment_status":"closed","ping_status":"closed","sticky":false,"template":"","format":"standard","meta":{"fifu_image_url":"","fifu_image_alt":"","footnotes":""},"categories":[54,76],"tags":[],"class_list":["post-109278","post","type-post","status-publish","format-standard","hentry","category-maroc","category-regions"],"_links":{"self":[{"href":"https:\/\/linitiative.ca\/International\/wp-json\/wp\/v2\/posts\/109278","targetHints":{"allow":["GET"]}}],"collection":[{"href":"https:\/\/linitiative.ca\/International\/wp-json\/wp\/v2\/posts"}],"about":[{"href":"https:\/\/linitiative.ca\/International\/wp-json\/wp\/v2\/types\/post"}],"author":[{"embeddable":true,"href":"https:\/\/linitiative.ca\/International\/wp-json\/wp\/v2\/users\/1788"}],"replies":[{"embeddable":true,"href":"https:\/\/linitiative.ca\/International\/wp-json\/wp\/v2\/comments?post=109278"}],"version-history":[{"count":0,"href":"https:\/\/linitiative.ca\/International\/wp-json\/wp\/v2\/posts\/109278\/revisions"}],"wp:attachment":[{"href":"https:\/\/linitiative.ca\/International\/wp-json\/wp\/v2\/media?parent=109278"}],"wp:term":[{"taxonomy":"category","embeddable":true,"href":"https:\/\/linitiative.ca\/International\/wp-json\/wp\/v2\/categories?post=109278"},{"taxonomy":"post_tag","embeddable":true,"href":"https:\/\/linitiative.ca\/International\/wp-json\/wp\/v2\/tags?post=109278"}],"curies":[{"name":"wp","href":"https:\/\/api.w.org\/{rel}","templated":true}]}}