{"id":109280,"date":"2021-01-13T12:10:05","date_gmt":"2021-01-13T17:10:05","guid":{"rendered":"https:\/\/linitiative.ca\/International\/la-smit-veut-booster-lecotourisme-dans-les-parcs\/"},"modified":"2021-01-13T12:10:05","modified_gmt":"2021-01-13T17:10:05","slug":"la-smit-veut-booster-lecotourisme-dans-les-parcs","status":"publish","type":"post","link":"https:\/\/linitiative.ca\/International\/la-smit-veut-booster-lecotourisme-dans-les-parcs\/","title":{"rendered":"La Smit veut booster l\u2019\u00e9cotourisme dans les parcs"},"content":{"rendered":"<p class=\"rtejustify\">La SMIT s\u2019allie au D\u00e9partement des Eaux et For\u00eats pour la valorisation touristique de ses parcs. Ce partenariat vise \u00e0 assurer la promotion de l\u2019investissement touristique, la recherche des ressources de financement en faveur du d\u00e9veloppement touristique et l\u2019am\u00e9nagement de nouvelles zones touristiques et\/ou d\u2019animation touristique au niveau des c\u0153urs desdits parcs. Cette valorisation se fera selon la vocation de chaque parc en encourageant l\u2019investissement priv\u00e9 et l\u2019accompagnement de la cr\u00e9ation des TPME pour y investir et animer les circuits touristiques par de nouvelles activit\u00e9s selon un entreprenariat innovant alliant tourisme, \u00e9conomie et biodiversit\u00e9.<\/p>\n<p class=\"rtejustify\"><em>M.A.B.<\/em><\/p>\n<p>Auteur: hlafriqi<br \/>\n<a href=\"https:\/\/www.leconomiste.com\/article\/1071950-la-smit-veut-booster-l-ecotourisme-dans-les-parcs\">Cliquez ici pour lire l&rsquo;article depuis sa source.<\/a><\/p>\n","protected":false},"excerpt":{"rendered":"<p>La SMIT s\u2019allie au D\u00e9partement des Eaux et For\u00eats pour la valorisation touristique de ses parcs. Ce partenariat vise \u00e0 assurer la promotion de l\u2019investissement touristique, la recherche des ressources de financement en faveur du d\u00e9veloppement touristique et l\u2019am\u00e9nagement de nouvelles zones touristiques et\/ou d\u2019animation touristique au niveau des c\u0153urs desdits parcs. Cette valorisation se [&hellip;]<\/p>\n","protected":false},"author":1763,"featured_media":0,"comment_status":"closed","ping_status":"closed","sticky":false,"template":"","format":"standard","meta":{"fifu_image_url":"","fifu_image_alt":"","footnotes":""},"categories":[78,54],"tags":[],"class_list":["post-109280","post","type-post","status-publish","format-standard","hentry","category-economie","category-maroc"],"_links":{"self":[{"href":"https:\/\/linitiative.ca\/International\/wp-json\/wp\/v2\/posts\/109280","targetHints":{"allow":["GET"]}}],"collection":[{"href":"https:\/\/linitiative.ca\/International\/wp-json\/wp\/v2\/posts"}],"about":[{"href":"https:\/\/linitiative.ca\/International\/wp-json\/wp\/v2\/types\/post"}],"author":[{"embeddable":true,"href":"https:\/\/linitiative.ca\/International\/wp-json\/wp\/v2\/users\/1763"}],"replies":[{"embeddable":true,"href":"https:\/\/linitiative.ca\/International\/wp-json\/wp\/v2\/comments?post=109280"}],"version-history":[{"count":0,"href":"https:\/\/linitiative.ca\/International\/wp-json\/wp\/v2\/posts\/109280\/revisions"}],"wp:attachment":[{"href":"https:\/\/linitiative.ca\/International\/wp-json\/wp\/v2\/media?parent=109280"}],"wp:term":[{"taxonomy":"category","embeddable":true,"href":"https:\/\/linitiative.ca\/International\/wp-json\/wp\/v2\/categories?post=109280"},{"taxonomy":"post_tag","embeddable":true,"href":"https:\/\/linitiative.ca\/International\/wp-json\/wp\/v2\/tags?post=109280"}],"curies":[{"name":"wp","href":"https:\/\/api.w.org\/{rel}","templated":true}]}}