{"id":109282,"date":"2021-01-13T12:22:06","date_gmt":"2021-01-13T17:22:06","guid":{"rendered":"https:\/\/linitiative.ca\/International\/il-y-a-30-ans-sur-leconomiste\/"},"modified":"2021-01-13T12:22:06","modified_gmt":"2021-01-13T17:22:06","slug":"il-y-a-30-ans-sur-leconomiste","status":"publish","type":"post","link":"https:\/\/linitiative.ca\/International\/il-y-a-30-ans-sur-leconomiste\/","title":{"rendered":"Il y a 30 ans sur L&rsquo;Economiste"},"content":{"rendered":"<p class=\"rtejustify\"><strong>Comment \u00e9taient l\u2019\u00e9conomie et les entreprises marocaines quand L\u2019Economiste fut cr\u00e9\u00e9. Cette s\u00e9lection nous permet de mieux comprendre le pr\u00e9sent et de juger l\u2019\u00e9volution que L\u2019Economiste accompagne depuis sa cr\u00e9ation \u00e0 ce jour.<\/strong><\/p>\n<div class=\"dnd-atom-wrapper type-image context-sdl_editor_representation\" contenteditable=\"false\">\n<div class=\"dnd-drop-wrapper\">\n<div class=\"image\"><img loading=\"lazy\" decoding=\"async\" typeof=\"foaf:Image\" class=\"img-responsive\" src=\"https:\/\/www.leconomiste.com\/sites\/default\/files\/eco7\/public\/thumbnails\/image\/leconmiste-330-ans-025.jpg\" width=\"800\" height=\"495\" alt=\"leconmiste-330-ans-025.jpg\" title=\"leconmiste-330-ans-025.jpg\"\/><\/div>\n<\/div>\n<\/div>\n<p class=\"rtejustify\">Pour cette \u00e9dition du 19 janvier 1992, L\u2019Economiste analyse pour ses lecteurs\u00a0 tant des sujets techniques \u00e0 l\u2019instar des mesures fiscales de la loi de Finances, les propositions de Habib El Malki qui peaufine un programme m\u00e9diterran\u00e9en de promotion de l\u2019emploi, que l\u2019actualit\u00e9 de loisir comme pour la s\u00e9rie Twin Peaks qui arrive sur les \u00e9crans marocains. Difficile cependant de rater l\u2019\u00e9v\u00e9nement phare, l\u2019Alg\u00e9rie.<\/p>\n<p class=\"rtejustify\">Les \u00e9lections l\u00e9gislatives y sont interrompues le 11 janvier 1992 et le pays s\u2019appr\u00eate\u00a0 \u00e0 basculer dans ce qui deviendra l\u2019une des pages\u00a0 les plus sanglantes de son histoire.\u00a0 A vrai dire, les milieux d\u2019affaires marocains suivent attentivement ce qui se passe chez nos voisins plus par tropisme maghr\u00e9bin que pour des imp\u00e9ratifs de veille politique et \u00e9conomique. Le mirage de l\u2019UMA aura \u00e9t\u00e9 une grosse d\u00e9ception. Du coup, le business avec l\u2019Alg\u00e9rie n\u2019a jamais pris et les engagements y sont faibles.<\/p>\n<p class=\"rtejustify\">D\u00e8s la fin des ann\u00e9es 80, le mod\u00e8le alg\u00e9rien se fissure concomitamment \u00e0 l\u2019effondrement du bloc de l\u2019est auquel il s\u2019est toujours r\u00e9f\u00e9r\u00e9 dans l\u2019apr\u00e8s ind\u00e9pendance. Ni r\u00e9ussite \u00e9conomique, ni politique. La jeunesse alg\u00e9rienne est d\u00e9sempar\u00e9e comme en t\u00e9moignent les \u00e9meutes de Bab El Oued \u00e0 Alger en 1988. Mouvement s\u00e9v\u00e8rement r\u00e9prim\u00e9 avec pr\u00e8s de 500 morts selon les sources associatives et m\u00e9dicales de l\u2019\u00e9poque.<\/p>\n<p class=\"rtejustify\">Les \u00e9meutes poussent le r\u00e9gime \u00e0 amorcer une ouverture d\u00e9mocratique\u00a0 qui est couronn\u00e9e par une r\u00e9forme constitutionnelle, la reconnaissance du multipartisme ainsi que l\u2019organisation d\u2019\u00e9lections. Les troubles sociaux vont servir de rampe de lancement au projet politique des islamistes.\u00a0 D\u00e9sormais le FIS (Front islamique du salut)\u00a0 de Abassi Madani\u00a0 et Ali Benhadj a quartier libre pour montrer ses muscles. En face, les autres partis en perte de l\u00e9gitimit\u00e9 historique comme le FLN, ou trop petits n\u2019ont aucune chance.<\/p>\n<p class=\"rtejustify\">La cons\u00e9cration arrive en d\u00e9cembre 1991, lorsque le FIS cr\u00e9e une onde de choc et remporte une large victoire au premier tour des l\u00e9gislatives. A partir de l\u00e0, les \u00e9v\u00e9nements s\u2019emballent. Le processus \u00e9lectoral est interrompu par les militaires, au motif\u00a0 d\u2019une lutte contre l\u2019int\u00e9grisme. L\u2019\u00e9tat d\u2019urgence est d\u00e9cr\u00e9t\u00e9 en f\u00e9vrier.<\/p>\n<p class=\"rtejustify\">Rappel\u00e9 la m\u00eame ann\u00e9e, Mohamed Boudiaf, l\u2019une des figures de proue du FLN, exil\u00e9 pendant pr\u00e8s de 28 ans au Maroc, laisse entrevoir une lueur d\u2019espoir. La fen\u00eatre se referme cependant brutalement\u00a0 avec son assassinat, dans des circonstances controvers\u00e9es,\u00a0 le 29 juin 1992. Le coup de gr\u00e2ce est port\u00e9 par l\u2019attentat de l\u2019a\u00e9roport d\u2019Alger (11 morts et une centaine de bless\u00e9s) survenu en ao\u00fbt. D\u00e9sormais les positions des islamistes et du pouvoir se radicalisent dans ce qui deviendra la guerre de la d\u00e9cennie noire et ses 200.000 morts.<\/p>\n<p class=\"rtejustify\"><em>M.B.<\/em><\/p>\n<p class=\"rtejustify\">\u00a0<\/p>\n<p class=\"rtejustify\">\u00a0<\/p>\n<p>Auteur: hlafriqi<br \/>\n<a href=\"https:\/\/www.leconomiste.com\/article\/1071953-il-y-30-ans-sur-l-economiste\">Cliquez ici pour lire l&rsquo;article depuis sa source.<\/a><\/p>\n","protected":false},"excerpt":{"rendered":"<p>Comment \u00e9taient l\u2019\u00e9conomie et les entreprises marocaines quand L\u2019Economiste fut cr\u00e9\u00e9. Cette s\u00e9lection nous permet de mieux comprendre le pr\u00e9sent et de juger l\u2019\u00e9volution que L\u2019Economiste accompagne depuis sa cr\u00e9ation \u00e0 ce jour. Pour cette \u00e9dition du 19 janvier 1992, L\u2019Economiste analyse pour ses lecteurs\u00a0 tant des sujets techniques \u00e0 l\u2019instar des mesures fiscales de [&hellip;]<\/p>\n","protected":false},"author":1763,"featured_media":0,"comment_status":"closed","ping_status":"closed","sticky":false,"template":"","format":"standard","meta":{"fifu_image_url":"https:\/\/www.leconomiste.com\/sites\/default\/files\/eco7\/public\/thumbnails\/image\/leconmiste-330-ans-025.jpg","fifu_image_alt":"<div>Il y a 30 ans sur L'Economiste<\/div>","footnotes":""},"categories":[78,54],"tags":[],"class_list":["post-109282","post","type-post","status-publish","format-standard","hentry","category-economie","category-maroc"],"_links":{"self":[{"href":"https:\/\/linitiative.ca\/International\/wp-json\/wp\/v2\/posts\/109282","targetHints":{"allow":["GET"]}}],"collection":[{"href":"https:\/\/linitiative.ca\/International\/wp-json\/wp\/v2\/posts"}],"about":[{"href":"https:\/\/linitiative.ca\/International\/wp-json\/wp\/v2\/types\/post"}],"author":[{"embeddable":true,"href":"https:\/\/linitiative.ca\/International\/wp-json\/wp\/v2\/users\/1763"}],"replies":[{"embeddable":true,"href":"https:\/\/linitiative.ca\/International\/wp-json\/wp\/v2\/comments?post=109282"}],"version-history":[{"count":0,"href":"https:\/\/linitiative.ca\/International\/wp-json\/wp\/v2\/posts\/109282\/revisions"}],"wp:attachment":[{"href":"https:\/\/linitiative.ca\/International\/wp-json\/wp\/v2\/media?parent=109282"}],"wp:term":[{"taxonomy":"category","embeddable":true,"href":"https:\/\/linitiative.ca\/International\/wp-json\/wp\/v2\/categories?post=109282"},{"taxonomy":"post_tag","embeddable":true,"href":"https:\/\/linitiative.ca\/International\/wp-json\/wp\/v2\/tags?post=109282"}],"curies":[{"name":"wp","href":"https:\/\/api.w.org\/{rel}","templated":true}]}}