{"id":109285,"date":"2021-01-13T18:00:00","date_gmt":"2021-01-13T23:00:00","guid":{"rendered":"https:\/\/linitiative.ca\/International\/la-petite-histoire-de-momo\/"},"modified":"2021-01-13T18:00:00","modified_gmt":"2021-01-13T23:00:00","slug":"la-petite-histoire-de-momo","status":"publish","type":"post","link":"https:\/\/linitiative.ca\/International\/la-petite-histoire-de-momo\/","title":{"rendered":"La petite histoire de Momo"},"content":{"rendered":"<p class=\"c5\"><span class=\"c4\"><span class=\"c3\"><strong class=\"c2\">Le Temps-Mona BEN GAMRA<\/strong><\/span><\/span><\/p>\n<p><strong class=\"c6\">C\u2019est une histoire tendre, violente et sombre \u00e0 la fois. Momo un petit arabe vivant \u00e0 Belleville dans les ann\u00e9es 70 raconte son quotidien avec des mots simples, \u00e0 son hauteur. Il\u00a0 est\u00a0 pris en charge\u00a0 par une vieille juive ancienne prostitu\u00e9e ayant pris sur elle\u00a0 d\u2019accueillir sous son toit des enfants de\u00a0 prostitu\u00e9es pour les prot\u00e9ger de la vie et ses al\u00e9as. Un \u00e9crit \u00e0 premi\u00e8re vue na\u00eff mais il est en tous les cas\u00a0 atypique car il\u00a0 sort de la bouche d\u2019un petit narrateur\u2026 qui deviendra grand.<\/strong><\/p>\n<p><span class=\"c7\">L\u2019enfant si attachant, lui aussi le narrateur \u00e9maille son roman de r\u00e9flexions sur la vie. \u2018\u2019Il faut aimer\u2019\u2019, la derni\u00e8re phrase du roman sonne comme une proph\u00e9tie sur le sens m\u00eame d\u2019une vie qui ne vaut rien sans Amour du prochain. L\u2019\u00e9crit est \u00e0 premi\u00e8re vue\u00a0 \u00a0 sombre\u00a0\u00a0 mais le lecteur se retrouve \u00e0 chaque fois\u00a0 emport\u00e9\u00a0 par une certaine\u00a0 bonne humeur contagieuse.<\/span><\/p>\n<p><span class=\"c7\">Momo qu\u2019on nous montre au tout d\u00e9but du roman comme \u00e9tant un \u00a0petit gar\u00e7on qui s\u2019embrouillait dans la langue fran\u00e7aise en utilisant un vocabulaire fait d\u2019amalgames amusants, grandit\u00a0 et m\u00fbrit. Le lecteur suit l\u2019\u00e9volution de ce personnage \u00a0et apprend avec lui le sens de la vie dans un beau condens\u00e9 de sensations pures. Le petit gar\u00e7on se retrouve projet\u00e9 dans un mode d\u2019adultes qu\u2019il doit appr\u00e9hender avant l\u2019heure. Momo vit chez Madame Rosa depuis des ann\u00e9es jusqu\u2019au jour o\u00f9 celle-ci tombe malade alors il s\u2019occupe d\u2019elle et ne prend pas en consid\u00e9ration les recommandations du m\u00e9decin qui pr\u00e9f\u00e8re qu\u2019elle soit hospitalis\u00e9e.<\/span><\/p>\n<p><span class=\"c7\">\u00a0\u00ab\u00a0Romain Gary l\u2019auteur de ce roman\u00a0 a re\u00e7u le prix Goncourt pour ce roman, sous le nom d&#8217;emprunt d&rsquo;Emile Ajar. En effet Romain Gary s&rsquo;est jou\u00e9 du Goncourt puisque le r\u00e8glement n&rsquo;autorise pas un auteur \u00e0 recevoir le prestigieux prix deux fois, or il l&rsquo;avait d\u00e9j\u00e0 obtenu en 1956 pour Les Racines du Ciel. Il voulait par cette mystification retrouver une certaine libert\u00e9 d&rsquo;expression, loin des critiques. L&rsquo;affaire fut r\u00e9v\u00e9l\u00e9e \u00e0 la mort de l&rsquo;auteur en 1980.\u00a0\u00bb<\/span><\/p>\n<p class=\"c8\"><span class=\"c7\"><strong>Extraits du roman<\/strong><\/span><\/p>\n<p><span class=\"c7\"><em>\u00ab\u00a0<\/em><em>Apr\u00e8s j&rsquo;ai essay\u00e9 de me faire remarquer autrement. J&rsquo;ai commenc\u00e9 \u00e0 chaparder dans les magasins, une tomate ou un melon \u00e0 l&rsquo;\u00e9talage.<br \/>J&rsquo;attendais toujours que quelqu&rsquo;un regarde pour que \u00e7a se voie.<br \/>Lorsque le patron sortait et me donnait une claque je me mettais \u00e0 hurler, mais il y avait quand m\u00eame quelqu&rsquo;un qui s&rsquo;int\u00e9ressait \u00e0 moi.<br \/>Une fois, j&rsquo;\u00e9tais devant une \u00e9picerie et j&rsquo;ai vol\u00e9 un oeuf \u00e0 l&rsquo;\u00e9talage. La patronne \u00e9tait une femme et elle m&rsquo;a vu.<br \/>Je pr\u00e9f\u00e9rais voler l\u00e0 o\u00f9 il y avait une femme car la seule chose que j&rsquo;\u00e9tais s\u00fbr, c&rsquo;est que ma m\u00e8re \u00e9tait une femme, on ne peut pas autrement. J&rsquo;ai pris un oeuf et je l&rsquo;ai mis dans ma poche.<br \/>La patronne est venue et j&rsquo;attendais qu&rsquo;elle me donne une gifle pour \u00eatre bien remarqu\u00e9. Mais elle s&rsquo;est accroupie \u00e0 c\u00f4t\u00e9 de moi et elle m&rsquo;a caress\u00e9 la t\u00eate.<br \/>Elle m&rsquo;a m\u00eame dit : &#8211; Qu&rsquo;est-ce que tu es mignon, toi !<br \/>J&rsquo;ai d&rsquo;abord pens\u00e9 qu&rsquo;elle voulait ravoir son oeuf par les sentiments et je l&rsquo;ai bien gard\u00e9 dans ma main, au fond de ma poche.<br \/>Elle n&rsquo;avait qu&rsquo;\u00e0 me donner une claque pour me punir, c&rsquo;est ce qu&rsquo;une m\u00e8re doit faire quand elle vous remarque.<br \/>Mais elle s&rsquo;est lev\u00e9e, elle est all\u00e9e au comptoir et elle m&rsquo;a donn\u00e9 encore un oeuf. Et puis elle m&rsquo;a embrass\u00e9.<br \/>J&rsquo;ai eu un moment d&rsquo;espoir que je ne peux pas vous d\u00e9crire parce que ce n&rsquo;est pas possible.<br \/>Je suis rest\u00e9 toute la matin\u00e9e devant le magasin \u00e0 attendre. Je ne sais pas<br \/>ce que j&rsquo;attendais. Parfois la bonne femme me souriait et je restais l\u00e0 avec mon oeuf \u00e0 la main.<br \/>J&rsquo;avais six ans ou dans les environs et je croyais que c&rsquo;\u00e9tait pour la vie, alors que c&rsquo;\u00e9tait seulement un oeuf.<br \/>Je suis rentr\u00e9 chez moi et j&rsquo;ai eu mal au ventre toute la journ\u00e9e.\u00a0\u00bb<\/em><\/span><\/p>\n<p class=\"c9\"><span class=\"c7\"><strong>M.B.G.<\/strong><\/span><\/p>\n<p>Auteur: letemps1<br \/>\n<a href=\"http:\/\/www.letemps.com.tn\/article\/118862\/la-petite-histoire-de-momo\">Cliquez ici pour lire l&rsquo;article depuis sa source.<\/a><\/p>\n","protected":false},"excerpt":{"rendered":"<p>Le Temps-Mona BEN GAMRA C\u2019est une histoire tendre, violente et sombre \u00e0 la fois. Momo un petit arabe vivant \u00e0 Belleville dans les ann\u00e9es 70 raconte son quotidien avec des mots simples, \u00e0 son hauteur. Il\u00a0 est\u00a0 pris en charge\u00a0 par une vieille juive ancienne prostitu\u00e9e ayant pris sur elle\u00a0 d\u2019accueillir sous son toit des [&hellip;]<\/p>\n","protected":false},"author":1773,"featured_media":0,"comment_status":"closed","ping_status":"closed","sticky":false,"template":"","format":"standard","meta":{"fifu_image_url":"","fifu_image_alt":"","footnotes":""},"categories":[73,55],"tags":[],"class_list":["post-109285","post","type-post","status-publish","format-standard","hentry","category-actualite","category-tunisie"],"_links":{"self":[{"href":"https:\/\/linitiative.ca\/International\/wp-json\/wp\/v2\/posts\/109285","targetHints":{"allow":["GET"]}}],"collection":[{"href":"https:\/\/linitiative.ca\/International\/wp-json\/wp\/v2\/posts"}],"about":[{"href":"https:\/\/linitiative.ca\/International\/wp-json\/wp\/v2\/types\/post"}],"author":[{"embeddable":true,"href":"https:\/\/linitiative.ca\/International\/wp-json\/wp\/v2\/users\/1773"}],"replies":[{"embeddable":true,"href":"https:\/\/linitiative.ca\/International\/wp-json\/wp\/v2\/comments?post=109285"}],"version-history":[{"count":0,"href":"https:\/\/linitiative.ca\/International\/wp-json\/wp\/v2\/posts\/109285\/revisions"}],"wp:attachment":[{"href":"https:\/\/linitiative.ca\/International\/wp-json\/wp\/v2\/media?parent=109285"}],"wp:term":[{"taxonomy":"category","embeddable":true,"href":"https:\/\/linitiative.ca\/International\/wp-json\/wp\/v2\/categories?post=109285"},{"taxonomy":"post_tag","embeddable":true,"href":"https:\/\/linitiative.ca\/International\/wp-json\/wp\/v2\/tags?post=109285"}],"curies":[{"name":"wp","href":"https:\/\/api.w.org\/{rel}","templated":true}]}}