{"id":109292,"date":"2021-01-14T04:52:18","date_gmt":"2021-01-14T09:52:18","guid":{"rendered":"https:\/\/linitiative.ca\/International\/brahim-guendouzi-professeur-deconomie-des-intermediaires-agissent-dans-linformel-et-pratiquent-la-speculation\/"},"modified":"2021-01-14T04:52:18","modified_gmt":"2021-01-14T09:52:18","slug":"brahim-guendouzi-professeur-deconomie-des-intermediaires-agissent-dans-linformel-et-pratiquent-la-speculation","status":"publish","type":"post","link":"https:\/\/linitiative.ca\/International\/brahim-guendouzi-professeur-deconomie-des-intermediaires-agissent-dans-linformel-et-pratiquent-la-speculation\/","title":{"rendered":"Brahim Guendouzi. Professeur d\u2019\u00e9conomie : \u00abDes interm\u00e9diaires agissent dans l\u2019informel et pratiquent la sp\u00e9culation\u00bb"},"content":{"rendered":"<h4 class=\"title-14\"\/>\n<p class=\"p4\"><em><strong><span class=\"s5\">\u2013 Ces derniers jours, une augmentation vertigineuse des prix des l\u00e9gumes, fruits et viandes a \u00e9t\u00e9 constat\u00e9e. Comment expliquer cette tendance haussi\u00e8re ?<\/span><\/strong><\/em><\/p>\n<p class=\"p4\"><span class=\"s5\">S\u2019agissant de la hausse des prix constat\u00e9e r\u00e9cemment sur les fruits et l\u00e9gumes, tout d\u2019abord cette derni\u00e8re peut \u00eatre imput\u00e9e \u00e0 plusieurs facteurs qui reviennent r\u00e9guli\u00e8rement chaque ann\u00e9e.<\/span><\/p>\n<p class=\"p4\"><span class=\"s5\">Il s\u2019agit par exemple de la concentration de l\u2019offre de produits agricoles provenant de quelques wilayas r\u00e9put\u00e9es pour leur niveau \u00e9lev\u00e9 de production, alors que la consommation touche l\u2019ensemble du territoire.<\/span><\/p>\n<p class=\"p4\"><span class=\"s5\">Les probl\u00e8mes logistiques li\u00e9s au transport interwilayas, au stockage et \u00e0 la distribution influent \u00e9norm\u00e9ment sur les prix de vente aux consommateurs. Un autre facteur peut \u00eatre \u00e9galement source de hausse des prix, c\u2019est celui des conditions climatiques d\u00e9favorables ralentissant les efforts de r\u00e9colte et de collecte des produits agricoles.<\/span><\/p>\n<p class=\"p4\"><span class=\"s5\">Enfin, le confinement partiel en vigueur g\u00eane la production et la libre circulation des fruits et l\u00e9gumes entre les diff\u00e9rentes r\u00e9gions du pays, impliquant ainsi une certaine disparit\u00e9 dans les prix de d\u00e9tail.<\/span><\/p>\n<p class=\"p4\"><span class=\"s5\">Concernant les prix en hausse des viandes (rouges et blanches), il peut s\u2019agir de pratiques sp\u00e9culatives car les intervenants en amont de ce commerce sont toujours les m\u00eames, nonobstant les difficult\u00e9s que rencontrent les \u00e9leveurs, notamment la chert\u00e9 des aliments du b\u00e9tail.<\/span><\/p>\n<p class=\"p4\"><span class=\"s5\">Au demeurant, l\u2019ensemble des augmentations de prix constat\u00e9es sur ce segment de produits alimentaires ne rel\u00e8ve pas encore d\u2019un ph\u00e9nom\u00e8ne structurel et durable, esp\u00e9rons que cela va s\u2019estomper progressivement avec l\u2019am\u00e9lioration des conditions climatiques ainsi que de la situation sanitaire globale dans le pays.<\/span><\/p>\n<p class=\"p4\"><em><strong><span class=\"s5\">\u2013 Certains \u00e9conomistes imputent cette situation \u00e0 la d\u00e9sorganisation du secteur. Partagez-vous cette analyse ?<\/span><\/strong><\/em><\/p>\n<p class=\"p4\"><span class=\"s5\">Il est clair que le secteur de la distribution en Alg\u00e9rie est noyaut\u00e9 par une multitude d\u2019acteurs dont une grande partie ne poss\u00e8de m\u00eame pas un minimum de professionnalisme susceptible de donner \u00e0 l\u2019activit\u00e9 une certaine stabilit\u00e9.<\/span><\/p>\n<p class=\"p4\"><span class=\"s5\">D\u2019autant plus que nombre interm\u00e9diaires, et non des moindres, agissent carr\u00e9ment dans l\u2019informel et pratiquent r\u00e9guli\u00e8rement la sp\u00e9culation.<\/span><\/p>\n<p class=\"p4\"><span class=\"s5\">Les circuits de distribution des produits alimentaires subissent r\u00e9guli\u00e8rement des distorsions de prix et de quantit\u00e9s que les pouvoirs publics n\u2019arrivent toujours pas en ma\u00eetriser l\u2019ensemble de la cha\u00eene, si ce n\u2019est seulement pour les produits dont les prix sont subventionn\u00e9s et plafonn\u00e9s.<\/span><\/p>\n<p class=\"p4\"><span class=\"s5\">La modernisation du secteur du commerce et la moralisation des pratiques commerciales n\u00e9cessitent une conjugaison d\u2019efforts des services de l\u2019Etat avec les op\u00e9rateurs \u00e9conomiques ainsi que les associations, notamment celles s\u2019occupant de la protection des consommateurs. Le citoyen doit aussi y mettre du sien gr\u00e2ce \u00e0 une sensibilisation lui inculquant la rationalisation dans les comportements d\u2019achat.<\/span><\/p>\n<p class=\"p4\"><em><strong><span class=\"s5\">\u2013 Pour dynamiser leur commerce, certaines sup\u00e9rettes et m\u00eames les grandes surfaces ont recours \u00e0 certaines astuces, comme les promotions et la carte de fid\u00e9lit\u00e9. Est-ce suffisant pour lutter contre la chert\u00e9 de la vie ?<\/span><\/strong><\/em><\/p>\n<p class=\"p4\"><span class=\"s5\">La moyenne et grande distribution contribuent incontestablement \u00e0 la stabilisation des activit\u00e9s commerciales, m\u00eame si elles ont recours \u00e0 des techniques de merchandising et de promotion sur les lieux de vente afin de fid\u00e9liser leurs client\u00e8les et surtout am\u00e9liorer le taux de fr\u00e9quentation des espaces commerciaux. Cela est dans la logique de ce type de commerce.<\/span><\/p>\n<p class=\"p4\"><span class=\"s5\">Ce n\u2019est pas \u00e0 ce niveau qu\u2019il y a lieu de faire face \u00e0 la chert\u00e9 de la vie puisqu\u2019il faut rattacher cela \u00e0 plusieurs param\u00e8tres dont la r\u00e9partition in\u00e9gale des revenus, le mod\u00e8le de consommation, l\u2019intervention publique en faveur des couches sociales d\u00e9favoris\u00e9es, la grande place qu\u2019occupent les produits import\u00e9s dans la consommation finale, des pratiques commerciales d\u00e9pendantes de l\u2019informel, etc.<\/span><\/p>\n<p class=\"p4\"><span class=\"s5\">La non-ma\u00eetrise de ces aspects fait que le pouvoir d\u2019achat du citoyen restera encore en de\u00e7\u00e0 des espoirs et la formation des prix suivra un sentier difficile \u00e0 cerner.<\/span><\/p>\n<p class=\"p4\"><em><strong><span class=\"s5\">\u2013 Les prix des diff\u00e9rents produits alimentaires de large consommation vont-ils se stabiliser ou au contraire continuer leur hausse ? Le comportement des consommateurs va-t-il changer ?<\/span><\/strong><\/em><\/p>\n<p class=\"p4\"><span class=\"s5\">La loi de finances pour 2021\u00a0pr\u00e9voit un taux d\u2019inflation de 4,2%. Le glissement \u00e0 la baisse du dinar par rapport \u00e0 l\u2019euro et au dollar, constat\u00e9 ces derni\u00e8res semaines, va certainement rench\u00e9rir les prix des biens et services import\u00e9s, que ce soit pour la consommation finale ou la production.<\/span><\/p>\n<p class=\"p4\"><span class=\"s5\">Aussi, il faut s\u2019attendre \u00e0 une flamb\u00e9e des prix du fait que l\u2019\u00e9conomie nationale pr\u00e9sente une forte d\u00e9pendance vis-\u00e0-vis des importations. Evidemment, il est attendu \u00e0 ce que le consommateur alg\u00e9rien se d\u00e9tourne progressivement des produits import\u00e9s devenus plus chers vers la production nationale.<\/span><\/p>\n<p class=\"p4\"><span class=\"s5\">La question qui se pose alors par rapport \u00e0 ce dernier est celle de sa capacit\u00e9 \u00e0 r\u00e9pondre aux diff\u00e9rents besoins des m\u00e9nages, surtout en cette conjoncture de r\u00e9cession \u00e9conomique induite par la crise sanitaire de Covid-19, sachant qu\u2019un grand nombre d\u2019entreprises, particuli\u00e8rement des PME, risquent le d\u00e9p\u00f4t de bilan.<\/span><\/p>\n<p class=\"p4\"><em><strong><span class=\"s5\">\u2013 Le gouvernement a-t-il v\u00e9ritablement une marge de man\u0153uvre pour stopper le ph\u00e9nom\u00e8ne ou du moins la chute du pouvoir d\u2019achat des Alg\u00e9riens ?<\/span><\/strong><\/em><\/p>\n<p class=\"p4\"><span class=\"s5\">Actuellement, la pr\u00e9occupation du gouvernement va vers le ciblage des subventions implicites et explicites afin de faire b\u00e9n\u00e9ficier beaucoup plus les couches sociales les plus d\u00e9favoris\u00e9es et en m\u00eame temps all\u00e9ger un tant soit peu la charge des transferts sociaux sur le budget de l\u2019Etat.<\/span><\/p>\n<p class=\"p4\"><span class=\"s5\">Un autre souci \u00e9galement des pouvoirs publics est de diminuer sensiblement le niveau des importations de biens et services pour, tout d\u2019abord, r\u00e9duire le d\u00e9ficit commercial et ensuite favoriser la production nationale dans une perspective de densification du tissu \u00e9conomique et de diversification de l\u2019\u00e9conomie nationale.<\/span><\/p>\n<p class=\"p4\"><span class=\"s5\">La sauvegarde du pouvoir d\u2019achat des citoyens figure certes parmi les priorit\u00e9s des responsables du pays, mais si l\u2019\u00e9conomie nationale demeure dans un \u00e9tat lamentable faute d\u2019une bonne gouvernance, il s\u2019av\u00e8rera difficile d\u2019allier des objectifs sociaux et \u00e9conomiques ambitieux alors que la ma\u00eetrise de l\u2019\u00e9volution \u00e9conomique du pays demeure encore d\u00e9pendante des exportations d\u2019hydrocarbures et donc des cours du p\u00e9trole brut sur le march\u00e9 international. D\u2019autant plus qu\u2019un large pan de l\u2019\u00e9conomie nationale est dans l\u2019informel\u00a0!<\/span><\/p>\n<p><span class=\"post-views-label\">Post Views:<\/span> <span class=\"post-views-count\">592<\/span><\/p>\n<p><br class=\"c2\"\/><\/p>\n<div class=\"ichhar-moneytagnative c5\" id=\"ichhar-402532165\">\n<p>Advertisements<\/p>\n<\/div>\n<p><br class=\"c2\"\/><br class=\"c6\"\/><\/p>\n<p>Auteur: Anis Khecheba<br \/>\n<a href=\"https:\/\/www.elwatan.com\/edition\/actualite\/des-intermediaires-agissent-dans-linformel-et-pratiquent-la-speculation-14-01-2021\">Cliquez ici pour lire l&rsquo;article depuis sa source.<\/a><\/p>\n","protected":false},"excerpt":{"rendered":"<p>\u2013 Ces derniers jours, une augmentation vertigineuse des prix des l\u00e9gumes, fruits et viandes a \u00e9t\u00e9 constat\u00e9e. Comment expliquer cette tendance haussi\u00e8re ? S\u2019agissant de la hausse des prix constat\u00e9e r\u00e9cemment sur les fruits et l\u00e9gumes, tout d\u2019abord cette derni\u00e8re peut \u00eatre imput\u00e9e \u00e0 plusieurs facteurs qui reviennent r\u00e9guli\u00e8rement chaque ann\u00e9e. Il s\u2019agit par exemple [&hellip;]<\/p>\n","protected":false},"author":1743,"featured_media":0,"comment_status":"closed","ping_status":"closed","sticky":false,"template":"","format":"standard","meta":{"fifu_image_url":"","fifu_image_alt":"","footnotes":""},"categories":[73,53],"tags":[],"class_list":["post-109292","post","type-post","status-publish","format-standard","hentry","category-actualite","category-algerie"],"_links":{"self":[{"href":"https:\/\/linitiative.ca\/International\/wp-json\/wp\/v2\/posts\/109292","targetHints":{"allow":["GET"]}}],"collection":[{"href":"https:\/\/linitiative.ca\/International\/wp-json\/wp\/v2\/posts"}],"about":[{"href":"https:\/\/linitiative.ca\/International\/wp-json\/wp\/v2\/types\/post"}],"author":[{"embeddable":true,"href":"https:\/\/linitiative.ca\/International\/wp-json\/wp\/v2\/users\/1743"}],"replies":[{"embeddable":true,"href":"https:\/\/linitiative.ca\/International\/wp-json\/wp\/v2\/comments?post=109292"}],"version-history":[{"count":0,"href":"https:\/\/linitiative.ca\/International\/wp-json\/wp\/v2\/posts\/109292\/revisions"}],"wp:attachment":[{"href":"https:\/\/linitiative.ca\/International\/wp-json\/wp\/v2\/media?parent=109292"}],"wp:term":[{"taxonomy":"category","embeddable":true,"href":"https:\/\/linitiative.ca\/International\/wp-json\/wp\/v2\/categories?post=109292"},{"taxonomy":"post_tag","embeddable":true,"href":"https:\/\/linitiative.ca\/International\/wp-json\/wp\/v2\/tags?post=109292"}],"curies":[{"name":"wp","href":"https:\/\/api.w.org\/{rel}","templated":true}]}}