{"id":109293,"date":"2021-01-14T04:54:35","date_gmt":"2021-01-14T09:54:35","guid":{"rendered":"https:\/\/linitiative.ca\/International\/bejaia-les-gerants-des-salles-des-fetes-reviennent-a-la-charge\/"},"modified":"2021-01-14T04:54:35","modified_gmt":"2021-01-14T09:54:35","slug":"bejaia-les-gerants-des-salles-des-fetes-reviennent-a-la-charge","status":"publish","type":"post","link":"https:\/\/linitiative.ca\/International\/bejaia-les-gerants-des-salles-des-fetes-reviennent-a-la-charge\/","title":{"rendered":"B\u00e9ja\u00efa : Les g\u00e9rants des salles des f\u00eates reviennent \u00e0 la charge"},"content":{"rendered":"<h4 class=\"title-14\"\/>\n<div class=\"featured_image\"><img loading=\"lazy\" decoding=\"async\" width=\"900\" height=\"455\" src=\"https:\/\/www.elwatan.com\/wp-content\/uploads\/2021\/01\/DR.gif\" class=\"attachment-post-thumbnail size-post-thumbnail wp-post-image\" alt=\"\"\/><span class=\"featured-image-caption\">PHOTO : D. R. &#8211; Les g\u00e9rants des salles des f\u00eates crient leur d\u00e9sarroi<\/span><\/div>\n<p class=\"p2\"><span class=\"s3\"><strong>F<\/strong><\/span><span class=\"s2\">erm\u00e9es depuis mars dernier, les salles des f\u00eates boucleront samedi leur dixi\u00e8me mois de paralysie. Leurs g\u00e9rants crient, \u00e0 qui veut les entendre, qu\u2019ils sont au bout du rouleau.<\/span><\/p>\n<p class=\"p2\"><span class=\"s2\">Une trentaine d\u2019entre eux, exer\u00e7ant dans diff\u00e9rentes localit\u00e9s de B\u00e9ja\u00efa, ont manifest\u00e9 hier devant le si\u00e8ge de la wilaya pour interpeller les pouvoirs publics sur leur d\u00e9sarroi et r\u00e9clamer une autorisation de rouvrir.<\/span><\/p>\n<p class=\"p2\"><span class=\"s2\"><em>\u00abIls nous ont compl\u00e8tement oubli\u00e9s\u00a0!\u00bb<\/em> nous dit Fahim Ziani, porte-parole du Collectif de consultation et concertation, qui s\u2019est constitu\u00e9 en septembre dernier. <em>\u00abLes th\u00e9\u00e2tres, les cin\u00e9mas et les biblioth\u00e8ques ont rouvert mais pas nous, alors que nous sommes r\u00e9gis par le m\u00eame d\u00e9cret du 4 juin 2005 en tant qu\u2019\u00e9tablissements de spectacles et de divertissement\u00bb,<\/em> ajoute-t-il.<\/span><\/p>\n<p class=\"p2\"><span class=\"s2\"><em>\u00abPendant qu\u2019on assiste \u00e0 la reprise de toutes les activit\u00e9s publiques et priv\u00e9es dans tous les secteurs socio\u00e9conomiques et culturels, ferm\u00e9es dans le sillage de la pand\u00e9mie de Covid-19, les salles des f\u00eates demeurent paradoxalement ferm\u00e9es \u00e0 ce jour, ceci, malgr\u00e9 nos sollicitations, nos appels et nos propositions r\u00e9currentes de r\u00e9ouverture dans le cadre d\u2019un protocole sanitaire strict que nous avons soumis ant\u00e9rieurement aux services concern\u00e9s\u00bb,<\/em> \u00e9crit le collectif dans un communiqu\u00e9, qui a accroch\u00e9 sur le portail du si\u00e8ge de la wilaya une banderole alertant sur des \u00abSalles des f\u00eates sous perfusion\u00bb.<\/span><\/p>\n<p class=\"p2\"><span class=\"s2\">En septembre dernier, le m\u00eame collectif avait interpell\u00e9 le chef de l\u2019Etat, en proposant l\u2019application <em>\u00abstricte\u00bb<\/em> d\u2019un protocole sanitaire, avant que les autorit\u00e9s ne reconduisent l\u2019interdiction des f\u00eates de mariage et de circoncision.<\/span><\/p>\n<p class=\"p2\"><span class=\"s2\">Les g\u00e9rants des salles des f\u00eates consid\u00e8rent que si l\u2019on avait pris en compte leur proposition de protocole sanitaire, <em>\u00abil n\u2019y aurait pas eu une propagation plus rapide de la Covid-19\u00bb<\/em>. <em>\u00abMalheureusement, les f\u00eates et les c\u00e9r\u00e9monies de mariage et autres continuent \u00e0 \u00eatre \u2018\u2018organis\u00e9es\u2019\u2019 dans des conditions de \u2018\u2018clandestinit\u00e9\u2019\u2019, \u00e9chappant \u00e0 tout contr\u00f4le sanitaire, d\u2019hygi\u00e8ne et de s\u00e9curit\u00e9\u00bb,<\/em> d\u00e9plore le collectif.<\/span><\/p>\n<p class=\"p2\"><span class=\"s2\">Apr\u00e8s avoir propos\u00e9 de reprendre avec 60% de la capacit\u00e9 d\u2019accueil de chaque salle, le collectif demande \u00e0 reprendre avec 40%. <em>\u00abEn plus du contr\u00f4le de l\u2019Etat, nous pouvons installer une commission interne pour veiller au stricte respect de ce protocole\u00bb,<\/em> pr\u00e9conise Fahim Ziani. Pour rappel, le collectif avait \u00e9valu\u00e9 le pr\u00e9judice financier de ce confinement obligatoire \u00e0 700 millions de centimes pour chaque \u00e9tablissement.<\/span><\/p>\n<p><span class=\"post-views-label\">Post Views:<\/span> <span class=\"post-views-count\">707<\/span><\/p>\n<p><br class=\"c2\"\/><\/p>\n<div class=\"ichhar-moneytagnative c5\" id=\"ichhar-2144922948\">\n<p>Advertisements<\/p>\n<\/div>\n<p><br class=\"c2\"\/><br class=\"c6\"\/><\/p>\n<p>Auteur: Anis Khecheba<br \/>\n<a href=\"https:\/\/www.elwatan.com\/edition\/actualite\/bejaia-les-gerants-des-salles-des-fetes-reviennent-a-la-charge-14-01-2021\">Cliquez ici pour lire l&rsquo;article depuis sa source.<\/a><\/p>\n","protected":false},"excerpt":{"rendered":"<p>PHOTO : D. R. &#8211; Les g\u00e9rants des salles des f\u00eates crient leur d\u00e9sarroi Ferm\u00e9es depuis mars dernier, les salles des f\u00eates boucleront samedi leur dixi\u00e8me mois de paralysie. Leurs g\u00e9rants crient, \u00e0 qui veut les entendre, qu\u2019ils sont au bout du rouleau. Une trentaine d\u2019entre eux, exer\u00e7ant dans diff\u00e9rentes localit\u00e9s de B\u00e9ja\u00efa, ont manifest\u00e9 [&hellip;]<\/p>\n","protected":false},"author":1743,"featured_media":0,"comment_status":"closed","ping_status":"closed","sticky":false,"template":"","format":"standard","meta":{"fifu_image_url":"https:\/\/www.elwatan.com\/wp-content\/uploads\/2021\/01\/DR.gif","fifu_image_alt":"B\u00e9ja\u00efa : Les g\u00e9rants des salles des f\u00eates reviennent \u00e0 la charge","footnotes":""},"categories":[73,53],"tags":[],"class_list":["post-109293","post","type-post","status-publish","format-standard","hentry","category-actualite","category-algerie"],"_links":{"self":[{"href":"https:\/\/linitiative.ca\/International\/wp-json\/wp\/v2\/posts\/109293","targetHints":{"allow":["GET"]}}],"collection":[{"href":"https:\/\/linitiative.ca\/International\/wp-json\/wp\/v2\/posts"}],"about":[{"href":"https:\/\/linitiative.ca\/International\/wp-json\/wp\/v2\/types\/post"}],"author":[{"embeddable":true,"href":"https:\/\/linitiative.ca\/International\/wp-json\/wp\/v2\/users\/1743"}],"replies":[{"embeddable":true,"href":"https:\/\/linitiative.ca\/International\/wp-json\/wp\/v2\/comments?post=109293"}],"version-history":[{"count":0,"href":"https:\/\/linitiative.ca\/International\/wp-json\/wp\/v2\/posts\/109293\/revisions"}],"wp:attachment":[{"href":"https:\/\/linitiative.ca\/International\/wp-json\/wp\/v2\/media?parent=109293"}],"wp:term":[{"taxonomy":"category","embeddable":true,"href":"https:\/\/linitiative.ca\/International\/wp-json\/wp\/v2\/categories?post=109293"},{"taxonomy":"post_tag","embeddable":true,"href":"https:\/\/linitiative.ca\/International\/wp-json\/wp\/v2\/tags?post=109293"}],"curies":[{"name":"wp","href":"https:\/\/api.w.org\/{rel}","templated":true}]}}