{"id":109294,"date":"2021-01-14T04:56:23","date_gmt":"2021-01-14T09:56:23","guid":{"rendered":"https:\/\/linitiative.ca\/International\/chengriha-evalue-sa-feuille-de-route\/"},"modified":"2021-01-14T04:56:23","modified_gmt":"2021-01-14T09:56:23","slug":"chengriha-evalue-sa-feuille-de-route","status":"publish","type":"post","link":"https:\/\/linitiative.ca\/International\/chengriha-evalue-sa-feuille-de-route\/","title":{"rendered":"Chengriha \u00e9value sa feuille de route"},"content":{"rendered":"<h4 class=\"title-14\">Il a r\u00e9uni hier les commandants de l\u2019ANP<\/h4>\n<div class=\"featured_image\"><img loading=\"lazy\" decoding=\"async\" width=\"1000\" height=\"667\" src=\"https:\/\/www.elwatan.com\/wp-content\/uploads\/2021\/01\/Chengriha.gif\" class=\"attachment-post-thumbnail size-post-thumbnail wp-post-image\" alt=\"\"\/><span class=\"featured-image-caption\">PHOTO : D. R. &#8211; Le chef d\u2019\u00e9tat-major, Sa\u00efd Chengriha, lors de la r\u00e9union d\u2019hier<\/span><\/div>\n<p class=\"p4\"><span class=\"s1\"><strong>Le chef d\u2019\u00e9tat-major de l\u2019ANP a \u00e9valu\u00e9 le degr\u00e9 d\u2019application et de respect de la \u00abfeuille de route\u00bb qu\u2019il avait trac\u00e9e \u00e0 sa prise de fonction, au d\u00e9but de 2020.<\/strong><\/span><\/p>\n<p class=\"p4\"><span class=\"s2\"><strong>L<\/strong><\/span><span class=\"s1\">e chef d\u2019\u00e9tat-major de l\u2019ANP, le g\u00e9n\u00e9ral de corps d\u2019arm\u00e9e Sa\u00efd Chengriha, s\u2019est pench\u00e9 sur le bilan et les r\u00e9alisations de l\u2019ann\u00e9e \u00e9coul\u00e9e lors d\u2019une r\u00e9union, hier, regroupant les commandants de forces, les chefs des d\u00e9partements, le contr\u00f4leur g\u00e9n\u00e9ral de l\u2019arm\u00e9e, les directeurs et chefs des services centraux du minist\u00e8re de la D\u00e9fense nationale (MDN).<\/span><\/p>\n<p class=\"p7\"><span class=\"s1\">Le chef d\u2019\u00e9tat-major de l\u2019ANP a \u00e9valu\u00e9 le degr\u00e9 d\u2019application et de respect de la \u00abfeuille de route\u00bb qu\u2019il avait trac\u00e9e \u00e0 sa prise de fonction au d\u00e9but de 2020.<\/span><\/p>\n<p class=\"p7\"><span class=\"s1\"><em>\u00abJ\u2019ai veill\u00e9 scrupuleusement, depuis que j\u2019ai \u00e9t\u00e9 investi de la confiance de monsieur le pr\u00e9sident de la R\u00e9publique pour occuper les fonctions de chef d\u2019\u00e9tat-major de l\u2019Arm\u00e9e nationale populaire, au d\u00e9but de l\u2019ann\u00e9e pass\u00e9e, \u00e0 tracer une feuille de route claire, et j\u2019ai \u0153uvr\u00e9 \u00e0 en ancrer les rep\u00e8res dans les esprits des responsables et commandants d\u2019unit\u00e9, lors des visites sur le terrain que j\u2019ai effectu\u00e9es aux diff\u00e9rents commandements de forces et de R\u00e9gions militaires, ainsi que durant les r\u00e9unions avec les diff\u00e9rents \u00e9chelons du commandement\u00bb<\/em>, a affirm\u00e9 le g\u00e9n\u00e9ral de corps d\u2019arm\u00e9e dans une allocution prononc\u00e9e lors de cette r\u00e9union au MDN, insistant sur cette <em>\u00abvision globale qu\u2019il appartient \u00e0 tout un chacun de se conformer \u00e0 son esprit, d\u2019en assimiler les id\u00e9es et de s\u2019engager enti\u00e8rement \u00e0 ses objectifs\u00bb<\/em>.<\/span><\/p>\n<p class=\"p7\"><span class=\"s1\">Une vision par laquelle le chef d\u2019\u00e9tat-major de l\u2019ANP compte r\u00e9aliser tous les espoirs et attentes l\u00e9gitimes pour la construction d\u2019une arm\u00e9e forte, moderne et d\u00e9velopp\u00e9e, qui sera \u00e0 la hauteur de la r\u00e9putation de l\u2019Alg\u00e9rie nouvelle, capable de relever tous les d\u00e9fis et remporter les enjeux du XXI<sup>e<\/sup> si\u00e8cle ; <em>\u00abune arm\u00e9e fi\u00e8re de son pass\u00e9 et qui marche avec constance vers un avenir prometteur\u00bb<\/em>.<\/span><\/p>\n<p class=\"p7\"><span class=\"s1\">Renouvelant ses v\u0153ux pour la nouvelle ann\u00e9e 2021 et le Nouvel An amazigh 2971, le g\u00e9n\u00e9ral de corps d\u2019arm\u00e9e Sa\u00efd Chengriha a fait part de son <em>\u00absouci\u00bb<\/em> \u00e0 tenir <em>\u00abcette rencontre<\/em> (\u2026) <em>afin d\u2019effectuer une \u00e9valuation objective de ce qui a \u00e9t\u00e9 ex\u00e9cut\u00e9 durant l\u2019ann\u00e9e \u00e9coul\u00e9e et d\u00e9terminer les d\u00e9fis qu\u2019il nous appartient de relever \u00e0 moyen et court termes\u00bb<\/em>.<\/span><\/p>\n<p class=\"p8\"><strong><span class=\"s1\">D\u00e9fis<\/span><\/strong><\/p>\n<p class=\"p7\"><span class=\"s1\">Le chef d\u2019\u00e9tat-major de l\u2019ANP a soulign\u00e9 que les d\u00e9fis rencontr\u00e9s <em>\u00abnous appellent tous \u00e0 nous hisser \u00e0 la hauteur de la grandeur de l\u2019Alg\u00e9rie\u00bb<\/em>. Il s\u2019est dit <em>\u00abconvaincu\u00bb<\/em> que l\u2019ANP, au regard de sa longue exp\u00e9rience, <em>\u00abest capable de pr\u00e9server le legs et d\u2019\u00eatre \u00e0 la hauteur de la confiance que notre vaillant peuple a investie en elle\u00bb<\/em>.<\/span><\/p>\n<p class=\"p7\"><span class=\"s1\"><em>\u00abEn effet, ce sont d\u2019\u00e9normes et dangereux d\u00e9fis qui requi\u00e8rent que nous nous hissions \u00e0 la hauteur de la grandeur de l\u2019Alg\u00e9rie. Notre pays a \u00e9t\u00e9 destin\u00e9, dans le temps, et est destin\u00e9 encore \u00e0 faire face aux d\u00e9fis et les relever, quels qu\u2019en soient les sacrifices\u00bb<\/em>, a-t-il soutenu.<\/span><\/p>\n<p class=\"p7\"><span class=\"s1\">Il faut pr\u00e9ciser que les forces de l\u2019ANP ont lanc\u00e9 plusieurs offensives contre les r\u00e9sidus du terrorisme dans nombre de r\u00e9gions du pays. Deux grandes op\u00e9rations sont toujours en cours\u00a0: la premi\u00e8re \u00e0 Jijel et la seconde \u00e0 Tipasa.<\/span><\/p>\n<p class=\"p7\"><span class=\"s1\">Durant l\u2019ann\u00e9e 2020, les forces de l\u2019ANP ont pu \u00e9liminer 21 terroristes et en capturer 9 autres. Hier, le terroriste d\u00e9nomm\u00e9 Mahradja Hamma, dit Abu Talha, s\u2019est rendu aux autorit\u00e9s militaires \u00e0 Bordj Badji Mokhtar. Ce terroriste a ralli\u00e9 les groupes terroristes en 2011.<\/span><\/p>\n<p class=\"p7\"><span class=\"s1\">Aussi, les services de la Gendarmerie nationale ont saisi un pistolet-mitrailleur de type Kalachnikov et trois chargeurs de munitions lors d\u2019une patrouille \u00e0 In Amenas.<\/span><\/p>\n<p class=\"p7\"><span class=\"s1\">La menace terroriste reste omnipr\u00e9sente, notamment apr\u00e8s le red\u00e9ploiement des groupes terroristes au Sahel, renforc\u00e9s par la ran\u00e7on vers\u00e9e en contrepartie de la lib\u00e9ration de trois otages europ\u00e9ens et d\u2019un autre malien.<\/span><\/p>\n<p><span class=\"post-views-label\">Post Views:<\/span> <span class=\"post-views-count\">1\u00a0734<\/span><\/p>\n<p><br class=\"c2\"\/><\/p>\n<div class=\"ichhar-moneytagnative c5\" id=\"ichhar-361226646\">\n<p>Advertisements<\/p>\n<\/div>\n<p><br class=\"c2\"\/><br class=\"c6\"\/><\/p>\n<p>Auteur: Anis Khecheba<br \/>\n<a href=\"https:\/\/www.elwatan.com\/edition\/actualite\/chengriha-evalue-sa-feuille-de-route-14-01-2021\">Cliquez ici pour lire l&rsquo;article depuis sa source.<\/a><\/p>\n","protected":false},"excerpt":{"rendered":"<p>Il a r\u00e9uni hier les commandants de l\u2019ANP PHOTO : D. R. &#8211; Le chef d\u2019\u00e9tat-major, Sa\u00efd Chengriha, lors de la r\u00e9union d\u2019hier Le chef d\u2019\u00e9tat-major de l\u2019ANP a \u00e9valu\u00e9 le degr\u00e9 d\u2019application et de respect de la \u00abfeuille de route\u00bb qu\u2019il avait trac\u00e9e \u00e0 sa prise de fonction, au d\u00e9but de 2020. Le chef [&hellip;]<\/p>\n","protected":false},"author":1743,"featured_media":0,"comment_status":"closed","ping_status":"closed","sticky":false,"template":"","format":"standard","meta":{"fifu_image_url":"https:\/\/www.elwatan.com\/wp-content\/uploads\/2021\/01\/Chengriha.gif","fifu_image_alt":"Chengriha \u00e9value sa feuille de route","footnotes":""},"categories":[73,53],"tags":[],"class_list":["post-109294","post","type-post","status-publish","format-standard","hentry","category-actualite","category-algerie"],"_links":{"self":[{"href":"https:\/\/linitiative.ca\/International\/wp-json\/wp\/v2\/posts\/109294","targetHints":{"allow":["GET"]}}],"collection":[{"href":"https:\/\/linitiative.ca\/International\/wp-json\/wp\/v2\/posts"}],"about":[{"href":"https:\/\/linitiative.ca\/International\/wp-json\/wp\/v2\/types\/post"}],"author":[{"embeddable":true,"href":"https:\/\/linitiative.ca\/International\/wp-json\/wp\/v2\/users\/1743"}],"replies":[{"embeddable":true,"href":"https:\/\/linitiative.ca\/International\/wp-json\/wp\/v2\/comments?post=109294"}],"version-history":[{"count":0,"href":"https:\/\/linitiative.ca\/International\/wp-json\/wp\/v2\/posts\/109294\/revisions"}],"wp:attachment":[{"href":"https:\/\/linitiative.ca\/International\/wp-json\/wp\/v2\/media?parent=109294"}],"wp:term":[{"taxonomy":"category","embeddable":true,"href":"https:\/\/linitiative.ca\/International\/wp-json\/wp\/v2\/categories?post=109294"},{"taxonomy":"post_tag","embeddable":true,"href":"https:\/\/linitiative.ca\/International\/wp-json\/wp\/v2\/tags?post=109294"}],"curies":[{"name":"wp","href":"https:\/\/api.w.org\/{rel}","templated":true}]}}