{"id":109297,"date":"2021-01-14T03:00:00","date_gmt":"2021-01-14T08:00:00","guid":{"rendered":"https:\/\/linitiative.ca\/International\/hmayed-le-pecheur-surpris-par-la-revolution-nous-navons-pas-su-la-gerer-video\/"},"modified":"2021-01-14T03:00:00","modified_gmt":"2021-01-14T08:00:00","slug":"hmayed-le-pecheur-surpris-par-la-revolution-nous-navons-pas-su-la-gerer-video","status":"publish","type":"post","link":"https:\/\/linitiative.ca\/International\/hmayed-le-pecheur-surpris-par-la-revolution-nous-navons-pas-su-la-gerer-video\/","title":{"rendered":"Hmayed, le p\u00eacheur : Surpris par la r\u00e9volution, nous n\u2019avons pas su la g\u00e9rer (Vid\u00e9o)"},"content":{"rendered":"<p>La voix de la sagesse populaire surgit aussi d\u2019une barque de p\u00eacheur, du nord de la Tunisie. Hmayed r\u00e9v\u00e8le une analyse fluide, percutante. L\u2019effet de surprise de la r\u00e9volution n\u2019a pas imm\u00e9diatement d\u00e9clench\u00e9 l\u2019anticipation de sa gestion ce qui explique des conduites erratiques, confie-t-il. Beaucoup d\u2019individualisme, d\u2019int\u00e9r\u00eats gu\u00e8re publics, d\u2019intol\u00e9rance et de course au pouvoir, d\u00e9plore-t-il.<\/p>\n<p class=\"c2\"><iframe loading=\"lazy\" src=\"https:\/\/www.youtube.com\/embed\/pqys6YvUrsQ\" allow=\"accelerometer; autoplay; clipboard-write; encrypted-media; gyroscope; picture-in-picture\" allowfullscreen=\"\" width=\"560\" height=\"315\" frameborder=\"0\">[embedded content]<\/iframe><\/p>\n<p>Les gens de mer, notamment les p\u00eacheurs ont souffert ces derni\u00e8res ann\u00e9es, \u00e0 cause de l\u2019instabilit\u00e9 politique et de la r\u00e9cession \u00e9conomique et touristique, souligne Hmayed. Les restrictions suites au Covid-19 sont venues s\u2019y ajouter, d\u2019o\u00f9 perte de revenu et de grandes difficult\u00e9s financi\u00e8res pour tous. Mais, en bon marin, il garde espoir. C\u2019est ainsi qu\u2019il appelle \u00e0 la tol\u00e9rance, et \u00e0 la solidarit\u00e9 \u00e0 la remise au travail pour que le futur soit meilleur.<\/p>\n<p><strong>Lire aussi<\/strong><\/p>\n<p><a href=\"https:\/\/www.leaders.com.tn\/article\/31250-emna-menif-entre-les-populistes-les-tout-islam-politique-et-les-tout-anti-islam-politique\" target=\"_blank\" rel=\"noopener\">Emna Menif: Entre les populistes, les \u00abtout Islam politique\u00bb et les \u00abtout anti-Islam politique\u00bb<\/a><\/p>\n<p><a href=\"https:\/\/www.leaders.com.tn\/article\/31244-fadhel-moussa-la-tunisie-en-quete-d-une-reconfiguration-et-d-une-gouvernementalite\" target=\"_blank\" rel=\"noopener\">Fadhel Moussa: La Tunisie en qu\u00eate d\u2019une reconfiguration et d\u2019une gouvernementalit\u00e9<\/a><\/p>\n<p><a href=\"https:\/\/www.leaders.com.tn\/article\/31241-anis-marrakchi-sauvons-la-democratie-elle-a-des-vertus-que-l-autocratie-ne-peut-avoir\" target=\"_blank\" rel=\"noopener\">Anis Marrakchi: Sauvons la d\u00e9mocratie, elle a des vertus que l\u2019autocratie ne peut avoir<\/a><\/p>\n<p><a href=\"https:\/\/www.leaders.com.tn\/article\/31235-selma-mabrouk-la-revolution-et-apres-video\" target=\"_blank\" rel=\"noopener\">Selma Mabrouk: La r\u00e9volution et apr\u00e8s ? (Vid\u00e9o)<\/a><\/p>\n<p><a href=\"https:\/\/www.leaders.com.tn\/article\/31233-elyes-jouini-oeuvrer-au-retablissement-de-l-espoir\" target=\"_blank\" rel=\"noopener\">Ely\u00e8s Jouini: \u0152uvrer au r\u00e9tablissement de l\u2019espoir<\/a><\/p>\n<p><a href=\"https:\/\/www.leaders.com.tn\/article\/31226-ridha-ben-mosbah-sauver-la-transition-d-un-nouvel-echec-qui-serait-fatal\" target=\"_blank\" rel=\"noopener\">Ridha Ben Mosbah: Sauver la transition d\u2019un nouvel \u00e9chec qui serait fatal<\/a><\/p>\n<p><a href=\"https:\/\/www.leaders.com.tn\/article\/31218-mustapha-ben-jaafar-est-ce-l-heure-du-sursaut\" target=\"_blank\" rel=\"noopener\">Mustapha Ben Jaafar: Est-ce l\u2019heure du sursaut ?<\/a><\/p>\n<p><a href=\"https:\/\/www.leaders.com.tn\/article\/31221-yassine-brahim-plusieurs-batailles-sont-a-mener\" target=\"_blank\" rel=\"noopener\">Yassine Brahim: Plusieurs batailles sont \u00e0 mener&#8230; (Vid\u00e9o)<\/a><\/p>\n<p><a href=\"https:\/\/www.leaders.com.tn\/article\/31220-kamel-jendoubi-le-courage-d-un-peuple\" target=\"_blank\" rel=\"noopener\">Kamel Jendoubi: Le courage d\u2019un peuple<\/a><\/p>\n<p class=\"c3\"><a href=\"https:\/\/www.leaders.com.tn\/article\/31209-yadh-ben-achour-la-revolution-un-rappel-de-memoire\" target=\"_blank\" rel=\"noopener\">Yadh Ben Achour: La r\u00e9volution, un rappel de m\u00e9moire<\/a><\/p>\n<p class=\"c3\"><a href=\"https:\/\/www.leaders.com.tn\/article\/31191-mustapha-kamel-nabli-la-longue-marche-de-la-tunisie-de-l-espoir-fou-vers-le-grand-desespoir\" target=\"_blank\" rel=\"noopener\">Mustapha Kamel Nabli: La longue marche de la Tunisie de l\u2019\u00abespoir fou\u00bb vers le \u00abgrand d\u00e9sespoir\u00bb (Vid\u00e9o)<\/a><\/p>\n<p class=\"c3\"><a href=\"https:\/\/www.leaders.com.tn\/article\/31195-hakim-el-karoui-en-preface-du-livre-tunisie-dix-ans-et-dans-dix-ans-une-tunisie-democratique-libre-et-toujours-debout\" target=\"_blank\" rel=\"noopener\">Hakim El Karoui, en pr\u00e9face du livre Tunisie, Dix ans et dans Dix ans : Une Tunisie d\u00e9mocratique, libre et toujours debout<\/a><\/p>\n<p class=\"c3\"><a href=\"https:\/\/www.leaders.com.tn\/article\/31190-tunisie-2011-2021-ce-qu-il-faut-retenir-et-ce-qu-il-faut-batir-une-serie-d-interviews-video-et-un-ouvrage-collectif\" target=\"_blank\" rel=\"noopener\">Tunisie 2011 \u2013 2021 : Ce qu\u2019il faut retenir et ce qu\u2019il faut b\u00e2tir : une s\u00e9rie d\u2019interviews vid\u00e9o et un ouvrage collectif<\/a><\/p>\n<p class=\"c3\"><a href=\"https:\/\/www.leaders.com.tn\/article\/31189-mustapha-kamel-nabli-une-etroite-voie-de-sortie-existe-a-condition-video\" target=\"_blank\" rel=\"noopener\">Mustapha Kamel Nabli : Une \u00e9troite voie de sortie existe, \u00e0 condition &#8230; (Vid\u00e9o)<\/a><\/p>\n<p>Auteur:<br \/>\n<a href=\"https:\/\/www.leaders.com.tn\/article\/31247-hmayed-le-pecheur-surpris-par-la-revolution-nous-n-avons-pas-su-la-gerer-video\">Cliquez ici pour lire l&rsquo;article depuis sa source.<\/a><\/p>\n","protected":false},"excerpt":{"rendered":"<p>La voix de la sagesse populaire surgit aussi d\u2019une barque de p\u00eacheur, du nord de la Tunisie. Hmayed r\u00e9v\u00e8le une analyse fluide, percutante. L\u2019effet de surprise de la r\u00e9volution n\u2019a pas imm\u00e9diatement d\u00e9clench\u00e9 l\u2019anticipation de sa gestion ce qui explique des conduites erratiques, confie-t-il. Beaucoup d\u2019individualisme, d\u2019int\u00e9r\u00eats gu\u00e8re publics, d\u2019intol\u00e9rance et de course au pouvoir, [&hellip;]<\/p>\n","protected":false},"author":1772,"featured_media":0,"comment_status":"closed","ping_status":"closed","sticky":false,"template":"","format":"standard","meta":{"fifu_image_url":"","fifu_image_alt":"","footnotes":""},"categories":[73,55],"tags":[],"class_list":["post-109297","post","type-post","status-publish","format-standard","hentry","category-actualite","category-tunisie"],"_links":{"self":[{"href":"https:\/\/linitiative.ca\/International\/wp-json\/wp\/v2\/posts\/109297","targetHints":{"allow":["GET"]}}],"collection":[{"href":"https:\/\/linitiative.ca\/International\/wp-json\/wp\/v2\/posts"}],"about":[{"href":"https:\/\/linitiative.ca\/International\/wp-json\/wp\/v2\/types\/post"}],"author":[{"embeddable":true,"href":"https:\/\/linitiative.ca\/International\/wp-json\/wp\/v2\/users\/1772"}],"replies":[{"embeddable":true,"href":"https:\/\/linitiative.ca\/International\/wp-json\/wp\/v2\/comments?post=109297"}],"version-history":[{"count":0,"href":"https:\/\/linitiative.ca\/International\/wp-json\/wp\/v2\/posts\/109297\/revisions"}],"wp:attachment":[{"href":"https:\/\/linitiative.ca\/International\/wp-json\/wp\/v2\/media?parent=109297"}],"wp:term":[{"taxonomy":"category","embeddable":true,"href":"https:\/\/linitiative.ca\/International\/wp-json\/wp\/v2\/categories?post=109297"},{"taxonomy":"post_tag","embeddable":true,"href":"https:\/\/linitiative.ca\/International\/wp-json\/wp\/v2\/tags?post=109297"}],"curies":[{"name":"wp","href":"https:\/\/api.w.org\/{rel}","templated":true}]}}