{"id":109301,"date":"2021-01-14T08:00:00","date_gmt":"2021-01-14T13:00:00","guid":{"rendered":"https:\/\/linitiative.ca\/International\/sophie-bessis-aucun-veritable-consensus-na-ete-trouve-sur-des-questions-fondamentales\/"},"modified":"2021-01-14T08:00:00","modified_gmt":"2021-01-14T13:00:00","slug":"sophie-bessis-aucun-veritable-consensus-na-ete-trouve-sur-des-questions-fondamentales","status":"publish","type":"post","link":"https:\/\/linitiative.ca\/International\/sophie-bessis-aucun-veritable-consensus-na-ete-trouve-sur-des-questions-fondamentales\/","title":{"rendered":"Sophie Bessis: Aucun v\u00e9ritable consensus n\u2019a \u00e9t\u00e9 trouv\u00e9 sur des questions fondamentales"},"content":{"rendered":"<p><span class=\"c2\"><strong>Par Sophie Bessis.<\/strong> <em>Historienne, essayiste<\/em><\/span><\/p>\n<p><span class=\"c4\"><span class=\"c3\"><strong>1. Que retenez-vous le plus de ces dix derni\u00e8res ann\u00e9es?<\/strong><\/span><\/span><\/p>\n<p>Ces dix derni\u00e8res ann\u00e9es ont repr\u00e9sent\u00e9 \u00e0 tous points de vue un s\u00e9isme pour la Tunisie. Il faut revenir, m\u00eame bri\u00e8vement, sur la rupture qu\u2019a constitu\u00e9 la r\u00e9volution de 2011 dans l\u2019histoire du pays. C\u2019est la premi\u00e8re fois, d\u2019abord, qu\u2019un pays du monde arabe a r\u00e9ussi \u00e0 renvoyer son dictateur au terme d\u2019un soul\u00e8vement populaire, enclenchant ainsi une dynamique qui n\u2019a pas fini de r\u00e9percuter partout ses ondes de choc. Ce faisant, la Tunisie a mis fin \u00e0 une longue s\u00e9quence marqu\u00e9e par les deux pr\u00e9sidences autoritaires qui se sont succ\u00e9d\u00e9 depuis l\u2019ind\u00e9pendance en 1956. En effet, si les deux r\u00e9gimes de Bourguiba et de Ben Ali pr\u00e9sentent des diff\u00e9rences notables, tous les deux ont obstin\u00e9ment refus\u00e9 aux Tunisiens la jouissance de leurs libert\u00e9s \u00e9l\u00e9mentaires. Il y a dix ans, notre pays est donc entr\u00e9 dans une nouvelle p\u00e9riode de sa longue histoire. C\u2019est un acquis que rien ne pourra effacer.<\/p>\n<p>Le moins que l\u2019on puisse dire cependant, c\u2019est que la p\u00e9riode r\u00e9cente n\u2019est pas un long fleuve tranquille. Plusieurs raisons permettent d\u2019expliquer la tourmente dans laquelle la Tunisie est actuellement plong\u00e9e. Une r\u00e9volution ressemble \u00e0 la fameuse bo\u00eete de Pandore de l\u2019Antiquit\u00e9 grecque. Quand on l\u2019ouvre, tous les g\u00e9nies en sortent, les bons comme les mauvais. C\u2019est ce qui s\u2019est pass\u00e9. En premier lieu, on ne peut faire du pass\u00e9 table rase et l\u2019ensemble du personnel politique est l\u2019h\u00e9ritier de l\u2019ancien r\u00e9gime, m\u00eame ceux qui \u00e9taient alors dans l\u2019opposition. Il n\u2019a pas su trouver des formes nouvelles de gestion de la chose publique et s\u2019est \u00e9puis\u00e9 en querelles de clans et d\u2019ego au lieu de prendre \u00e0 bras-le-corps les probl\u00e8mes dont la r\u00e9volution a \u00e9t\u00e9 le r\u00e9v\u00e9lateur. En second lieu, m\u00eame si elles n\u2019ont jou\u00e9 aucun r\u00f4le dans le soul\u00e8vement qui a abouti \u00e0 la chute de Ben Ali, les mouvances islamistes ont vite occup\u00e9 une place centrale dans le champ politique postr\u00e9volutionnaire, d\u00e9pla\u00e7ant le d\u00e9bat sur le sujet des valeurs et du type de soci\u00e9t\u00e9 que devait ent\u00e9riner la nouvelle constitution qui a inaugur\u00e9 l\u2019entr\u00e9e dans la deuxi\u00e8me r\u00e9publique. Or les Tunisiens et les Tunisiennes sont profond\u00e9ment divis\u00e9s sur les valeurs qui doivent les gouverner et sur la place que doit occuper la religion dans l\u2019espace public.<\/p>\n<p>Aucun v\u00e9ritable consensus n\u2019a \u00e9t\u00e9 trouv\u00e9 sur ces questions fondamentales, ce qui explique le caract\u00e8re hybride de la Constitution de 2014. En revanche, le parti Ennahdha s\u2019est vite coul\u00e9 dans le moule d\u2019une pratique politique fond\u00e9e sur le client\u00e9lisme et les all\u00e9geances claniques. Enfin, les questions \u00e9conomiques et sociales n\u2019ont pas \u00e9t\u00e9 trait\u00e9es par une classe politique format\u00e9e au lib\u00e9ralisme, incapable de changer de paradigmes \u00e9conomiques en un moment de l\u2019histoire mondiale o\u00f9 les recettes lib\u00e9rales font partout faillite. Les gouvernements qui se sont succ\u00e9d\u00e9 depuis 2011 ont tous eu une gestion court-termiste et sans vision de l\u2019avenir du pays, laissant se d\u00e9grader la situation et se d\u00e9liter l\u2019\u00c9tat qui n\u2019est plus aujourd\u2019hui que l\u2019ombre de lui-m\u00eame. R\u00e9sultat, l\u2019\u00e9conomie affaiblie s\u2019est informalis\u00e9e dans le pire sens du terme, la corruption gangr\u00e8ne toutes les activit\u00e9s, les revendications sociales &#8211; dont la plupart sont l\u00e9gitimes mais pas toutes &#8211; sont trait\u00e9es sur le mode du sauve-qui-peut, et les citoyens d\u00e9senchant\u00e9s se sont jet\u00e9s dans les bras d\u2019entrepreneurs populistes porteurs de slogans et non de solutions.<\/p>\n<p><span class=\"c3\"><span class=\"c4\"><strong>2. Pensez-vous que la d\u00e9mocratie demeure la v\u00e9ritable voie d\u2019avenir et \u00e0 quelles conditions?<br \/><\/strong><\/span><\/span><\/p>\n<p>Cette situation inqui\u00e9tante ne remet aucunement en cause la n\u00e9cessit\u00e9 vitale de p\u00e9renniser notre d\u00e9mocratie qui s\u2019installe \u00e0 peine et qui est affect\u00e9e par nombre de maladies infantiles. N\u2019oublions pas la c\u00e9l\u00e8bre phrase de Churchill : la d\u00e9mocratie est le pire des r\u00e9gimes \u00e0 l\u2019exception de tous les autres. Mais il faut lui donner les moyens de fonctionner. Ce \u00e0 quoi l\u2019on assiste depuis plusieurs ann\u00e9es, c\u2019est \u00e0 une instrumentalisation de la d\u00e9mocratie au service d\u2019int\u00e9r\u00eats qui en sont les antipodes. D\u2019abord, elle ne se r\u00e9sume pas \u00e0 des \u00e9lections transparentes, m\u00eame si dans ce domaine la Tunisie a fait un pas gigantesque en permettant \u00e0 ses citoyens de choisir en toute libert\u00e9 ceux et celles qui sont appel\u00e9s \u00e0 les repr\u00e9senter et \u00e0 gouverner. Elle repose sur un socle de principes qui lui sont consubstantiels, dont la transparence des gouvernants, le respect des opinions diff\u00e9rentes et des minorit\u00e9s, et sur l\u2019installation d\u2019institutions de surveillance de son bon fonctionnement. Or la Cour constitutionnelle n\u2019existe pas encore, ce qui est un scandale, et les autres organismes sont les otages de captations politiques qui les emp\u00eachent d\u2019accomplir leur mission. Cela montre, h\u00e9las, qu\u2019une bonne partie du personnel politique et la plupart des partis repr\u00e9sent\u00e9s \u00e0 l\u2019Assembl\u00e9e n\u2019ont aucune envie de voir prendre racine un authentique syst\u00e8me d\u00e9mocratique. C\u2019est cela qui est dangereux et pas la d\u00e9mocratie en elle-m\u00eame. Par ailleurs, cette derni\u00e8re est faite de droits et de devoirs. Trop longtemps priv\u00e9s des premiers, les citoyens en abusent parfois aujourd\u2019hui tout en oubliant les devoirs qui leur sont attach\u00e9s. Il y a incontestablement aujourd\u2019hui un d\u00e9ficit de conscience citoyenne. Mais qui en est r\u00e9ellement responsable ? L\u2019enseignement doit \u00e9duquer \u00e0 la citoyennet\u00e9. Les responsables doivent avoir en la mati\u00e8re un comportement exemplaire. C\u2019est l\u2019inverse qui se produit. Pour \u00eatre respect\u00e9 par la population, un \u00c9tat doit \u00eatre respectable, ce n\u2019est pas le cas. Ceux qui en ont la charge ont oubli\u00e9 qu\u2019il a des devoirs. Enfin, aucune d\u00e9mocratie ne peut avoir de l\u00e9gitimit\u00e9 si l\u2019appareil d\u2019\u00c9tat ne lutte pas contre les in\u00e9galit\u00e9s qui minent la coh\u00e9sion sociale. Or elles ne cessent de se creuser dans tous les domaines, dans l\u2019acc\u00e8s \u00e0 l\u2019emploi, dans l\u2019\u00e9ducation et la sant\u00e9, dans le choix des infrastructures, dans le droit pour tous \u00e0 un environnement sain, sans parler des in\u00e9galit\u00e9s abyssales de revenus entre les diff\u00e9rentes cat\u00e9gories sociales. Cela ne pourra pas durer encore longtemps.<\/p>\n<p><span class=\"c3\"><span class=\"c4\"><strong>3. \u00cates-vous confiante pour les dix prochaines ann\u00e9es?<\/strong><\/span><\/span><\/p>\n<p>Il faut surtout \u00eatre conscient. La Tunisie n\u2019est pas au bout de ses peines et des ann\u00e9es difficiles l\u2019attendent encore. Reconstruire un pays mis \u00e0 mal par des ann\u00e9es de gabegie, r\u00e9parer les cassures, r\u00e9concilier les r\u00e9gions entre elles, construire des majorit\u00e9s claires autour d\u2019un projet global de soci\u00e9t\u00e9 et choisir des responsables capables de le mettre en \u0153uvre, rien de tout cela ne sera facile.<\/p>\n<p>Puisque la g\u00e9n\u00e9ration politique actuellement aux commandes a failli, il faut regarder vers l\u2019avenir. Les Tunisiennes et les Tunisiens qui sont de jeunes adultes aujourd\u2019hui avaient dix ans en 2011. Ils ont v\u00e9cu leur jeunesse dans un environnement totalement diff\u00e9rent de celui de leurs parents. Nous verrons ce qu\u2019ils en feront. Ce qui permet d\u2019esp\u00e9rer, c\u2019est que le pays est d\u00e9sormais couvert d\u2019associations de toutes sortes, locales, r\u00e9gionales, nationales, qui tentent de pallier les carences des pouvoirs publics, de venir en aide aux plus d\u00e9munis, d\u2019imaginer un avenir moins sombre que celui qui s\u2019annonce. Les femmes luttent pour sauver leurs droits face aux forces de r\u00e9gression. La plupart de ces jeunes veulent vivre dans un pays capable de leur offrir une vie digne.<\/p>\n<p>Beaucoup savent que l\u2019\u00e9migration n\u2019est pas une solution. Mais beaucoup aussi, et souvent les meilleurs, quittent leur pays qui, dix ans apr\u00e8s leur avoir donn\u00e9 d\u2019immenses espoirs, n\u2019est pas \u00e0 la hauteur des attentes qui s\u2019\u00e9taient alors exprim\u00e9es. Seule \u00abrescap\u00e9e\u00bb des printemps arabes, la Tunisie n\u2019a pas le droit de sombrer. Mais personne ne l\u2019aidera \u00e0 remonter la pente. C\u2019est sur ses seules forces qu\u2019elle doit compter. Nul ne peut dire \u00e0 l\u2019heure qu\u2019il est si elles seront ou non capables de relever le d\u00e9fi.<\/p>\n<p><strong>Sophie Bessis<\/strong><br \/><em><span class=\"c5\">Historienne, essayiste<\/span><\/em><\/p>\n<p>Auteur:<br \/>\n<a href=\"https:\/\/www.leaders.com.tn\/article\/31256-sophie-bessis-aucun-veritable-consensus-n-a-ete-trouve-sur-des-questions-fondamentales\">Cliquez ici pour lire l&rsquo;article depuis sa source.<\/a><\/p>\n","protected":false},"excerpt":{"rendered":"<p>Par Sophie Bessis. Historienne, essayiste 1. Que retenez-vous le plus de ces dix derni\u00e8res ann\u00e9es? Ces dix derni\u00e8res ann\u00e9es ont repr\u00e9sent\u00e9 \u00e0 tous points de vue un s\u00e9isme pour la Tunisie. Il faut revenir, m\u00eame bri\u00e8vement, sur la rupture qu\u2019a constitu\u00e9 la r\u00e9volution de 2011 dans l\u2019histoire du pays. C\u2019est la premi\u00e8re fois, d\u2019abord, qu\u2019un [&hellip;]<\/p>\n","protected":false},"author":1772,"featured_media":0,"comment_status":"closed","ping_status":"closed","sticky":false,"template":"","format":"standard","meta":{"fifu_image_url":"","fifu_image_alt":"","footnotes":""},"categories":[73,55],"tags":[],"class_list":["post-109301","post","type-post","status-publish","format-standard","hentry","category-actualite","category-tunisie"],"_links":{"self":[{"href":"https:\/\/linitiative.ca\/International\/wp-json\/wp\/v2\/posts\/109301","targetHints":{"allow":["GET"]}}],"collection":[{"href":"https:\/\/linitiative.ca\/International\/wp-json\/wp\/v2\/posts"}],"about":[{"href":"https:\/\/linitiative.ca\/International\/wp-json\/wp\/v2\/types\/post"}],"author":[{"embeddable":true,"href":"https:\/\/linitiative.ca\/International\/wp-json\/wp\/v2\/users\/1772"}],"replies":[{"embeddable":true,"href":"https:\/\/linitiative.ca\/International\/wp-json\/wp\/v2\/comments?post=109301"}],"version-history":[{"count":0,"href":"https:\/\/linitiative.ca\/International\/wp-json\/wp\/v2\/posts\/109301\/revisions"}],"wp:attachment":[{"href":"https:\/\/linitiative.ca\/International\/wp-json\/wp\/v2\/media?parent=109301"}],"wp:term":[{"taxonomy":"category","embeddable":true,"href":"https:\/\/linitiative.ca\/International\/wp-json\/wp\/v2\/categories?post=109301"},{"taxonomy":"post_tag","embeddable":true,"href":"https:\/\/linitiative.ca\/International\/wp-json\/wp\/v2\/tags?post=109301"}],"curies":[{"name":"wp","href":"https:\/\/api.w.org\/{rel}","templated":true}]}}