{"id":109304,"date":"2021-01-14T05:00:00","date_gmt":"2021-01-14T10:00:00","guid":{"rendered":"https:\/\/linitiative.ca\/International\/hommage-a-un-grand-intellectuel-le-regrette-pr-abdelkader-khelladi\/"},"modified":"2021-01-14T05:00:00","modified_gmt":"2021-01-14T10:00:00","slug":"hommage-a-un-grand-intellectuel-le-regrette-pr-abdelkader-khelladi","status":"publish","type":"post","link":"https:\/\/linitiative.ca\/International\/hommage-a-un-grand-intellectuel-le-regrette-pr-abdelkader-khelladi\/","title":{"rendered":"Hommage \u00e0 un grand intellectuel,  le regrett\u00e9 Pr. Abdelkader Khelladi"},"content":{"rendered":"<p class=\"c4\"><em><strong>Par Abdelalim Medjaoui<\/strong><\/em><br \/>Le Pr. Abdelkader Khelladi est parti sur la pointe des pieds, comme un voleur, ne soulevant aucun \u00e9moi dans le milieu universitaire dont il \u00e9tait l\u2019un des repr\u00e9sentants les plus \u00e9minents et les plus dignes.\u00a0<br \/>Grand math\u00e9maticien, il a lev\u00e9 haut le drapeau de l\u2019\u00e9cole math\u00e9matique nationale en formant des dizaines d\u2019\u00e9tudiants en la mati\u00e8re, dont certains ont brill\u00e9 parmi le gotha international. Vers la fin de sa carri\u00e8re, il a voulu renouer le fil avec notre riche pass\u00e9 en la mati\u00e8re, en enseignant l&rsquo;histoire des sciences, notamment arabes, dont il a \u00e9crit un petit condens\u00e9 malheureusement rest\u00e9 quasi clandestin\u2026 Il a voulu int\u00e9resser ses \u00e9tudiants aux travaux d\u2019un grand ma\u00eetre en la mati\u00e8re, le Pr. Roshdi Rashed, du CNRS, \u00e0 Paris, qu\u2019il a invit\u00e9 \u00e0 plusieurs reprises \u00e0 l&rsquo;UST Houari-Boum\u00e9di\u00e8ne, \u00e0 Bab-Ezzouar, \u00e0 Alger, avec l\u2019espoir de voir germer une nouvelle pousse des sciences qui avaient fait briller jadis l\u2019\u00c9cole de math\u00e9matiques de Bougie, celle o\u00f9 a \u00e9tudi\u00e9 le grand math\u00e9maticien du Moyen-\u00e2ge, Fibonacci\u2026 Il a alors eu le plaisir et l\u2019insigne fiert\u00e9 de voir une des ses \u00e9l\u00e8ves soutenir une brillante th\u00e8se sur le math\u00e9maticien arabe du XVIIe si\u00e8cle Al Asfahani\u2026 Brillante \u00e0 Paris o\u00f9 elle a \u00e9t\u00e9 soutenue, \u00e0 T\u00e9h\u00e9ran o\u00f9 elle a attir\u00e9 l\u2019attention, mais ne soulevant l\u2019int\u00e9r\u00eat de personne dans son pays. Car tel est le climat infertile qui y r\u00e8gne\u2026\u00a0<\/p>\n<p class=\"c4\">Le Pr. Si Abdelkader \u00e9tait fils d\u2019un chahid tomb\u00e9 au champ d\u2019honneur en 1958\u2026 Les enfants ont \u00e9t\u00e9 \u00e9lev\u00e9s par la maman (veuve tr\u00e8s jeune) \u2013 rabbi ybarak fi ma razqat bih blad\u2019ha ! \u2013 qui est d\u00e9c\u00e9d\u00e9e il y a 2 ans, \u00e0 l&rsquo;\u00e2ge de 94 ans. Allah yarhamha berahamtou\u2026<br \/>Le Pr. Si Abdelkader nous a quitt\u00e9s ce 6 janvier, mais la veille, le 5, il avait fait para\u00eetre dans le quotidien Le Soir d\u2019Alg\u00e9rie un petit texte de m\u00eame pas une page du journal, mais qui vaut des volumes, sous le titre interrogatif : \u00abNouvelle Constitution, nouvelle universit\u00e9 ?\u00bb<br \/>Ce petit texte, dont la signature \u00e9tait appuy\u00e9e de ses titres de \u00abmembre fondateur de l\u2019Acad\u00e9mie alg\u00e9rienne des sciences et des technologies. Professeur d\u2019universit\u00e9 \u00e0 la retraite\u00bb, porte la marque de son savoir-faire p\u00e9dagogique, concis et pr\u00e9cis. Il y dresse un diagnostic serr\u00e9 de l\u2019\u00e9tat ma ya\u2018djabch, peu reluisant, de notre universit\u00e9 nationale !<br \/>Cette contribution m\u2019a frapp\u00e9 par son contenu.\u00a0<br \/>Et aussi par cette apostrophe que j\u2019ai ressentie comme une exigence :\u00a0<br \/>\u00abD\u2019embl\u00e9e, dit-il, je voudrais pr\u00e9ciser que cette contribution est une invitation \u00e0 l\u2019expression des citoyens concernant ce qui doit changer dans leur vie gr\u00e2ce aux apports positifs de la nouvelle Constitution. Bien s\u00fbr que le sujet est vaste et que je souhaite lire d\u2019autres avis, sur d\u2019autres points de notre vie, de nos espoirs et des changements r\u00e9els qui doivent \u00eatre visibles et sensibles \u00e0 tout citoyen\u2026\u00bb<br \/>\u00ab\u00c9videmment, poursuit-il, il n\u2019y a pas que l\u2019universit\u00e9 qui doit avoir et accepter de v\u00e9ritables et profonds changements dans son fonctionnement. Il y a d\u2019abord le comportement du citoyen lui-m\u00eame qui doit apprendre \u00e0 demander et \u00e0 exiger, sereinement, ses droits fondamentaux tout en respectant ses devoirs.\u00bb (Recommandation renouvel\u00e9e en fin de contribution !).<br \/>Ce texte, qui n\u2019\u00e9tait qu\u2019une contribution d\u2019un de nos ma\u00eetres conscient de ses responsabilit\u00e9s envers le pays pour lequel son p\u00e8re est tomb\u00e9 chahid, devient une \u00abwa\u00e7iya\u00bb, un testament sacr\u00e9, apr\u00e8s sa disparition. Et c\u2019est donc en tant que citoyen rappel\u00e9 par cette apostrophe, qu\u2019au soir de ma vie, je me sens le devoir d\u2019exercer mon droit constitutionnel et mon devoir de citoyen et de faire cette d\u00e9marche. Car ce texte m\u2019a frapp\u00e9 aussi par la conjoncture dans laquelle il a paru : quelques jours auparavant, nos autorit\u00e9s avaient \u00abouvert\u00bb solennellement l\u2019ann\u00e9e universitaire nouvelle !\u00a0<br \/>J\u2019avais pr\u00eat\u00e9 une attention soutenue \u00e0 cet \u00e9v\u00e9nement crucial dans la vie de la nation dans les circonstances dramatiques de la pand\u00e9mie, mais je pensais que le malaise qui m\u2019\u00e9tait rest\u00e9 \u00e9tait l\u2019effet de cette lecture difficile par les responsables de textes \u00e9crits dans un langage qui ne permet pas de \u00abvider ce qu\u2019on a sur le c\u0153ur\u00bb, en \u00absortant du nass\u00bb, comme l\u2019a dit un jour le Pr\u00e9sident Tebboune\u2026\u00a0 \u00a0\u00a0<br \/>En r\u00e9alit\u00e9, c\u2019\u00e9tait le contenu des discours qui n\u2019exprimait pas la r\u00e9alit\u00e9 de la situation de l\u2019institution universitaire, ni le programme du minist\u00e8re pour la traiter que devait cautionner de toute son autorit\u00e9 symbolique l\u2019institution gouvernementale, par la voix de son Premier ministre.<br \/>Attention,\u00a0 rappelle notre Professeur : \u00abL\u2019universit\u00e9 souffre en r\u00e9alit\u00e9 et dans sa vie de tous les jours des maux qui fl\u00e9trissent la vie et les espoirs des Alg\u00e9riens. On y retrouve, comme partout ailleurs, une bureaucratie autoritaire bien install\u00e9e, une impunit\u00e9 largement d\u00e9fendue et, bien que cela ne soit pas apparent \u00e0 premi\u00e8re vue, des lieux de \u2018\u2018dhil\u2019\u2019 bien dissimul\u00e9s\u00bb ; j\u2019ai compris \u00e9galement des \u00ablieux de \u2018\u2018dholm\u2019\u2019\u00bb\u2026<br \/>C\u2019est cette bureaucratie autoritaire qui voile, au ministre et au gouvernement, la r\u00e9alit\u00e9 sur laquelle ils sont tenus d\u2019agir, de par la charge (le wizr, comme la nomme le texte coranique) qui leur est confi\u00e9e.\u00a0<br \/>Le Pr. Si Abdelkader donne des exemples pr\u00e9cis du \u00abdholm\u00bb qui cors\u00e8te notre production scientifique, qui l\u2019\u00e9touffe au point que, d\u00e8s le dipl\u00f4me acquis, nombre de r\u00e9cipiendaires n\u2019ont qu\u2019une id\u00e9e en t\u00eate : aller s\u2019\u00e9panouir sous d\u2019autres cieux plus respectueux de la science. Notre universit\u00e9 produit des cerveaux qui vont enrichir des institutions ailleurs de par le monde !<br \/>Et l\u00e0, il n\u2019y a pas que les responsables directs qui sont apostroph\u00e9s : la \u00abm\u00e9diature\u00bb de la R\u00e9publique se doit d\u2019\u00eatre pr\u00e9sente par une structure ad hoc dans chaque universit\u00e9, et la justice ne doit pas \u00eatre bien loin pour veiller \u00e0 faire reculer, jusqu\u2019\u00e0 la bannir, cette corruption politique plus grave, me semble-t-il, que l\u2019\u00e9conomique\u2026\u00a0 \u00a0<br \/>Pour en revenir \u00e0 cette rentr\u00e9e universitaire dans les conditions dramatiques du corona, j\u2019avais esp\u00e9r\u00e9 que le minist\u00e8re allait s\u00e9rieusement s\u2019occuper \u00e0 organiser les cours \u00e0 distance, seule fa\u00e7on de faire face aux devoirs de l\u2019institution. Les \u00e9chos que j\u2019ai eus de la part de connaissances qui sont confront\u00e9es \u00e0 l\u2019enseignement m\u2019ont amen\u00e9 \u00e0 constater que chacun doit se d\u00e9brouiller comme il peut.\u00a0\u00a0<br \/>Or, c\u2019est une t\u00e2che cruciale qu\u2019il faut prendre centralement \u00e0 bras-le-corps, d&rsquo;autant que le pays a les moyens humains, techniques et technologiques pour la prendre en charge\u2026 J\u2019ajouterais ici un petit rappel historique\u2026\u00a0<br \/>L\u2019Alg\u00e9rie avait, \u00e0 un moment(1), le souci du d\u00e9veloppement et de la modernisation du pays. Elle avait saisi, bien avant d\u2019autres, l\u2019importance de l\u2019outil informatique et avait d\u00e9cid\u00e9 de s\u2019en assurer la ma\u00eetrise.\u00a0 Feu le Ceri (Centre d\u2019\u00e9tudes et de recherches en informatique) de Oued Smar, sous l\u2019\u00e9gide du tr\u00e8s regrett\u00e9 Mustapha Bouarfa, assist\u00e9 par une \u00abfahla\u00bb,<br \/>Mme Bouzaher, a dot\u00e9 l\u2019Alg\u00e9rie d\u2019informaticiens tr\u00e8s qualifi\u00e9s.\u00a0<br \/>Je profite pour leur dire ici un grand hommage : \u00e0 vous tous, amis, Salim, Abdelkhaleq, Ahmed, Moncef, Bouseksou, Cherif, Nadji, et d\u2019autres nombreux dont je m\u2019excuse de ne pas avoir gard\u00e9 les noms en m\u00e9moire, \u00e0 vous tous qui, malgr\u00e9 tout, n\u2019oubliez pas votre fiert\u00e9 d\u2019Alg\u00e9riens !\u00a0<br \/>Mais ces issus du Ceri n\u2019ont pas trouv\u00e9 leur place dans \u00abl\u2019Alg\u00e9rie qui ne s\u2019aime pas\u00bb ! Ils avaient pourtant plein d\u2019id\u00e9es, et plein de pistes de recherche \u2014 avec cet outil d\u2019avenir qu\u2019ils sont arriv\u00e9s \u00e0 ma\u00eetriser \u2014 pour ajouter leur pierre \u00e0 l\u2019\u00e9difice national\u2026\u00a0<br \/>Devant les blocages de l\u2019administration, nombre d\u2019entre eux ont cr\u00e9\u00e9 leurs propres bo\u00eetes, croyant pouvoir s\u2019imposer par leur savoir-faire. Les plus chanceux ont pu percer la carapace r\u00e9fractaire, gr\u00e2ce \u00e0 des amis bien plac\u00e9s. Mais pour ceux qui n\u2019avaient pas \u00abd\u2019entr\u00e9e\u00bb dans le \u00absyst\u00e8me\u00bb, \u00abl\u2019Alg\u00e9rie qui aime l\u2019autre rive\u00bb leur a, pour les besoins propres du pays, pr\u00e9f\u00e9r\u00e9 des bo\u00eetes justement de l\u00e0-bas\u2026 Celles-ci \u2014 reconnaissant leurs capacit\u00e9s \u2014 leur ont donn\u00e9 en sous-main \u00e0 faire le travail qui leur \u00e9tait command\u00e9 ! Quand on aime l\u2019Alg\u00e9rie, on s\u2019accroche comme on peut ! D\u2019autres n\u2019ont pas pu s\u2019accrocher et ils ont \u00e9t\u00e9 faire le bonheur de pays qui ont su les retenir ! J\u2019ai m\u00eame eu vent de l\u2019aventure malheureuse d\u2019un de nos \u00abchampions\u00bb qui s\u2019est vu commander un programme de gestion d\u2019une institution centrale si importante qu\u2019il a \u00e9t\u00e9 cr\u00e9\u00e9, au nom du chercheur, un \u00e9tablissement officiel pour asseoir cette recherche.\u00a0<br \/>Et quand le programme a commenc\u00e9 \u00e0 prendre forme, le \u00abresponsable\u00bb administratif par qui est pass\u00e9e la commande a voulu s\u2019approprier l\u2019\u00e9tablissement, autant dire le r\u00e9sultat de la recherche. Le harc\u00e8lement de l\u2019administratif a \u00e9t\u00e9 tel que le chercheur a failli \u00eatre pouss\u00e9 au suicide !\u2026\u00a0<br \/>Depuis, sans doute, l\u2019informaticien national a perdu de sa valeur. On est content lorsqu\u2019il vous r\u00e8gle un probl\u00e8me de gestion ou autre, mais c\u2019est \u00e0 peine mieux que le plombier\u2026\u00a0<br \/>Dans le cadre de la politique de casse des institutions et r\u00e9alisations h\u00e9rit\u00e9es de l\u2019Alg\u00e9rie \u00abqui s\u2019aimait\u00bb, le Ceri a \u00e9t\u00e9 transform\u00e9 en CNI (Centre national d\u2019informatique \u2013 la recherche a disparu du titre et de l\u2019activit\u00e9, \u00e9videmment ! Et il a fallu cr\u00e9er d\u2019autres structures pour la mener). On continue \u00e0 former\u2026 des informaticiens qui, n\u2019ayant pas de valeur sociale reconnue, doivent se d\u00e9brouiller comme ils peuvent avec leurs dipl\u00f4mes.<br \/>Le secret de cette d\u00e9valorisation ?\u00a0<br \/>Pour une part, la peur des bureaucrates qu\u2019on fasse appel \u00e0 l\u2019informaticien pour moderniser l\u2019administration. \u00abNahhitounna khobzatna !\u00bb disait sans vergogne un responsable d\u2019une administration \u00e0 cet universitaire qui a r\u00e9pondu \u00e0 la demande de mise en place du programme d\u2019automatisation de l\u2019inscription au service g\u00e9r\u00e9 par ce \u00abresponsable\u00bb. Et n\u2019est-ce pas dans cette t\u00e2che de modernisation informatique de son d\u00e9partement que Yazid Zerhouni s\u2019est cass\u00e9 les dents ?\u2026<br \/>Pour une autre part, le fait que, parmi les gens form\u00e9s, les moins dou\u00e9s rejoignent l\u2019administration et se trouvent \u00e0 des postes, o\u00f9 \u2013 pour les besoins de modernisation des services par l\u2019informatique \u2014 ce sont eux qui jugent les capacit\u00e9s informaticiennes \u00e0 solliciter pour les t\u00e2ches de d\u00e9veloppement.\u00a0<br \/>Il semble qu\u2019on est sur la voie de mettre fin \u00e0 cette sous-valorisation de notre capital informaticien national. On a besoin de le voir solennellement mobilis\u00e9 comme corps dans le combat en cours, comme on l\u2019a fait pour nos m\u00e9decins ; car les probl\u00e8mes pos\u00e9s dans la lutte contre le Covid-19 ne sont pas seulement m\u00e9dicaux, tout le monde en convient.\u00a0<br \/>C\u2019est bien d\u2019avoir port\u00e9 de jeunes informaticiens aux postes de ministres, mais leur action serait certainement surmultipli\u00e9e s\u2019ils r\u00e9ussissaient \u00e0 mettre en branle, avec eux, notre corps informaticien national(2) r\u00e9habilit\u00e9 ; comme on l\u2019a fait, en impliquant notre corps m\u00e9dical dans son ensemble, pour g\u00e9rer, non seulement la bataille contre le Covid-19, mais l\u2019action m\u00e9dicale nationale, et donner le loisir au Pr. Benbouzid d\u2019\u00eatre un v\u00e9ritable ministre de la Sant\u00e9, comme n\u2019ont pas pu l\u2019\u00eatre les autres professeurs qui l\u2019ont pr\u00e9c\u00e9d\u00e9.\u00a0<br \/>Nos informaticiens sont les p\u00e9pites \u00e9parpill\u00e9es d\u2019un tr\u00e9sor. Il faut en faire des lingots !\u00a0<br \/><strong><em>A. M.<\/em><\/strong><\/p>\n<p class=\"c4\"><em>\u00a01) Je n\u2019ai pas voulu pr\u00e9ciser que ce moment a \u00e9t\u00e9 celui de Houari Boumedi\u00e8ne. Parce qu\u2019il me semble que, depuis quelque temps, et m\u00eame dans cette \u00abAlg\u00e9rie nouvelle\u00bb qu\u2019on se propose de construire, nos \u00e9lites \u2014 intellectuelles et autres \u2013 se sont mises tacitement d\u2019accord pour l\u2019exclure de notre m\u00e9moire nationale\u2026 Il n\u2019y a plus, semble-t-il, que les Palestiniens qui continuent de l\u2019honorer !\u00a0\u00a0<br \/>\u00a02) O\u00f9 doit bien s\u2019impatienter notre Ali Baba-Amazon national pour intervenir et ma\u00eetriser tout ce qu\u2019il y a d\u2019informel dans le fonctionnement de notre soci\u00e9t\u00e9\u2026\u00a0 \u00a0<\/em><\/p>\n<p>Auteur:<br \/>\n<a href=\"https:\/\/www.lesoirdalgerie.com\/contribution\/hommage-a-un-grand-intellectuel-le-regrette-pr-abdelkader-khelladi-54602\">Cliquez ici pour lire l&rsquo;article depuis sa source.<\/a><\/p>\n","protected":false},"excerpt":{"rendered":"<p>Par Abdelalim MedjaouiLe Pr. Abdelkader Khelladi est parti sur la pointe des pieds, comme un voleur, ne soulevant aucun \u00e9moi dans le milieu universitaire dont il \u00e9tait l\u2019un des repr\u00e9sentants les plus \u00e9minents et les plus dignes.\u00a0Grand math\u00e9maticien, il a lev\u00e9 haut le drapeau de l\u2019\u00e9cole math\u00e9matique nationale en formant des dizaines d\u2019\u00e9tudiants en la [&hellip;]<\/p>\n","protected":false},"author":1741,"featured_media":0,"comment_status":"closed","ping_status":"closed","sticky":false,"template":"","format":"standard","meta":{"fifu_image_url":"","fifu_image_alt":"","footnotes":""},"categories":[73,53],"tags":[],"class_list":["post-109304","post","type-post","status-publish","format-standard","hentry","category-actualite","category-algerie"],"_links":{"self":[{"href":"https:\/\/linitiative.ca\/International\/wp-json\/wp\/v2\/posts\/109304","targetHints":{"allow":["GET"]}}],"collection":[{"href":"https:\/\/linitiative.ca\/International\/wp-json\/wp\/v2\/posts"}],"about":[{"href":"https:\/\/linitiative.ca\/International\/wp-json\/wp\/v2\/types\/post"}],"author":[{"embeddable":true,"href":"https:\/\/linitiative.ca\/International\/wp-json\/wp\/v2\/users\/1741"}],"replies":[{"embeddable":true,"href":"https:\/\/linitiative.ca\/International\/wp-json\/wp\/v2\/comments?post=109304"}],"version-history":[{"count":0,"href":"https:\/\/linitiative.ca\/International\/wp-json\/wp\/v2\/posts\/109304\/revisions"}],"wp:attachment":[{"href":"https:\/\/linitiative.ca\/International\/wp-json\/wp\/v2\/media?parent=109304"}],"wp:term":[{"taxonomy":"category","embeddable":true,"href":"https:\/\/linitiative.ca\/International\/wp-json\/wp\/v2\/categories?post=109304"},{"taxonomy":"post_tag","embeddable":true,"href":"https:\/\/linitiative.ca\/International\/wp-json\/wp\/v2\/tags?post=109304"}],"curies":[{"name":"wp","href":"https:\/\/api.w.org\/{rel}","templated":true}]}}