{"id":109305,"date":"2021-01-14T13:56:53","date_gmt":"2021-01-14T18:56:53","guid":{"rendered":"https:\/\/linitiative.ca\/International\/la-lumiere-jaillira\/"},"modified":"2021-01-14T13:56:53","modified_gmt":"2021-01-14T18:56:53","slug":"la-lumiere-jaillira","status":"publish","type":"post","link":"https:\/\/linitiative.ca\/International\/la-lumiere-jaillira\/","title":{"rendered":"La lumi\u00e8re jaillira"},"content":{"rendered":"<p><strong>L\u2019arriv\u00e9e des vaccins est sans doute une bonne nouvelle. Mais il faut raison garder. Deux millions de doses cette semaine, huit millions en mars, c\u2019est un rythme tr\u00e8s lent. Le ministre de la Sant\u00e9 s\u2019est beaucoup avanc\u00e9 en promettant un retour \u00e0 la normale en mai. Pour atteindre\u00a0 l\u2019immunit\u00e9 collective, cela prendra beaucoup plus de temps. Les pol\u00e9miques ne servent \u00e0 rien, les lueurs d\u2019espoir sauvent des vies, permettent aux peuples une plus grande r\u00e9silience.<\/strong><\/p>\n<div class=\"c10\"\/>\n<p>Que dans ce contexte, le Maroc se projette dans des r\u00e9formes, un plan de relance, une aide fiscale \u00e0 l\u2019emploi, est de bon augure. Il faut anticiper la sortie de crise, en saisissant les opportunit\u00e9s qu\u2019elle offre. Les d\u00e9g\u00e2ts sont importants, les risques de la troisi\u00e8me vague, du variant anglais sont l\u00e0, mais au-del\u00e0 du vaccin, v\u00e9ritable issue du cauchemar, le meilleur antidote c\u2019est l\u2019espoir. Que notre \u00e9conomie soit impact\u00e9e, que des couches populaires soient dans la lutte pour la survie, que des secteurs comme l\u2019h\u00f4tellerie, l\u2019artisanat au sens large, soient asphyxi\u00e9s, que nos jeunes subissent des impacts psychologiques, c\u2019est une r\u00e9alit\u00e9 que nul ne peut nier.<\/p>\n<p><strong>Lire aussi| <a href=\"https:\/\/www.challenge.ma\/coronavirus-campagne-de-depistage-des-nouveaux-variants-du-covid-19-dans-six-regions-171993\/\">Coronavirus : campagne de d\u00e9pistage des nouveaux variants du Covid-19 dans six r\u00e9gions<\/a><\/strong><\/p>\n<p>Mais le Maroc a montr\u00e9 une grande r\u00e9silience, malgr\u00e9 des erreurs infantiles de communication des autorit\u00e9s, qui ont atteint l\u2019adh\u00e9sion des populations. Arr\u00eatons de critiquer \u00e0 l\u2019emporte-pi\u00e8ce. Aucun pays n\u2019a trouv\u00e9 la parade \u00e0 ce drame du choix entre le sanitaire et l\u2019\u00e9conomie et le social. C\u2019est une pand\u00e9mie sans nulle autre pareille. Elle impactera le monde m\u00eame apr\u00e8s, puisque la mondialisation effr\u00e9n\u00e9e est remise en cause, que tout un chacun veut retrouver sa souverainet\u00e9 sanitaire, apr\u00e8s la ridicule guerre mondiale des masques.<\/p>\n<p><strong>Lire aussi| <a href=\"https:\/\/www.challenge.ma\/coronavirus-les-variants-se-repandent-loms-convoque-son-comite-durgence-171954\/\">Coronavirus : les variants se r\u00e9pandent, l\u2019OMS convoque son comit\u00e9 d\u2019urgence<\/a><\/strong><\/p>\n<p>Dans quelques mois, dans un an, nous retrouverons nos libert\u00e9s et nous essayerons d\u2019en profiter sans exc\u00e8s. Mais, il nous faudra en tirer des cons\u00e9quences. Renforcer nos capacit\u00e9s sanitaires, parce que ce genre de crise se r\u00e9p\u00e9tera, cr\u00e9er un nouveau mod\u00e8le de d\u00e9veloppement o\u00f9 la solidarit\u00e9 l\u2019emporte, renforcer notre r\u00e9silience nationale. De cette crise, nous sortirons plus forts.<\/p>\n<p>Auteur: challenge<br \/>\n<a href=\"https:\/\/www.challenge.ma\/la-lumiere-jaillira-172030\/\">Cliquez ici pour lire l&rsquo;article depuis sa source.<\/a><\/p>\n","protected":false},"excerpt":{"rendered":"<p>L\u2019arriv\u00e9e des vaccins est sans doute une bonne nouvelle. Mais il faut raison garder. Deux millions de doses cette semaine, huit millions en mars, c\u2019est un rythme tr\u00e8s lent. Le ministre de la Sant\u00e9 s\u2019est beaucoup avanc\u00e9 en promettant un retour \u00e0 la normale en mai. Pour atteindre\u00a0 l\u2019immunit\u00e9 collective, cela prendra beaucoup plus de [&hellip;]<\/p>\n","protected":false},"author":1787,"featured_media":0,"comment_status":"closed","ping_status":"closed","sticky":false,"template":"","format":"standard","meta":{"fifu_image_url":"","fifu_image_alt":"","footnotes":""},"categories":[78,54],"tags":[],"class_list":["post-109305","post","type-post","status-publish","format-standard","hentry","category-economie","category-maroc"],"_links":{"self":[{"href":"https:\/\/linitiative.ca\/International\/wp-json\/wp\/v2\/posts\/109305","targetHints":{"allow":["GET"]}}],"collection":[{"href":"https:\/\/linitiative.ca\/International\/wp-json\/wp\/v2\/posts"}],"about":[{"href":"https:\/\/linitiative.ca\/International\/wp-json\/wp\/v2\/types\/post"}],"author":[{"embeddable":true,"href":"https:\/\/linitiative.ca\/International\/wp-json\/wp\/v2\/users\/1787"}],"replies":[{"embeddable":true,"href":"https:\/\/linitiative.ca\/International\/wp-json\/wp\/v2\/comments?post=109305"}],"version-history":[{"count":0,"href":"https:\/\/linitiative.ca\/International\/wp-json\/wp\/v2\/posts\/109305\/revisions"}],"wp:attachment":[{"href":"https:\/\/linitiative.ca\/International\/wp-json\/wp\/v2\/media?parent=109305"}],"wp:term":[{"taxonomy":"category","embeddable":true,"href":"https:\/\/linitiative.ca\/International\/wp-json\/wp\/v2\/categories?post=109305"},{"taxonomy":"post_tag","embeddable":true,"href":"https:\/\/linitiative.ca\/International\/wp-json\/wp\/v2\/tags?post=109305"}],"curies":[{"name":"wp","href":"https:\/\/api.w.org\/{rel}","templated":true}]}}