{"id":109307,"date":"2021-01-14T14:49:13","date_gmt":"2021-01-14T19:49:13","guid":{"rendered":"https:\/\/linitiative.ca\/International\/tunisie-affaire-nabil-karoui-le-cheikh-croit-en-son-innocence\/"},"modified":"2021-01-14T14:49:13","modified_gmt":"2021-01-14T19:49:13","slug":"tunisie-affaire-nabil-karoui-le-cheikh-croit-en-son-innocence","status":"publish","type":"post","link":"https:\/\/linitiative.ca\/International\/tunisie-affaire-nabil-karoui-le-cheikh-croit-en-son-innocence\/","title":{"rendered":"Tunisie-Affaire Nabil Karoui: Le Cheikh croit en son \u201cinnocence\u201d"},"content":{"rendered":"<div class=\"post-cont-in left relative\">\n<div id=\"post-info-wrap\" class=\"left relative post-info-out\">\n<div class=\"post-info-img left relative\"><img loading=\"lazy\" decoding=\"async\" alt=\"\" src=\"https:\/\/secure.gravatar.com\/avatar\/ea481d7287ad38ca1787f44b5bb1b70e?s=50&amp;d=mm&amp;r=g\" srcset=\"https:\/\/secure.gravatar.com\/avatar\/ea481d7287ad38ca1787f44b5bb1b70e?s=100&amp;d=mm&amp;r=g 2x\" class=\"avatar avatar-50 photo\" height=\"50\" width=\"50\"\/><\/div>\n<div class=\"post-info-in\">\n<div class=\"post-info-right left relative post-info-name left relative\"><span><span class=\"post-info-text\">Par<\/span> <span class=\"author-name vcard fn author\"><a href=\"https:\/\/www.tunisienumerique.com\/author\/rania-ben-slimane\/\" title=\"Articles par rania ben slimane\" rel=\"author\">rania ben slimane<\/a><\/span><\/span> <span class=\"post-date updated\"><time class=\"post-date updated\" datetime=\"2021-01-14\">\u00a0| Il y a 2 heures<\/time><\/span><\/div>\n<div class=\"left relative\"><button id=\"listenButton1\" class=\"responsivevoice-button\" type=\"button\" value=\"Play\" title=\"&#xC9;coutez l'article\"><span>\ud83d\udd0a \u00c9coutez l&rsquo;article<\/span><\/button> <\/div>\n<\/div>\n<\/div>\n<p>Le pr\u00e9sident de l\u2019ARP, par ailleurs pr\u00e9sident du mouvement Ennahdha, Rached Ghannouchi s\u2019est exprim\u00e9 aujourd\u2019hui, jeudi 14 janvier 2021, concernant la lib\u00e9ration du chef du parti Qalb Tounes, Nabil Karoui.<\/p>\n<div class=\"code-block code-block-1 c4\"><ins class=\"adsbygoogle c3\" data-ad-layout=\"in-article\" data-ad-format=\"fluid\" data-ad-client=\"ca-pub-2102118777505746\" data-ad-slot=\"7301775417\"\/> <\/div>\n<p>En effet, le Cheikh croit en l\u2019innocence de Nabil Karoui et pense qu\u2019il sortira de prison \u00ab la t\u00eate haute et avec honneur\u00bb car d\u2019une part, il est \u00abde bonne foi\u00bb et d\u2019autre part, il a confiance en l\u2019ind\u00e9pendance de la justice.<\/p>\n<p>Ghannouchi a pr\u00e9cis\u00e9 dans une interview qui sera diffus\u00e9e aujourd\u2019hui sur une chaine t\u00e9l\u00e9vis\u00e9e arabe priv\u00e9e, au sujet de sa candidature \u00e0 la pr\u00e9sidence du mouvement Ennahdha qu\u2019il s\u2019est engag\u00e9 \u00e0 respecter le r\u00e8glement int\u00e9rieur du mouvement, qui l\u2019emp\u00eache de s\u2019y pr\u00e9senter \u00e0 nouveau, tenant \u00e0 ne pas le modifier lors de la prochaine conf\u00e9rence du mouvement.<\/p>\n<p>Il a consid\u00e9r\u00e9 que la r\u00e9solution de la R\u00e9volution est \u201cpositive\u201d et qu\u2019elle repr\u00e9sente un mod\u00e8le de succ\u00e8s \u201ctunisien\u201d dans un milieu arabe en lutte continue pour la d\u00e9mocratie, la libert\u00e9 de la presse et des \u00e9lections justes et transparentes.<\/p>\n<p>Cependant, il a \u00e9voqu\u00e9 que \u00ables aspirations des tunisiens sont plus \u00e9lev\u00e9es que ce qui a \u00e9t\u00e9 r\u00e9alis\u00e9\u00bb et que \u00abla chute de la dictature ne signifie pas que les objectifs de la R\u00e9volution ont \u00e9t\u00e9 atteintes simultan\u00e9ment\u00bb.<\/p>\n<p>Ghannouchi a, en outre, mis en cause la loi \u00e9lectorale et non pas la Constitution, quant \u00e0 la dispersion au sein du Parlement, notant que son parti avait soumis une initiative l\u00e9gislative visant \u00e0 la modifier, notamment en relevant le seuil de 5%.<\/p>\n<p>Au sujet du soutien du Parti marocain Justice et D\u00e9veloppement de la d\u00e9cision du Maroc concernant la normalisation avec Isra\u00ebl, Ghannouchi l\u2019a qualifi\u00e9 \u00ab de malheureux \u00bb.<\/p>\n<p>D\u00e9clarant qu\u2019en Tunisie, il existe un consensus populaire de rejet de toutes formes de normalisation avec l\u2019entit\u00e9 sioniste.<\/p>\n<div class=\"swp_social_panel swp_horizontal_panel swp_flat_fresh swp_default_full_color swp_individual_full_color swp_other_full_color scale-100 scale-\" data-min-width=\"1100\" data-float-color=\"#ffffff\" data-float=\"bottom\" data-float-mobile=\"bottom\" data-transition=\"slide\">\n<div class=\"nc_tweetContainer swp_share_button total_shares total_sharesalt\"><span class=\"swp_count\">17 <span class=\"swp_label\">Partages<\/span><\/span><\/div>\n<\/div>\n<p><strong>Que se passe-t-il en Tunisie?<\/strong><br \/>Nous expliquons sur notre <a href=\"https:\/\/www.youtube.com\/channel\/UCRzypVq0B_yBad5eGrwBx0Q?sub_confirmation=1\" target=\"_blank\" rel=\"noopener\">cha\u00eene YouTube<\/a> . <a href=\"https:\/\/www.youtube.com\/channel\/UCRzypVq0B_yBad5eGrwBx0Q?sub_confirmation=1\" target=\"_blank\" rel=\"noopener\">Abonnez-vous!<\/a><\/p>\n<div class=\"mvp-org-wrap mvp-org-logo\" itemprop=\"publisher\"><img decoding=\"async\" src=\"https:\/\/www.tunisienumerique.com\/wp-content\/uploads\/2017\/02\/logo_tunisie_numerique.png\"\/><\/div>\n<div class=\"mvp-related-posts left relative\">\n<h4 class=\"post-header\"><span class=\"post-header\">Lire aussi<\/span><\/h4>\n<\/div>\n<div id=\"article-ad\"><ins class=\"adsbygoogle c5\" data-ad-client=\"ca-pub-2102118777505746\" data-ad-slot=\"6513972734\" data-ad-format=\"auto\" data-full-width-responsive=\"true\"\/> <\/div>\n<\/div>\n<div id=\"post-sidebar-wrap\"><ins class=\"adsbygoogle c5\" data-ad-client=\"ca-pub-2102118777505746\" data-ad-slot=\"6168283410\" data-ad-format=\"auto\" data-full-width-responsive=\"true\"\/> <\/div>\n<p>Auteur: rania ben slimane<br \/>\n<a href=\"https:\/\/www.tunisienumerique.com\/tunisie-affaire-nabil-karoui-le-cheikh-croit-en-son-innocence\/\">Cliquez ici pour lire l&rsquo;article depuis sa source.<\/a><\/p>\n","protected":false},"excerpt":{"rendered":"<p>Par rania ben slimane \u00a0| Il y a 2 heures \ud83d\udd0a \u00c9coutez l&rsquo;article Le pr\u00e9sident de l\u2019ARP, par ailleurs pr\u00e9sident du mouvement Ennahdha, Rached Ghannouchi s\u2019est exprim\u00e9 aujourd\u2019hui, jeudi 14 janvier 2021, concernant la lib\u00e9ration du chef du parti Qalb Tounes, Nabil Karoui. En effet, le Cheikh croit en l\u2019innocence de Nabil Karoui et pense [&hellip;]<\/p>\n","protected":false},"author":1789,"featured_media":0,"comment_status":"closed","ping_status":"closed","sticky":false,"template":"","format":"standard","meta":{"fifu_image_url":"https:\/\/secure.gravatar.com\/avatar\/ea481d7287ad38ca1787f44b5bb1b70e?s=50&d=mm&r=g","fifu_image_alt":"Tunisie-Affaire Nabil Karoui: Le Cheikh croit en son \u201cinnocence\u201d","footnotes":""},"categories":[73,55],"tags":[],"class_list":["post-109307","post","type-post","status-publish","format-standard","hentry","category-actualite","category-tunisie"],"_links":{"self":[{"href":"https:\/\/linitiative.ca\/International\/wp-json\/wp\/v2\/posts\/109307","targetHints":{"allow":["GET"]}}],"collection":[{"href":"https:\/\/linitiative.ca\/International\/wp-json\/wp\/v2\/posts"}],"about":[{"href":"https:\/\/linitiative.ca\/International\/wp-json\/wp\/v2\/types\/post"}],"author":[{"embeddable":true,"href":"https:\/\/linitiative.ca\/International\/wp-json\/wp\/v2\/users\/1789"}],"replies":[{"embeddable":true,"href":"https:\/\/linitiative.ca\/International\/wp-json\/wp\/v2\/comments?post=109307"}],"version-history":[{"count":0,"href":"https:\/\/linitiative.ca\/International\/wp-json\/wp\/v2\/posts\/109307\/revisions"}],"wp:attachment":[{"href":"https:\/\/linitiative.ca\/International\/wp-json\/wp\/v2\/media?parent=109307"}],"wp:term":[{"taxonomy":"category","embeddable":true,"href":"https:\/\/linitiative.ca\/International\/wp-json\/wp\/v2\/categories?post=109307"},{"taxonomy":"post_tag","embeddable":true,"href":"https:\/\/linitiative.ca\/International\/wp-json\/wp\/v2\/tags?post=109307"}],"curies":[{"name":"wp","href":"https:\/\/api.w.org\/{rel}","templated":true}]}}