{"id":109310,"date":"2021-01-14T15:31:11","date_gmt":"2021-01-14T20:31:11","guid":{"rendered":"https:\/\/linitiative.ca\/International\/tunisie-kasserine-des-sit-inneurs-menacent-de-bruler-le-siege-de-la-societe-serept-et-le-champ-petrolier-douleb\/"},"modified":"2021-01-14T15:31:11","modified_gmt":"2021-01-14T20:31:11","slug":"tunisie-kasserine-des-sit-inneurs-menacent-de-bruler-le-siege-de-la-societe-serept-et-le-champ-petrolier-douleb","status":"publish","type":"post","link":"https:\/\/linitiative.ca\/International\/tunisie-kasserine-des-sit-inneurs-menacent-de-bruler-le-siege-de-la-societe-serept-et-le-champ-petrolier-douleb\/","title":{"rendered":"Tunisie-Kasserine: des sit-inneurs menacent de br\u00fbler le si\u00e8ge de la soci\u00e9t\u00e9 \u201cSEREPT\u201d et le champ p\u00e9trolier \u00ab Douleb \u00bb"},"content":{"rendered":"<div class=\"post-cont-in left relative\">\n<div id=\"post-info-wrap\" class=\"left relative post-info-out\">\n<div class=\"post-info-img left relative\"><img loading=\"lazy\" decoding=\"async\" alt=\"\" src=\"https:\/\/secure.gravatar.com\/avatar\/ea481d7287ad38ca1787f44b5bb1b70e?s=50&amp;d=mm&amp;r=g\" srcset=\"https:\/\/secure.gravatar.com\/avatar\/ea481d7287ad38ca1787f44b5bb1b70e?s=100&amp;d=mm&amp;r=g 2x\" class=\"avatar avatar-50 photo\" height=\"50\" width=\"50\"\/><\/div>\n<div class=\"post-info-in\">\n<div class=\"post-info-right left relative post-info-name left relative\"><span><span class=\"post-info-text\">Par<\/span> <span class=\"author-name vcard fn author\"><a href=\"https:\/\/www.tunisienumerique.com\/author\/rania-ben-slimane\/\" title=\"Articles par rania ben slimane\" rel=\"author\">rania ben slimane<\/a><\/span><\/span> <span class=\"post-date updated\"><time class=\"post-date updated\" datetime=\"2021-01-14\">\u00a0| Il y a 2 heures<\/time><\/span><\/div>\n<div class=\"left relative\"><button id=\"listenButton1\" class=\"responsivevoice-button\" type=\"button\" value=\"Play\" title=\"&#xC9;coutez l'article\"><span>\ud83d\udd0a \u00c9coutez l&rsquo;article<\/span><\/button> <\/div>\n<\/div>\n<\/div>\n<p>Des manifestants au champ p\u00e9trolier \u00ab Douleb \u00bb, situ\u00e9 aux confins des d\u00e9l\u00e9gations d\u2019El-Ayoun et de Sbe\u00eftla \u00e0 Kasserine, ont menac\u00e9 de br\u00fbler le si\u00e8ge de la soci\u00e9t\u00e9 de Recherche et d\u2019Exploitation des p\u00e9troles en Tunisie \u2013 SEREPT, qui exploite le champ, en guise de protestation contre la politique de procrastination du gouvernement \u00e0 leur \u00e9gard ainsi que l\u2019absence de responsivit\u00e9 quant \u00e0 leur demande d\u2019affectation au sein de l\u2019entreprise.<\/p>\n<div class=\"code-block code-block-1 c4\"><ins class=\"adsbygoogle c3\" data-ad-layout=\"in-article\" data-ad-format=\"fluid\" data-ad-client=\"ca-pub-2102118777505746\" data-ad-slot=\"7301775417\"\/> <\/div>\n<p>Le porte-parole du \u00ab sit-in du Douleb \u00bb, Mohamed Raouf Khadhraoui a ajout\u00e9, dans un communiqu\u00e9 \u00e0 l\u2019agence Tunis Afrique Presse que cela s\u2019inscrivait \u00e9galement dans le cadre de protestation contre \u201cles accusations malveillantes et des \u00e9pisodes de tensions entre des agents s\u00e9curitaires et un groupe de manifestants, en plus de la mort de leur coll\u00e8gue victime d\u2019un accident de la route, alors qu\u2019il \u00e9tait parti leur chercher de la nourriture\u00bb.<\/p>\n<p>La m\u00eame source a mentionn\u00e9 que les sit-inneur du Douleb ont br\u00fbl\u00e9 des pneus autour de l\u2019installation p\u00e9troli\u00e8re \u00abSEREPT\u00bb cet apr\u00e8s-midi, indiquant qu\u2019en cas de non satisfaction de leur demande, de la non lib\u00e9ration de leurs coll\u00e8gues, \u00ab ils br\u00fbleront l\u2019entreprise et le champ Douleb \u00bb.<\/p>\n<p>Il convient de noter qu\u2019un groupe de ch\u00f4meurs de diff\u00e9rents niveaux de formation, demeurant dans les zones adjacentes \u00e0 la soci\u00e9t\u00e9 \u00abSEREPT\u00bb, ayant pris le nom de \u00abCoordination du Douleb \u00bb, ont entam\u00e9 vers fin novembre 2020, un sit-in devant cette installation p\u00e9troli\u00e8re situ\u00e9e dans le champ Douleb depuis 1969. Ces derniers l\u2019ont ferm\u00e9e et ont perturb\u00e9 ses activit\u00e9s \u00e0 plusieurs reprises pour faire pression, jusqu\u2019\u00e0 ce le gouvernement r\u00e9ponde \u00e0 leurs demandes.<\/p>\n<div class=\"swp_social_panel swp_horizontal_panel swp_flat_fresh swp_default_full_color swp_individual_full_color swp_other_full_color scale-100 scale-\" data-min-width=\"1100\" data-float-color=\"#ffffff\" data-float=\"bottom\" data-float-mobile=\"bottom\" data-transition=\"slide\">\n<div class=\"nc_tweetContainer swp_share_button total_shares total_sharesalt\"><span class=\"swp_count\">11 <span class=\"swp_label\">Partages<\/span><\/span><\/div>\n<\/div>\n<p><strong>Que se passe-t-il en Tunisie?<\/strong><br \/>Nous expliquons sur notre <a href=\"https:\/\/www.youtube.com\/channel\/UCRzypVq0B_yBad5eGrwBx0Q?sub_confirmation=1\" target=\"_blank\" rel=\"noopener\">cha\u00eene YouTube<\/a> . <a href=\"https:\/\/www.youtube.com\/channel\/UCRzypVq0B_yBad5eGrwBx0Q?sub_confirmation=1\" target=\"_blank\" rel=\"noopener\">Abonnez-vous!<\/a><\/p>\n<div class=\"mvp-org-wrap mvp-org-logo\" itemprop=\"publisher\"><img decoding=\"async\" src=\"https:\/\/www.tunisienumerique.com\/wp-content\/uploads\/2017\/02\/logo_tunisie_numerique.png\"\/><\/div>\n<div class=\"mvp-related-posts left relative\">\n<h4 class=\"post-header\"><span class=\"post-header\">Lire aussi<\/span><\/h4>\n<\/div>\n<div id=\"article-ad\"><ins class=\"adsbygoogle c5\" data-ad-client=\"ca-pub-2102118777505746\" data-ad-slot=\"6513972734\" data-ad-format=\"auto\" data-full-width-responsive=\"true\"\/> <\/div>\n<\/div>\n<div id=\"post-sidebar-wrap\"><ins class=\"adsbygoogle c5\" data-ad-client=\"ca-pub-2102118777505746\" data-ad-slot=\"6168283410\" data-ad-format=\"auto\" data-full-width-responsive=\"true\"\/> <\/div>\n<p>Auteur: rania ben slimane<br \/>\n<a href=\"https:\/\/www.tunisienumerique.com\/tunisie-kasserine-des-sit-inneurs-menacent-de-bruler-le-siege-de-la-societe-serept-et-le-champ-petrolier-douleb\/\">Cliquez ici pour lire l&rsquo;article depuis sa source.<\/a><\/p>\n","protected":false},"excerpt":{"rendered":"<p>Par rania ben slimane \u00a0| Il y a 2 heures \ud83d\udd0a \u00c9coutez l&rsquo;article Des manifestants au champ p\u00e9trolier \u00ab Douleb \u00bb, situ\u00e9 aux confins des d\u00e9l\u00e9gations d\u2019El-Ayoun et de Sbe\u00eftla \u00e0 Kasserine, ont menac\u00e9 de br\u00fbler le si\u00e8ge de la soci\u00e9t\u00e9 de Recherche et d\u2019Exploitation des p\u00e9troles en Tunisie \u2013 SEREPT, qui exploite le champ, [&hellip;]<\/p>\n","protected":false},"author":1789,"featured_media":0,"comment_status":"closed","ping_status":"closed","sticky":false,"template":"","format":"standard","meta":{"fifu_image_url":"https:\/\/secure.gravatar.com\/avatar\/ea481d7287ad38ca1787f44b5bb1b70e?s=50&d=mm&r=g","fifu_image_alt":"Tunisie-Kasserine: des sit-inneurs menacent de br\u00fbler le si\u00e8ge de la soci\u00e9t\u00e9 \u201cSEREPT\u201d et le champ p\u00e9trolier \u00ab Douleb \u00bb","footnotes":""},"categories":[73,55],"tags":[],"class_list":["post-109310","post","type-post","status-publish","format-standard","hentry","category-actualite","category-tunisie"],"_links":{"self":[{"href":"https:\/\/linitiative.ca\/International\/wp-json\/wp\/v2\/posts\/109310","targetHints":{"allow":["GET"]}}],"collection":[{"href":"https:\/\/linitiative.ca\/International\/wp-json\/wp\/v2\/posts"}],"about":[{"href":"https:\/\/linitiative.ca\/International\/wp-json\/wp\/v2\/types\/post"}],"author":[{"embeddable":true,"href":"https:\/\/linitiative.ca\/International\/wp-json\/wp\/v2\/users\/1789"}],"replies":[{"embeddable":true,"href":"https:\/\/linitiative.ca\/International\/wp-json\/wp\/v2\/comments?post=109310"}],"version-history":[{"count":0,"href":"https:\/\/linitiative.ca\/International\/wp-json\/wp\/v2\/posts\/109310\/revisions"}],"wp:attachment":[{"href":"https:\/\/linitiative.ca\/International\/wp-json\/wp\/v2\/media?parent=109310"}],"wp:term":[{"taxonomy":"category","embeddable":true,"href":"https:\/\/linitiative.ca\/International\/wp-json\/wp\/v2\/categories?post=109310"},{"taxonomy":"post_tag","embeddable":true,"href":"https:\/\/linitiative.ca\/International\/wp-json\/wp\/v2\/tags?post=109310"}],"curies":[{"name":"wp","href":"https:\/\/api.w.org\/{rel}","templated":true}]}}