{"id":109311,"date":"2021-01-14T16:25:47","date_gmt":"2021-01-14T21:25:47","guid":{"rendered":"https:\/\/linitiative.ca\/International\/tunisie-quattend-letat-pour-reagir-a-une-urgence-qui-menace-la-securite-alimentaire-du-tunisien\/"},"modified":"2021-01-14T16:25:47","modified_gmt":"2021-01-14T21:25:47","slug":"tunisie-quattend-letat-pour-reagir-a-une-urgence-qui-menace-la-securite-alimentaire-du-tunisien","status":"publish","type":"post","link":"https:\/\/linitiative.ca\/International\/tunisie-quattend-letat-pour-reagir-a-une-urgence-qui-menace-la-securite-alimentaire-du-tunisien\/","title":{"rendered":"Tunisie \u2013 Qu\u2019attend l\u2019Etat pour r\u00e9agir \u00e0 une urgence qui menace la s\u00e9curit\u00e9 alimentaire du tunisien\u00a0?"},"content":{"rendered":"<div class=\"post-cont-in left relative\">\n<div id=\"post-info-wrap\" class=\"left relative post-info-out\">\n<div class=\"post-info-img left relative\"><img loading=\"lazy\" decoding=\"async\" alt=\"\" src=\"https:\/\/secure.gravatar.com\/avatar\/96253f4a657b482a18e837c1252096c2?s=50&amp;d=mm&amp;r=g\" srcset=\"https:\/\/secure.gravatar.com\/avatar\/96253f4a657b482a18e837c1252096c2?s=100&amp;d=mm&amp;r=g 2x\" class=\"avatar avatar-50 photo\" height=\"50\" width=\"50\"\/><\/div>\n<div class=\"post-info-in\">\n<div class=\"post-info-right left relative post-info-name left relative\"><span><span class=\"post-info-text\">Par<\/span> <span class=\"author-name vcard fn author\"><a href=\"https:\/\/www.tunisienumerique.com\/author\/saber\/\" title=\"Articles par Saber .\" rel=\"author\">Saber .<\/a><\/span><\/span> <span class=\"post-date updated\"><time class=\"post-date updated\" datetime=\"2021-01-14\">\u00a0| Il y a 1 heure<\/time><\/span><\/div>\n<div class=\"left relative\"><button id=\"listenButton1\" class=\"responsivevoice-button\" type=\"button\" value=\"Play\" title=\"&#xC9;coutez l'article\"><span>\ud83d\udd0a \u00c9coutez l&rsquo;article<\/span><\/button> <\/div>\n<\/div>\n<\/div>\n<p>Un probl\u00e8me aigu, grave et urgent qui menace la s\u00e9curit\u00e9 et l\u2019alimentation des tunisiens, mais qui, paradoxalement, ne semble pas inqui\u00e9ter le moins du monde, l\u2019Etat et ses dirigeants.<\/p>\n<div class=\"code-block code-block-1 c4\"><ins class=\"adsbygoogle c3\" data-ad-layout=\"in-article\" data-ad-format=\"fluid\" data-ad-client=\"ca-pub-2102118777505746\" data-ad-slot=\"7301775417\"\/> <\/div>\n<p>Il s\u2019agit du manque d\u2019engrais \u00e0 base d\u2019ammonitrate. Un d\u00e9ficit qui menace la r\u00e9colte de cette ann\u00e9e qui, pourtant, s\u2019annon\u00e7ait prometteuse gr\u00e2ce \u00e0 une pluviom\u00e9trie assez g\u00e9n\u00e9reuse. Une r\u00e9colte qui est, de ce fait, hypoth\u00e9qu\u00e9e \u00e0 cause des multiples mouvements sociaux qui ont paralys\u00e9 la fili\u00e8re de production de cet engrais \u00e0 tous les niveaux, depuis sa production au bassin minier de Gafsa, en passant par son transport qu\u2019il soit ferroviaire ou par camion, jusqu\u2019\u00e0 sa transformation dans l\u2019unit\u00e9 du groupe chimique de Tunisie, \u00e0 Gabes.<\/p>\n<p>Le manque d\u2019ammonitrate a mis les agriculteurs sous une pression \u00e9touffante, en attendant que les responsables se r\u00e9veillent de leur l\u00e9thargie et per\u00e7oivent la gravit\u00e9 de la situation. Ils pourraient pr\u00e9tendre avoir pris les devants et import\u00e9 une grande quantit\u00e9 de ce produit. Ka\u00efs Sa\u00efed pourrait dire qu\u2019il a confi\u00e9 sa distribution \u00e0 l\u2019arm\u00e9e pour \u00e9viter la sp\u00e9culation\u2026 Il faudrait savoir que la quantit\u00e9 import\u00e9e repr\u00e9sente une goutte dans l\u2019oc\u00e9an des besoins de l\u2019agriculture qui s\u2019\u00e9l\u00e8vent \u00e0 220 mille tonnes, dont 180 mille, rien que pour les grandes cultures.<\/p>\n<p>Or, la Tunisie s\u2019est content\u00e9e d\u2019importer la\u00a0 quantit\u00e9 d\u00e9risoire de 60 mille tonnes. M\u00eame si le minist\u00e8re de l\u2019agriculture, qui a command\u00e9 cette quantit\u00e9, table sur une hypoth\u00e9tique reprise de l\u2019activit\u00e9 de l\u2019usine du groupe chimique de Gabes, il devrait savoir que la capacit\u00e9 de cette usine ne d\u00e9passe gu\u00e8re les 15 mille tonnes par mois. Si on consid\u00e8re que cet engrais doit \u00eatre utilis\u00e9 avant le mois de mars, on comprend que durant cette p\u00e9riode l\u2019usine ne pourrait fournir que 45 mille tonnes. Une quantit\u00e9 qui, ajout\u00e9e aux 60 mille tonnes import\u00e9es, demeure tr\u00e8s en de\u00e7\u00e0 des besoins du pays.<\/p>\n<p>Si le gouvernement tient \u00e0 accorder \u00e0 l\u2019agriculture le maximum de bonnes conditions de r\u00e9ussite il doit, de toute urgence, importer cent vingt autres milliers de tonnes, pour pouvoir esp\u00e9rer sauver la saison, puisqu\u2019il a \u00e9t\u00e9 incapable de garantir la fili\u00e8re de sa production qui demeure \u00e0 l\u2019arr\u00eat presque total, depuis des ann\u00e9es.<\/p>\n<div class=\"swp_social_panel swp_horizontal_panel swp_flat_fresh swp_default_full_color swp_individual_full_color swp_other_full_color scale-100 scale-\" data-min-width=\"1100\" data-float-color=\"#ffffff\" data-float=\"bottom\" data-float-mobile=\"bottom\" data-transition=\"slide\">\n<div class=\"nc_tweetContainer swp_share_button total_shares total_sharesalt\"><span class=\"swp_count\">13 <span class=\"swp_label\">Partages<\/span><\/span><\/div>\n<\/div>\n<p><strong>Que se passe-t-il en Tunisie?<\/strong><br \/>Nous expliquons sur notre <a href=\"https:\/\/www.youtube.com\/channel\/UCRzypVq0B_yBad5eGrwBx0Q?sub_confirmation=1\" target=\"_blank\" rel=\"noopener\">cha\u00eene YouTube<\/a> . <a href=\"https:\/\/www.youtube.com\/channel\/UCRzypVq0B_yBad5eGrwBx0Q?sub_confirmation=1\" target=\"_blank\" rel=\"noopener\">Abonnez-vous!<\/a><\/p>\n<div class=\"mvp-org-wrap mvp-org-logo\" itemprop=\"publisher\"><img decoding=\"async\" src=\"https:\/\/www.tunisienumerique.com\/wp-content\/uploads\/2017\/02\/logo_tunisie_numerique.png\"\/><\/div>\n<div class=\"mvp-related-posts left relative\">\n<h4 class=\"post-header\"><span class=\"post-header\">Lire aussi<\/span><\/h4>\n<\/div>\n<div id=\"article-ad\"><ins class=\"adsbygoogle c5\" data-ad-client=\"ca-pub-2102118777505746\" data-ad-slot=\"6513972734\" data-ad-format=\"auto\" data-full-width-responsive=\"true\"\/> <\/div>\n<\/div>\n<div id=\"post-sidebar-wrap\"><ins class=\"adsbygoogle c5\" data-ad-client=\"ca-pub-2102118777505746\" data-ad-slot=\"6168283410\" data-ad-format=\"auto\" data-full-width-responsive=\"true\"\/> <\/div>\n<p>Auteur: Saber .<br \/>\n<a href=\"https:\/\/www.tunisienumerique.com\/tunisie-quattend-letat-pour-reagir-a-une-urgence-qui-menace-la-securite-alimentaire-du-tunisien\/\">Cliquez ici pour lire l&rsquo;article depuis sa source.<\/a><\/p>\n","protected":false},"excerpt":{"rendered":"<p>Par Saber . \u00a0| Il y a 1 heure \ud83d\udd0a \u00c9coutez l&rsquo;article Un probl\u00e8me aigu, grave et urgent qui menace la s\u00e9curit\u00e9 et l\u2019alimentation des tunisiens, mais qui, paradoxalement, ne semble pas inqui\u00e9ter le moins du monde, l\u2019Etat et ses dirigeants. Il s\u2019agit du manque d\u2019engrais \u00e0 base d\u2019ammonitrate. Un d\u00e9ficit qui menace la r\u00e9colte [&hellip;]<\/p>\n","protected":false},"author":1789,"featured_media":0,"comment_status":"closed","ping_status":"closed","sticky":false,"template":"","format":"standard","meta":{"fifu_image_url":"https:\/\/secure.gravatar.com\/avatar\/96253f4a657b482a18e837c1252096c2?s=50&d=mm&r=g","fifu_image_alt":"Tunisie \u2013 Qu\u2019attend l\u2019Etat pour r\u00e9agir \u00e0 une urgence qui menace la s\u00e9curit\u00e9 alimentaire du tunisien\u00a0?","footnotes":""},"categories":[73,55],"tags":[],"class_list":["post-109311","post","type-post","status-publish","format-standard","hentry","category-actualite","category-tunisie"],"_links":{"self":[{"href":"https:\/\/linitiative.ca\/International\/wp-json\/wp\/v2\/posts\/109311","targetHints":{"allow":["GET"]}}],"collection":[{"href":"https:\/\/linitiative.ca\/International\/wp-json\/wp\/v2\/posts"}],"about":[{"href":"https:\/\/linitiative.ca\/International\/wp-json\/wp\/v2\/types\/post"}],"author":[{"embeddable":true,"href":"https:\/\/linitiative.ca\/International\/wp-json\/wp\/v2\/users\/1789"}],"replies":[{"embeddable":true,"href":"https:\/\/linitiative.ca\/International\/wp-json\/wp\/v2\/comments?post=109311"}],"version-history":[{"count":0,"href":"https:\/\/linitiative.ca\/International\/wp-json\/wp\/v2\/posts\/109311\/revisions"}],"wp:attachment":[{"href":"https:\/\/linitiative.ca\/International\/wp-json\/wp\/v2\/media?parent=109311"}],"wp:term":[{"taxonomy":"category","embeddable":true,"href":"https:\/\/linitiative.ca\/International\/wp-json\/wp\/v2\/categories?post=109311"},{"taxonomy":"post_tag","embeddable":true,"href":"https:\/\/linitiative.ca\/International\/wp-json\/wp\/v2\/tags?post=109311"}],"curies":[{"name":"wp","href":"https:\/\/api.w.org\/{rel}","templated":true}]}}