{"id":109312,"date":"2021-01-14T14:50:37","date_gmt":"2021-01-14T19:50:37","guid":{"rendered":"https:\/\/linitiative.ca\/International\/attaques-des-groupes-armes-dans-la-peripherie-de-banguilonu-va-t-elle-enfin-sortir-lartillerie-lourde\/"},"modified":"2021-01-14T14:50:37","modified_gmt":"2021-01-14T19:50:37","slug":"attaques-des-groupes-armes-dans-la-peripherie-de-banguilonu-va-t-elle-enfin-sortir-lartillerie-lourde","status":"publish","type":"post","link":"https:\/\/linitiative.ca\/International\/attaques-des-groupes-armes-dans-la-peripherie-de-banguilonu-va-t-elle-enfin-sortir-lartillerie-lourde\/","title":{"rendered":"ATTAQUES DES GROUPES ARMES DANS LA PERIPHERIE DE BANGUI:L\u2019ONU va-t-elle enfin sortir l\u2019artillerie lourde ?"},"content":{"rendered":"<p class=\"c4\">Rien ne semble venir \u00e0 bout de la d\u00e9termination des groupes arm\u00e9s en R\u00e9publique centrafricaine (RCA), qui continuent leur progression vers la capitale Bangui. Ni la pr\u00e9sence des nombreuses troupes \u00e9trang\u00e8res ni les menaces de poursuites judiciaires brandies par la communaut\u00e9 internationale et les autorit\u00e9s centrafricaines ne semblent \u00e9mousser l\u2019ardeur des spadassins de Fran\u00e7ois Boziz\u00e9, qui viennent de r\u00e9ussir le tour de force de perp\u00e9trer des attaques \u00e0 quelques encablures de la capitale centrafricaine. M\u00eame si, pour l\u2019instant, ces assauts \u00a0lanc\u00e9s par la Coalition des patriotes pour le changement (CPC) ont \u00e9t\u00e9 repouss\u00e9s, il n\u2019en demeure pas moins qu\u2019ils sont symptomatiques du p\u00e9ril qui se rapproche lentement mais s\u00fbrement du si\u00e8ge des institutions de la R\u00e9publique. La question que l\u2019on est en droit de se\u00a0 poser suite \u00e0 cette mutation r\u00e9cente de la g\u00e9ographie des combats dans le pays, est la suivante\u00a0: les alli\u00e9s militaires de Faustin Archange Touad\u00e9ra jouent-ils franc jeu?<\/p>\n<p class=\"c4\"><strong>On n\u2019est pas loin du syndrome du Mali<\/strong><\/p>\n<p class=\"c4\">Il est difficile de r\u00e9pondre avec certitude \u00e0 cette question par la n\u00e9gative, mais il existe de nombreux doutes face \u00e0 des questions qui, pour l\u2019instant, restent sans r\u00e9ponse. La principale de ces interrogations est la suivante\u00a0: d\u2019o\u00f9 viennent les \u00e9quipements militaires des rebelles alors que le pays est sous embargo partiel d\u2019armes depuis bient\u00f4t une d\u00e9cennie\u00a0? Tout se passe comme si certaines intelligences \u00e9trang\u00e8res tirent profit de cette situation de<em>\u00a0<\/em> ni guerre ni paix\u00a0 \u00a0propice \u00e0\u00a0 l\u2019exploitation des ressources mini\u00e8res, notamment les minerais diamantif\u00e8res \u00a0dont dispose le pays. Elles ont, pour ce fait, adopt\u00e9 la strat\u00e9gie de la souris qui mord tout en soufflant. Si fait qu\u2019en RCA, \u00a0l\u2019on n\u2019est pas loin du syndrome du Mali qui a l\u2019un des plus forts taux de densit\u00e9 militaire au monde avec cependant une introuvable paix.<\/p>\n<p class=\"c4\">En tout cas, le Conseil de s\u00e9curit\u00e9 de l\u2019ONU qui s\u2019est r\u00e9uni, hier, pour \u00e9voquer la pr\u00e9sence des troupes \u00e9trang\u00e8res et de mercenaires dans le pays, de m\u00eame que la question de l\u2019embargo sur les armes, semble avoir pris la mesure de la situation. L\u2019on est donc en droit d\u2019esp\u00e9rer \u00a0qu\u2019\u00e0 l\u2019issue de la s\u00e9rie des r\u00e9unions pr\u00e9vues sur huit jours, l\u2019ONU d\u00e9cidera, enfin, devant l\u2019urgence, de muscler le mandat des Casques bleus de la Mission des Nations unies en Centrafrique (MINUSCA). En tout cas, c\u2019est le souhait du gouvernement de Faustin Archange Touad\u00e9ra qui, dans une lettre adress\u00e9e au Conseil de s\u00e9curit\u00e9, souligne par la m\u00eame occasion,\u00a0 \u00ab\u00a0<em>la n\u00e9cessit\u00e9 urgente d\u2019accorder aux partenaires et amis de la Centrafrique, une lev\u00e9e temporaire de l\u2019embargo<\/em>\u00a0\u00bb sur les armes. M\u00eame s\u2019il existe des r\u00e9ticences au sein du Conseil dont certains membres craignent, \u00a0comme l\u2019ont indiqu\u00e9 les experts de l\u2019ONU en charge du contr\u00f4le de l\u2019embargo, que les armes l\u00e9galement import\u00e9es tombent entre les mains des groupes arm\u00e9s qui d\u00e9fient le gouvernement, l\u2019urgence du moment \u00a0indique que c\u2019est l\u2019unique solution pour stopper l\u2019avanc\u00e9e de la r\u00e9bellion et lancer la traque contre Fran\u00e7ois Boziz\u00e9 dont la t\u00eate doit \u00eatre mise \u00e0 prix. Et c\u2019est maintenant qu\u2019il faut le faire car plus tard, ce sera trop tard.<\/p>\n<p class=\"c4\"><strong>C\u2019est surtout les pauvres populations dont il faut plaindre le sort<\/strong><\/p>\n<p class=\"c4\">Il serait, en tout cas, dommage que Boziz\u00e9 parvienne \u00e0 s\u2019emparer, \u00e0 nouveau, du pouvoir en renvoyant comme un malpropre, \u00e0 d\u00e9faut de le faire pendre comme un bandit de grand chemin au bout d\u2019une corde, un pr\u00e9sident issu des urnes. Ce serait dommage pour la d\u00e9mocratie en RCA, mais ce serait la cons\u00e9cration d\u2019un cycle infernal de violences. Ce serait aussi une bien mauvaise r\u00e9compense pour la communaut\u00e9 internationale qui, depuis plus de 5 ans, investit d\u2019immenses ressources financi\u00e8res et militaires pour que le pays renoue avec la stabilit\u00e9.<\/p>\n<p class=\"c4\">Mais en attendant que les grands de ce monde et les politiques centrafricains trouvent la solution \u00e0 cette difficile \u00e9quation de la paix dans leur pays, c\u2019est surtout les pauvres populations dont il faut plaindre le sort. En effet, selon l\u2019ONU, les violences survenues dans le contexte des \u00e9lections ont d\u00e9j\u00e0 pouss\u00e9 sur les chemins de l\u2019exil, plus de 30\u00a0000 personnes qui ont trouv\u00e9 refuge dans des pays voisins tandis que des dizaines de milliers d\u2019autres constituent des r\u00e9fugi\u00e9s \u00e0 l\u2019int\u00e9rieur de leur propre pays. A cette situation humanitaire catastrophique, il faut ajouter l\u2019indicible souffrance n\u00e9e des huit ann\u00e9es de guerre civile qui ont ravag\u00e9 le pays et l\u2019ont mis sous coupe r\u00e9gl\u00e9e des groupes arm\u00e9s qui contr\u00f4lent et\u00a0 exploitent ses richesses mini\u00e8res.<\/p>\n<p class=\"c4\">Face \u00e0 une telle situation, l\u2019on peut se poser cette question\u00a0: comment Fran\u00e7ois Boziz\u00e9 esp\u00e8re-t-il gouverner\u00a0 s\u2019il parvient \u00e0 prendre le pouvoir par les armes\u00a0? Et si, par extraordinaire, il restait quelques poign\u00e9es de Centrafricains apr\u00e8s les massacres de populations qui pourraient joncher le chemin de son ascension au tr\u00f4ne, l\u2019on peut se poser cette autre question\u00a0: comment parviendra-t-il \u00e0 \u00a0gouverner avec l\u2019hostilit\u00e9 des populations r\u00e9siduelles et de la communaut\u00e9 internationale\u00a0? Mais il est vrai que dans la logique des dictateurs, la maxime bien connue est la suivante\u00a0: \u00ab\u00a0<em>Qu\u2019ils me ha\u00efssent s\u2019ils veulent, pourvu qu\u2019ils me craignent<\/em>\u00a0\u00bb. Reste \u00e0 savoir si, en ce 21<sup>e<\/sup> \u00a0si\u00e8cle, la communaut\u00e9 internationale est pr\u00eate \u00e0 supporter une r\u00e9incarnation de N\u00e9ron, f\u00fbt-il en R\u00e9publique centrafricaine o\u00f9 v\u00e9cut un certain Jean B\u00e9del Bokassa.<\/p>\n<p class=\"c4\"><strong><em>\u00ab\u00a0Le Pays\u00a0\u00bb \u00a0<\/em><\/strong><\/p>\n<p>Auteur: Le Pays<br \/>\n<a href=\"https:\/\/lepays.bf\/attaques-des-groupes-armes-dans-la-peripherie-de-banguilonu-va-t-elle-enfin-sortir-lartillerie-lourde\/\">Cliquez ici pour lire l&rsquo;article depuis sa source.<\/a><\/p>\n","protected":false},"excerpt":{"rendered":"<p>Rien ne semble venir \u00e0 bout de la d\u00e9termination des groupes arm\u00e9s en R\u00e9publique centrafricaine (RCA), qui continuent leur progression vers la capitale Bangui. Ni la pr\u00e9sence des nombreuses troupes \u00e9trang\u00e8res ni les menaces de poursuites judiciaires brandies par la communaut\u00e9 internationale et les autorit\u00e9s centrafricaines ne semblent \u00e9mousser l\u2019ardeur des spadassins de Fran\u00e7ois Boziz\u00e9, [&hellip;]<\/p>\n","protected":false},"author":1813,"featured_media":0,"comment_status":"closed","ping_status":"closed","sticky":false,"template":"","format":"standard","meta":{"fifu_image_url":"","fifu_image_alt":"","footnotes":""},"categories":[73,81],"tags":[],"class_list":["post-109312","post","type-post","status-publish","format-standard","hentry","category-actualite","category-burkina-faso"],"_links":{"self":[{"href":"https:\/\/linitiative.ca\/International\/wp-json\/wp\/v2\/posts\/109312","targetHints":{"allow":["GET"]}}],"collection":[{"href":"https:\/\/linitiative.ca\/International\/wp-json\/wp\/v2\/posts"}],"about":[{"href":"https:\/\/linitiative.ca\/International\/wp-json\/wp\/v2\/types\/post"}],"author":[{"embeddable":true,"href":"https:\/\/linitiative.ca\/International\/wp-json\/wp\/v2\/users\/1813"}],"replies":[{"embeddable":true,"href":"https:\/\/linitiative.ca\/International\/wp-json\/wp\/v2\/comments?post=109312"}],"version-history":[{"count":0,"href":"https:\/\/linitiative.ca\/International\/wp-json\/wp\/v2\/posts\/109312\/revisions"}],"wp:attachment":[{"href":"https:\/\/linitiative.ca\/International\/wp-json\/wp\/v2\/media?parent=109312"}],"wp:term":[{"taxonomy":"category","embeddable":true,"href":"https:\/\/linitiative.ca\/International\/wp-json\/wp\/v2\/categories?post=109312"},{"taxonomy":"post_tag","embeddable":true,"href":"https:\/\/linitiative.ca\/International\/wp-json\/wp\/v2\/tags?post=109312"}],"curies":[{"name":"wp","href":"https:\/\/api.w.org\/{rel}","templated":true}]}}