{"id":109313,"date":"2021-01-14T14:56:49","date_gmt":"2021-01-14T19:56:49","guid":{"rendered":"https:\/\/linitiative.ca\/International\/an-x-de-la-chute-de-ben-ali-les-defis-restent-entiers\/"},"modified":"2021-01-14T14:56:49","modified_gmt":"2021-01-14T19:56:49","slug":"an-x-de-la-chute-de-ben-ali-les-defis-restent-entiers","status":"publish","type":"post","link":"https:\/\/linitiative.ca\/International\/an-x-de-la-chute-de-ben-ali-les-defis-restent-entiers\/","title":{"rendered":"AN X DE LA CHUTE DE BEN ALI: Les d\u00e9fis restent entiers"},"content":{"rendered":"<p class=\"c4\">Cela fait dix ans, jour pour jour, qu\u2019accul\u00e9 par une rue en col\u00e8re qui n\u2019entendait pas se laisser conter fleurette, l\u2019ex-pr\u00e9sident tunisien, Ben Ali, quittait le pouvoir pour se r\u00e9fugier en Arabie Saoudite o\u00f9 il trouva la mort quelques ann\u00e9es plus tard. C\u2019est ce que l\u2019on appelait la <em>R\u00e9volution du Jasmin<\/em> dont les effluves avaient fini par gagner presque tout le monde arabo-musulman pour finalement donner naissance \u00e0 un vaste mouvement de contestation que l\u2019on a appel\u00e9 le <em>Printemps arabe<\/em>. Tout est parti de l\u2019immolation, par le feu, d\u2019un vendeur ambulant du Centre-Ouest de la Tunisie, exc\u00e9d\u00e9 par la pauvret\u00e9 et les humiliations polici\u00e8res incessantes. S\u2019en sont suivies de monstres manifestations au cours desquelles plus de 300 Tunisiens ont perdu la vie et plus de deux mille autres ont \u00e9t\u00e9 bless\u00e9s. Prenant la mesure de la gravit\u00e9 de la situation, celui qui a r\u00e9gn\u00e9 pendant 23 ans sans partage sur la Tunisie, d\u00e9cida de rendre le tablier, ouvrant ainsi une longue p\u00e9riode d\u2019incertitudes pour son pays. Alors, dix bonnes ann\u00e9es apr\u00e8s, quel bilan peut-on dresser\u00a0? De B\u00e9ji Ca\u00efd Essebsi \u00e0 Ka\u00efs Sa\u00efd, le changement tant attendu par les Tunisiens tarde \u00e0 venir.<\/p>\n<p class=\"c4\"><strong>Tout se passe comme si le social et l\u2019\u00e9conomie n\u2019ont jamais \u00e9t\u00e9 au centre des pr\u00e9occupations<\/strong><\/p>\n<p class=\"c4\">Tant et si bien que d\u2019aucuns commencent \u00e0 d\u00e9senchanter\u00a0; en t\u00e9moigne la r\u00e9action de ce dipl\u00f4m\u00e9 en master en langue arabe, interrog\u00e9 par nos confr\u00e8res de Radio France internationale (RFI). <em>\u00ab\u00a0J\u2019ai cru, le 14 janvier 2011, que tout allait changer, en mieux. On avait plein de projets. On n\u2019a jamais \u00e9t\u00e9 soutenus\u00a0<\/em>\u00bb, a-t-il d\u00e9clar\u00e9, visiblement d\u00e9sappoint\u00e9. Selon toute vraisemblance,\u00a0 en dix ans, les choses sont all\u00e9es de mal en pis, tant le ch\u00f4mage des jeunes n\u2019a fait que cro\u00eetre, culminant aujourd\u2019hui \u00e0 pr\u00e8s de 16%. Tout se passe, en effet, comme si le social et l\u2019\u00e9conomie n\u2019ont jamais \u00e9t\u00e9 au centre des pr\u00e9occupations de ceux-l\u00e0 qui se sont succ\u00e9d\u00e9 au pouvoir depuis la chute de Ben Ali. Et comme pour ne rien arranger, la pand\u00e9mie de la Covid-19 s\u2019est invit\u00e9e \u00e0 la danse, en rajoutant ainsi au calvaire des Tunisiens.<\/p>\n<p class=\"c4\">En effet, en plus des effets d\u00e9vastateurs du confinement qui a mis \u00e0 genou l\u2019\u00e9conomie, il faut reconna\u00eetre que les Tunisiens ont pay\u00e9 un lourd tribut depuis l\u2019av\u00e8nement du coronavirus. Si fait que le pays, \u00e0 la date du 10 janvier 2021, enregistrait officiellement 5284 d\u00e9c\u00e8s sur 162 350 cas confirm\u00e9s. C\u2019est dire donc\u00a0 qu\u2019aux probl\u00e8mes sociaux est\u00a0 venue s\u2019ajouter la crise sanitaire avec toutes les cons\u00e9quences qui vont avec. En tout cas, m\u00eame s\u2019ils se refusent \u00e0 regretter\u00a0 Ben Ali, bien des Tunisiens\u00a0 reconnaissent que dix ans apr\u00e8s son d\u00e9part du pouvoir, les d\u00e9fis restent entiers.<\/p>\n<p class=\"c4\"><strong>B.O<\/strong><\/p>\n<p>Auteur: Le Pays<br \/>\n<a href=\"https:\/\/lepays.bf\/an-x-de-la-chute-de-ben-ali-les-defis-restent-entiers\/\">Cliquez ici pour lire l&rsquo;article depuis sa source.<\/a><\/p>\n","protected":false},"excerpt":{"rendered":"<p>Cela fait dix ans, jour pour jour, qu\u2019accul\u00e9 par une rue en col\u00e8re qui n\u2019entendait pas se laisser conter fleurette, l\u2019ex-pr\u00e9sident tunisien, Ben Ali, quittait le pouvoir pour se r\u00e9fugier en Arabie Saoudite o\u00f9 il trouva la mort quelques ann\u00e9es plus tard. C\u2019est ce que l\u2019on appelait la R\u00e9volution du Jasmin dont les effluves avaient [&hellip;]<\/p>\n","protected":false},"author":1813,"featured_media":0,"comment_status":"closed","ping_status":"closed","sticky":false,"template":"","format":"standard","meta":{"fifu_image_url":"","fifu_image_alt":"","footnotes":""},"categories":[73,81],"tags":[],"class_list":["post-109313","post","type-post","status-publish","format-standard","hentry","category-actualite","category-burkina-faso"],"_links":{"self":[{"href":"https:\/\/linitiative.ca\/International\/wp-json\/wp\/v2\/posts\/109313","targetHints":{"allow":["GET"]}}],"collection":[{"href":"https:\/\/linitiative.ca\/International\/wp-json\/wp\/v2\/posts"}],"about":[{"href":"https:\/\/linitiative.ca\/International\/wp-json\/wp\/v2\/types\/post"}],"author":[{"embeddable":true,"href":"https:\/\/linitiative.ca\/International\/wp-json\/wp\/v2\/users\/1813"}],"replies":[{"embeddable":true,"href":"https:\/\/linitiative.ca\/International\/wp-json\/wp\/v2\/comments?post=109313"}],"version-history":[{"count":0,"href":"https:\/\/linitiative.ca\/International\/wp-json\/wp\/v2\/posts\/109313\/revisions"}],"wp:attachment":[{"href":"https:\/\/linitiative.ca\/International\/wp-json\/wp\/v2\/media?parent=109313"}],"wp:term":[{"taxonomy":"category","embeddable":true,"href":"https:\/\/linitiative.ca\/International\/wp-json\/wp\/v2\/categories?post=109313"},{"taxonomy":"post_tag","embeddable":true,"href":"https:\/\/linitiative.ca\/International\/wp-json\/wp\/v2\/tags?post=109313"}],"curies":[{"name":"wp","href":"https:\/\/api.w.org\/{rel}","templated":true}]}}