{"id":109314,"date":"2021-01-14T15:02:35","date_gmt":"2021-01-14T20:02:35","guid":{"rendered":"https:\/\/linitiative.ca\/International\/disparition-inquiettante-de-diary-sow-aucune-piste-nest-a-ecarter\/"},"modified":"2021-01-14T15:02:35","modified_gmt":"2021-01-14T20:02:35","slug":"disparition-inquiettante-de-diary-sow-aucune-piste-nest-a-ecarter","status":"publish","type":"post","link":"https:\/\/linitiative.ca\/International\/disparition-inquiettante-de-diary-sow-aucune-piste-nest-a-ecarter\/","title":{"rendered":"DISPARITION INQUIETTANTE DE DIARY SOW: Aucune piste n\u2019est \u00e0 \u00e9carter"},"content":{"rendered":"<p class=\"c4\">Disparue myst\u00e9rieusement \u00e0 Paris, le 4 janvier dernier, date \u00e0 laquelle son badge a \u00e9t\u00e9 utilis\u00e9 pour la derni\u00e8re fois dans sa r\u00e9sidence universitaire, Diary Sow n\u2019a plus donn\u00e9 signe de vie. Et l\u2019inqui\u00e9tude grandit \u00e0 mesure que les jours passent. Le S\u00e9n\u00e9gal, pays d\u2019origine de l\u2019\u00e9tudiante de 20 ans au QI exceptionnel, est en \u00e9moi. L\u2019affaire y fait grand bruit, particuli\u00e8rement sur les r\u00e9seaux sociaux o\u00f9 la mobilisation s\u2019est accrue dans l\u2019espoir de retrouver la studieuse et brillante \u00e9l\u00e8ve en deuxi\u00e8me ann\u00e9e de classe pr\u00e9paratoire scientifique dans le prestigieux lyc\u00e9e parisien Louis-Le Grand.\u00a0 Dans le m\u00eame temps, en France, les recherches se poursuivent activement pour trouver la cl\u00e9 du myst\u00e8re.\u00a0 Mais o\u00f9 est, diantre, pass\u00e9e Diary Sow\u00a0? Quel espoir y a-t-il de la retrouver saine et sauve\u00a0? D\u2019ores et d\u00e9j\u00e0, l\u2019on peut se f\u00e9liciter de la vague de solidarit\u00e9 manifest\u00e9e au S\u00e9n\u00e9gal, \u00e0 l\u2019\u00e9gard de la jeune auteure du roman <em>\u00ab\u00a0Sous le visage d\u2019un ange\u00a0\u00bb.<\/em> \u00a0\u00a0Une preuve, s\u2019il en est, de l\u2019attachement du S\u00e9n\u00e9gal \u00e0 cette digne fille du <em>pays de la Teranga.<\/em><\/p>\n<p class=\"c4\">Une solidarit\u00e9 manifest\u00e9e aussi en France o\u00f9 la forte mobilisation de la communaut\u00e9 s\u00e9n\u00e9galaise et des \u00e9tudiants du lyc\u00e9e, a tr\u00e8s probablement contraint le pouvoir fran\u00e7ais \u00e0 prendre encore plus au s\u00e9rieux l\u2019affaire dont on ne connait jusque-l\u00e0 ni les tenants ni les aboutissants. Une alerte aurait, du reste, \u00e9t\u00e9 adress\u00e9e par la police fran\u00e7aise, \u00e0 ses homologues de l\u2019espace Schengen afin de retrouver les traces de la <em>\u00ab\u00a0surdou\u00e9e de Mbour\u00a0\u00bb,<\/em> comme on la surnomme.<\/p>\n<p class=\"c4\">La piste criminelle, \u00e0 ce qu\u2019on dit, n\u2019est pas privil\u00e9gi\u00e9e.\u00a0 C\u2019est tant mieux si cette disparition n\u2019est pas d\u2019ordre crapuleux, m\u00eame s\u2019il faut rester prudent. La piste criminelle ayant \u00e9t\u00e9 jug\u00e9e peu probable, Diary Sow a-t-elle, de son propre gr\u00e9, choisi de dispara\u00eetre dans la nature, sans crier gare, \u00e0 l\u2019image de bien des jeunes gagn\u00e9s par le <em>spleen<\/em> et la d\u00e9pression, qui finissent par s\u2019illustrer par des actions d\u2019\u00e9clat, telle la fugue aux fins d\u2019exprimer un mal-\u00eatre ou un ras-le-bol ?<\/p>\n<p class=\"c4\"><strong>Vivement que Diary Sow soit retrouv\u00e9e sans avoir subi la moindre atteinte \u00e0 son int\u00e9grit\u00e9 physique et morale<\/strong><\/p>\n<p class=\"c4\">La jeune fille a-t-elle subi des frustrations comme c\u2019est parfois le cas des minorit\u00e9s en France\u00a0? La <em>surdou\u00e9e de<\/em> <em>Mbour<\/em> a-t-elle pleinement r\u00e9ussi \u00e0 s\u2019int\u00e9grer dans son pays d\u2019accueil\u00a0?<\/p>\n<p class=\"c4\">En tout cas,\u00a0la jeune Sow qui se singularise d\u00e9j\u00e0 par un enc\u00e9phalogramme hors du commun et qui, pour ainsi dire, s\u2019est fait une solide r\u00e9putation en mati\u00e8re d\u2019excellence, aurait voulu s\u2019illustrer de triste mani\u00e8re en cherchant \u00e0 faire le <em>buzz<\/em>, qu\u2019on ne comprendrait pas.\u00a0 On n\u2019ose pas imaginer un acte inconsid\u00e9r\u00e9 de sa part d\u2019autant que ses proches et connaissances ne lui connaissent pas de comportements erratiques et irr\u00e9fl\u00e9chis. Bien au contraire, elle passe plut\u00f4t pour \u00eatre une jeune fille exemplaire et sans probl\u00e8me.<\/p>\n<p class=\"c4\">Cela dit, l\u2019hypoth\u00e8se qu\u2019un \u00e9v\u00e9nement majeur soit intervenu dans la vie de la jeune \u00e9l\u00e8ve, qui pourrait avoir d\u00e9pass\u00e9 ses forces, n\u2019est pas \u00e0 exclure. A-t-elle, par exemple, subi des pressions d\u2019ordre socio-culturel de nature \u00e0 impacter son \u00e9quilibre mental et psychologique ?\u00a0 On n\u2019en sait rien pour le moment. Mais l\u2019hypoth\u00e8se la plus redoutable serait que Diary Sow ait rencontr\u00e9 le mal sur son chemin, apr\u00e8s sa d\u00e9cision de rester \u00e0 Paris pour les vacances. \u00a0Une \u00e9ventualit\u00e9 qui vient encore rappeler h\u00e9las, la triste r\u00e9alit\u00e9\u00a0selon laquelle, en France, chaque ann\u00e9e, un peu plus de 60 mille personnes disparaissent, des mineurs pour la plupart, dont on est rest\u00e9 jusque-l\u00e0 sans nouvelles de certains.\u00a0 On croise les doigts pour que la jeune S\u00e9n\u00e9galaise ne connaisse pas le m\u00eame sort. Une vie est peut-\u00eatre en danger.\u00a0 Aucune piste n\u2019est \u00e0 \u00e9carter. Vivement donc que Diary Sow soit retrouv\u00e9e sans avoir subi la moindre atteinte \u00e0 son int\u00e9grit\u00e9 physique et morale.<\/p>\n<p class=\"c4\"><strong>\u00a0<\/strong><\/p>\n<p class=\"c4\"><strong>\u00ab\u00a0<em>Le Pays<\/em>\u00a0\u00bb<\/strong><\/p>\n<p class=\"c4\"><strong>\u00a0<\/strong><\/p>\n<p>Auteur: Le Pays<br \/>\n<a href=\"https:\/\/lepays.bf\/disparition-inquiettante-de-diary-sow-aucune-piste-nest-a-ecarter\/\">Cliquez ici pour lire l&rsquo;article depuis sa source.<\/a><\/p>\n","protected":false},"excerpt":{"rendered":"<p>Disparue myst\u00e9rieusement \u00e0 Paris, le 4 janvier dernier, date \u00e0 laquelle son badge a \u00e9t\u00e9 utilis\u00e9 pour la derni\u00e8re fois dans sa r\u00e9sidence universitaire, Diary Sow n\u2019a plus donn\u00e9 signe de vie. Et l\u2019inqui\u00e9tude grandit \u00e0 mesure que les jours passent. Le S\u00e9n\u00e9gal, pays d\u2019origine de l\u2019\u00e9tudiante de 20 ans au QI exceptionnel, est en [&hellip;]<\/p>\n","protected":false},"author":1813,"featured_media":0,"comment_status":"closed","ping_status":"closed","sticky":false,"template":"","format":"standard","meta":{"fifu_image_url":"","fifu_image_alt":"","footnotes":""},"categories":[73,81],"tags":[],"class_list":["post-109314","post","type-post","status-publish","format-standard","hentry","category-actualite","category-burkina-faso"],"_links":{"self":[{"href":"https:\/\/linitiative.ca\/International\/wp-json\/wp\/v2\/posts\/109314","targetHints":{"allow":["GET"]}}],"collection":[{"href":"https:\/\/linitiative.ca\/International\/wp-json\/wp\/v2\/posts"}],"about":[{"href":"https:\/\/linitiative.ca\/International\/wp-json\/wp\/v2\/types\/post"}],"author":[{"embeddable":true,"href":"https:\/\/linitiative.ca\/International\/wp-json\/wp\/v2\/users\/1813"}],"replies":[{"embeddable":true,"href":"https:\/\/linitiative.ca\/International\/wp-json\/wp\/v2\/comments?post=109314"}],"version-history":[{"count":0,"href":"https:\/\/linitiative.ca\/International\/wp-json\/wp\/v2\/posts\/109314\/revisions"}],"wp:attachment":[{"href":"https:\/\/linitiative.ca\/International\/wp-json\/wp\/v2\/media?parent=109314"}],"wp:term":[{"taxonomy":"category","embeddable":true,"href":"https:\/\/linitiative.ca\/International\/wp-json\/wp\/v2\/categories?post=109314"},{"taxonomy":"post_tag","embeddable":true,"href":"https:\/\/linitiative.ca\/International\/wp-json\/wp\/v2\/tags?post=109314"}],"curies":[{"name":"wp","href":"https:\/\/api.w.org\/{rel}","templated":true}]}}