{"id":109316,"date":"2021-01-14T15:16:29","date_gmt":"2021-01-14T20:16:29","guid":{"rendered":"https:\/\/linitiative.ca\/International\/front-de-lopposition-contre-le-pouvoir-au-benin-il-en-faut-plus-pour-faire-plier-talon\/"},"modified":"2021-01-14T15:16:29","modified_gmt":"2021-01-14T20:16:29","slug":"front-de-lopposition-contre-le-pouvoir-au-benin-il-en-faut-plus-pour-faire-plier-talon","status":"publish","type":"post","link":"https:\/\/linitiative.ca\/International\/front-de-lopposition-contre-le-pouvoir-au-benin-il-en-faut-plus-pour-faire-plier-talon\/","title":{"rendered":"FRONT DE L\u2019OPPOSITION CONTRE LE POUVOIR AU BENIN:  Il en faut plus pour faire plier Talon"},"content":{"rendered":"<p class=\"c4\">A quelque trois mois de la pr\u00e9sidentielle du 11 avril prochain au B\u00e9nin, l\u2019opposition qui est mal partie pour une participation cons\u00e9quente avec la question des parrainages, fourbit ses armes. C\u2019est dans ce cadre que s\u2019est mis en place un front de l\u2019opposition contre le pr\u00e9sident Patrice Talon, men\u00e9 par le parti <em>Les D\u00e9mocrates<\/em> de l\u2019ex-pr\u00e9sident Boni Yayi, en intelligence avec deux autres partis que sont la <em>Dynamique unitaire pour la d\u00e9mocratie et le d\u00e9veloppement<\/em> (DUD) de Valentin Houd\u00e9 et la <em>Grande solidarit\u00e9 r\u00e9publicaine<\/em> (GSR) de Antoine Gu\u00e9dou. Le mouvement du constitutionnaliste Jo\u00ebl Aivo qui est aussi partie prenante de l\u2019alliance, se veut, \u00e0 entendre ce dernier, ni plus ni moins qu\u2019un crois\u00e9 de la d\u00e9mocratie au pays du Vaudou. Morceau choisi\u00a0: \u00ab\u00a0<em>Nous avons choisi de ne pas abandonner le pays. Nous avons dit que ce pays ne serait soumis \u00e0 aucune dictature et que personne n\u2019est plus fort que son peuple pour soumettre le pays \u00e0 ce qu\u2019il n\u2019a pas choisi<\/em>\u00a0\u00bb.<\/p>\n<p class=\"c4\">La question qui se pose est de savoir ce que peut encore l\u2019opposition politique dans un pays o\u00f9 le processus \u00e9lectoral semble verrouill\u00e9 par le chef de l\u2019Etat que l\u2019on voit venir, pour triompher sans coup f\u00e9rir.<\/p>\n<p class=\"c4\"><strong>\u00a0<\/strong><strong>Talon donne l\u2019impression de vouloir choisir ses adversaires \u00e0 la prochaine pr\u00e9sidentielle<\/strong><\/p>\n<p class=\"c4\">La question est d\u2019autant plus opportune que l\u2019on se demande si avec le verrou des parrainages pour la pr\u00e9sidentielle, le combat n\u2019est pas perdu d\u2019avance pour le Front pour la restauration de la d\u00e9mocratie, ainsi qu\u2019il s\u2019est baptis\u00e9, qui veut faire de l\u2019alternance son cheval de bataille. D\u2019autant que la Cour constitutionnelle dont les d\u00e9cisions sont connues pour \u00eatre sans appel, statuant sur des recours de citoyens et d\u2019opposants qui demandaient l\u2019inapplicabilit\u00e9 de l\u2019exigence des parrainages, s\u2019est r\u00e9cemment d\u00e9clar\u00e9e \u00ab <em>incomp\u00e9tente<\/em>\u00a0\u00bb. Sans oublier que des poids lourds que sont l\u2019<em>Union sociale<\/em> <em>lib\u00e9rale<\/em> de S\u00e9batien Ajavon et <em>Restaurer l\u2019espoir<\/em> de Candida Azana\u00ef, ne sont pas encore dans les rangs. C\u2019est dire s\u2019il en faut plus pour faire plier le pr\u00e9sident Talon d\u00e9j\u00e0 en pr\u00e9-campagne d\u00e9guis\u00e9e \u00e0 l\u2019int\u00e9rieur du pays, et qui donne finalement l\u2019impression de vouloir choisir ses adversaires \u00e0 la prochaine pr\u00e9sidentielle. Comment peut-il en \u00eatre autrement quand on sait qu\u2019il a jusque-l\u00e0 fait la sourde oreille aux interpellations de l\u2019Eglise catholique sur la question, pas plus qu\u2019il n\u2019a daign\u00e9 accorder de l\u2019importance \u00e0 la d\u00e9cision de la Cour africaine des droits de l\u2019Homme et des peuples qui s\u2019\u00e9tait prononc\u00e9e en faveur d\u2019une annulation desdites r\u00e9formes constitutionnelles pour mieux r\u00e9pondre \u00e0 l\u2019inclusivit\u00e9 du scrutin et ouvrir davantage la comp\u00e9tition \u00e9lectorale\u00a0? Avec une Assembl\u00e9e nationale monocolore issue de l\u00e9gislatives biais\u00e9es, la question principale \u00e0 se poser reste la suivante\u00a0: o\u00f9 trouver, pour les candidats de l\u2019opposition, les parrainages n\u00e9cessaires \u00e0 la validation de leurs candidatures \u00e0 la pr\u00e9sidentielle\u00a0? Le fait est que m\u00eame si des d\u00e9put\u00e9s du pouvoir devaient donner leurs parrainages \u00e0 l\u2019opposition pour permettre \u00e0 ses candidats de participer \u00e0 la comp\u00e9tition, dans le fond et dans la forme, il y a \u00e0 redire sur ce proc\u00e9d\u00e9.<\/p>\n<p class=\"c4\"><strong>Il est affligeant de voir le natif de Ouidah s\u2019engager de plus en plus sur le vil chemin de la confiscation du pouvoir<\/strong><\/p>\n<p class=\"c4\">Car, non seulement cette d\u00e9marche pourrait \u00eatre empreinte de condescendance, mais aussi elle pourrait se faire \u00e0 la t\u00eate du client.\u00a0 Cela est malsain pour la d\u00e9mocratie. Car, la participation de l\u2019opposition \u00e0 ce scrutin oh combien important, ne doit nullement et en aucune fa\u00e7on ressembler \u00e0 une faveur du parti au pouvoir encore moins \u00e0 un acte de magnanimit\u00e9 du chef de l\u2019Etat. Surtout pour ce pays pr\u00e9curseur des conf\u00e9rences nationales sur le continent africain, qui se voulait la vitrine \u00a0de la d\u00e9mocratie dans la sous-r\u00e9gion, laquelle vitrine s\u2019est bris\u00e9e.<\/p>\n<p class=\"c4\">En tout \u00e9tat de cause, l\u2019opposition n\u2019est pas l\u00e0 pour accompagner Patrice Talon dans sa gouvernance, mais bien pour jouer \u00e0 fond son r\u00f4le de contrepouvoir. Mais cela, le chef de l\u2019Etat b\u00e9ninois ne semble pas l\u2019avoir compris, oubliant parfois que si ses pr\u00e9d\u00e9cesseurs en avaient fait de m\u00eame, il ne serait peut-\u00eatre pas l\u00e0 o\u00f9 il est aujourd\u2019hui. C\u2019est pourquoi il est affligeant de voir le natif de Ouidah s\u2019engager de plus en plus sur le vil chemin de la confiscation du pouvoir qui sonne le recul de la d\u00e9mocratie au B\u00e9nin. Pour quelqu\u2019un qui pr\u00e9tendait se limiter \u00e0 un seul mandat, \u00e0 l\u2019\u00e9preuve du pouvoir, le disque a chang\u00e9. Et l\u2019on se demande jusqu\u2019o\u00f9 ira Talon\u00a0; lui qui semble montrer de plus en plus d\u2019app\u00e9tence pour le pouvoir absolu. A ce rythme, on se demande ce que le chef de l\u2019Etat b\u00e9ninois l\u00e9guera comme h\u00e9ritage \u00e0 son pays. En tout cas, \u00e0 l\u2019allure o\u00f9 vont les choses, il y a de quoi se demander s\u2019il n\u2019est pas devenu un poids pour la d\u00e9mocratie dans son pays. Les B\u00e9ninois paient pour avoir fait confiance \u00e0 cet homme d\u2019affaires en lui confiant les r\u00eanes du pays, \u00e0 l\u2019instar des Am\u00e9ricains qui continuent de souffrir de la gouvernance calamiteuse du magnat de l\u2019immobilier qui va heureusement quitter dans quelques jours la Maison Blanche.<\/p>\n<p class=\"c4\"><strong>\u00a0<\/strong><\/p>\n<p class=\"c4\"><strong><em>\u00a0\u00ab\u00a0Le Pays\u00a0\u00bb<\/em><\/strong><\/p>\n<p class=\"c4\"><strong>\u00a0<\/strong><\/p>\n<p class=\"c4\"><strong>\u00a0<\/strong><\/p>\n<p>Auteur: Le Pays<br \/>\n<a href=\"https:\/\/lepays.bf\/front-de-lopposition-contre-le-pouvoir-au-benin-il-en-faut-plus-pour-faire-plier-talon\/\">Cliquez ici pour lire l&rsquo;article depuis sa source.<\/a><\/p>\n","protected":false},"excerpt":{"rendered":"<p>A quelque trois mois de la pr\u00e9sidentielle du 11 avril prochain au B\u00e9nin, l\u2019opposition qui est mal partie pour une participation cons\u00e9quente avec la question des parrainages, fourbit ses armes. C\u2019est dans ce cadre que s\u2019est mis en place un front de l\u2019opposition contre le pr\u00e9sident Patrice Talon, men\u00e9 par le parti Les D\u00e9mocrates de [&hellip;]<\/p>\n","protected":false},"author":1813,"featured_media":0,"comment_status":"closed","ping_status":"closed","sticky":false,"template":"","format":"standard","meta":{"fifu_image_url":"","fifu_image_alt":"","footnotes":""},"categories":[73,81],"tags":[],"class_list":["post-109316","post","type-post","status-publish","format-standard","hentry","category-actualite","category-burkina-faso"],"_links":{"self":[{"href":"https:\/\/linitiative.ca\/International\/wp-json\/wp\/v2\/posts\/109316","targetHints":{"allow":["GET"]}}],"collection":[{"href":"https:\/\/linitiative.ca\/International\/wp-json\/wp\/v2\/posts"}],"about":[{"href":"https:\/\/linitiative.ca\/International\/wp-json\/wp\/v2\/types\/post"}],"author":[{"embeddable":true,"href":"https:\/\/linitiative.ca\/International\/wp-json\/wp\/v2\/users\/1813"}],"replies":[{"embeddable":true,"href":"https:\/\/linitiative.ca\/International\/wp-json\/wp\/v2\/comments?post=109316"}],"version-history":[{"count":0,"href":"https:\/\/linitiative.ca\/International\/wp-json\/wp\/v2\/posts\/109316\/revisions"}],"wp:attachment":[{"href":"https:\/\/linitiative.ca\/International\/wp-json\/wp\/v2\/media?parent=109316"}],"wp:term":[{"taxonomy":"category","embeddable":true,"href":"https:\/\/linitiative.ca\/International\/wp-json\/wp\/v2\/categories?post=109316"},{"taxonomy":"post_tag","embeddable":true,"href":"https:\/\/linitiative.ca\/International\/wp-json\/wp\/v2\/tags?post=109316"}],"curies":[{"name":"wp","href":"https:\/\/api.w.org\/{rel}","templated":true}]}}