{"id":109317,"date":"2021-01-14T15:39:35","date_gmt":"2021-01-14T20:39:35","guid":{"rendered":"https:\/\/linitiative.ca\/International\/reconciliation-nationale-il-ne-sagira-pas-darrangement-entre-hommes-politiques-zephirin-diabre\/"},"modified":"2021-01-14T15:39:35","modified_gmt":"2021-01-14T20:39:35","slug":"reconciliation-nationale-il-ne-sagira-pas-darrangement-entre-hommes-politiques-zephirin-diabre","status":"publish","type":"post","link":"https:\/\/linitiative.ca\/International\/reconciliation-nationale-il-ne-sagira-pas-darrangement-entre-hommes-politiques-zephirin-diabre\/","title":{"rendered":"R\u00e9conciliation nationale  : \u00ab Il ne s\u2019agira pas d\u2019arrangement entre hommes politiques \u00bb, Z\u00e9phirin Diabr\u00e9"},"content":{"rendered":"<div class=\"td-post-featured-image\"><a href=\"https:\/\/www.sidwaya.info\/wp-content\/uploads\/2021\/01\/1-15.jpg\" data-caption=\"\"><img loading=\"lazy\" decoding=\"async\" width=\"595\" height=\"397\" class=\"entry-thumb td-modal-image\" src=\"https:\/\/www.sidwaya.info\/wp-content\/uploads\/2021\/01\/1-15.jpg\" srcset=\"https:\/\/www.sidwaya.info\/wp-content\/uploads\/2021\/01\/1-15.jpg 595w, https:\/\/www.sidwaya.info\/wp-content\/uploads\/2021\/01\/1-15-300x200.jpg 300w, https:\/\/www.sidwaya.info\/wp-content\/uploads\/2021\/01\/1-15-150x100.jpg 150w\" sizes=\"auto, (max-width: 595px) 100vw, 595px\" alt=\"\" title=\"1\"\/><\/a><\/div>\n<p><strong>Le secr\u00e9taire g\u00e9n\u00e9ral du gouvernement, St\u00e9phane Sanou, a successivement install\u00e9 Z\u00e9phirin Diabr\u00e9 dans ses fonctions de ministre d\u2019Etat aupr\u00e8s du pr\u00e9sident du Faso, ministre charg\u00e9 de la r\u00e9conciliation nationale et de la coh\u00e9sion sociale et Cl\u00e9ment Sawadogo, comme ministre d\u2019Etat, ministre de l\u2019Administration territoriale et de la D\u00e9centralisation, le jeudi 14 janvier 2021, \u00e0 Ouagadougou.<\/strong><\/p>\n<p>L\u2019ex-Chef de file de l\u2019opposition politique, Z\u00e9phirin Diabr\u00e9, a d\u00e9sormais quitus pour entamer le chantier de la r\u00e9conciliation nationale au Burkina Faso. Il a \u00e9t\u00e9 officiellement install\u00e9 dans ses fonctions de ministre d\u2019Etat aupr\u00e8s du pr\u00e9sident du Faso, charg\u00e9 de la r\u00e9conciliation nationale et de la coh\u00e9sion sociale, dans la matin\u00e9e du jeudi 14 janvier 2021, \u00e0 Ouagadougou, par le Secr\u00e9taire g\u00e9n\u00e9ral (SG) du gouvernement, St\u00e9phane Sanou. Celui-ci a soutenu que c\u2019est \u00ab une grande confiance \u00bb qui a \u00e9t\u00e9 plac\u00e9e en lui au regard de \u00ab ses comp\u00e9tences et de son exp\u00e9rience \u00bb, en lui confiant une telle responsabilit\u00e9. \u00ab Le pr\u00e9sident et le Premier ministre ont clairement indiqu\u00e9 que le gouvernement est au service du peuple et il doit imp\u00e9rativement travailler \u00e0 satisfaire les nombreuses attentes, notamment la mise en \u0153uvre des engagements pr\u00e9sidentiels en mati\u00e8re de r\u00e9conciliation nationale et de coh\u00e9sion sociale au Burkina Faso \u00bb, a soulign\u00e9 M.Sanou.<br \/>Pour sa part, Diabr\u00e9, a traduit sa reconnaissance \u00ab profonde \u00bb au pr\u00e9sident du Faso et au Premier ministre, pour cette \u00ab grande confiance \u00bb.<\/p>\n<p>\u00ab Je voudrais les rassurer de mon engagement total pour r\u00e9ussir cette mission si importante pour le destin et l\u2019avenir de notre pays \u00bb, a-t-il d\u00e9clar\u00e9. Pour lui, tout le monde sait l\u2019importance de cette question au regard des \u00e9tapes et des p\u00e9rip\u00e9ties historico-politiques que le pays a v\u00e9cues. Pour Z\u00e9phirin Diabr\u00e9, le pr\u00e9sident du Faso veut que les Burkinab\u00e8 \u00ab d\u00e9chir\u00e9s par tant de choses \u00bb soldent leurs comptes, tournent la page et regardent \u00ab r\u00e9solument \u00bb vers l\u2019avenir. \u00ab Notre pays est assailli par beaucoup de difficult\u00e9s. Les conditions qui nous permettront de les surmonter, c\u2019est de se parler entre fr\u00e8res et s\u0153urs du m\u00eame pays et de regarder ensemble dans la m\u00eame direction. C\u2019est dans cet esprit que je m\u2019engagerai corps et \u00e2me dans cette mission lourde, difficile, mais passionnante parce qu\u2019il n\u2019y a rien de plus que de servir son pays \u00bb, a d\u00e9taill\u00e9 le ministre en charge de la r\u00e9conciliation nationale.<\/p>\n<p>Selon M. Diabr\u00e9, la question de la r\u00e9conciliation ne saurait \u00eatre ramen\u00e9e \u00e0 une dimension uniquement politique comme le pr\u00e9tendent certains \u00ab hommes de m\u00e9dias et commentateurs \u00bb. Tout en reconnaissant un aspect \u00ab \u00e9minemment politique \u00bb dans cette pr\u00e9occupation, il a invit\u00e9 les hommes de m\u00e9dias \u00e0<br \/>\u00ab convaincre \u00bb les Burkinab\u00e8 qu\u2019il s\u2019agit plus que de cela. \u00ab Il ne s\u2019agira pas de faire des arrangements entre hommes politiques. Il s\u2019agit au contraire de nous atteler \u00e0 regarder comment notre pays a \u00e9volu\u00e9 et quelles sont les d\u00e9chirures qui y sont apparues et qui r\u00e9sistent. Nous avons par exemple plus d\u2019un million de Burkinab\u00e8 qui sont d\u00e9plac\u00e9s \u2026 Nous avons des groupes ethniques (\u2026) qui, \u00e0 la faveur de la crise s\u00e9curitaire, ont parfois des sentiments qu\u2019ils sont stigmatis\u00e9s, rejet\u00e9s. Ce sont des questions de r\u00e9conciliation nationale \u00bb, a-t-il expliqu\u00e9.<\/p>\n<p><strong>Cl\u00e9ment Sawadogo \u00e0 l\u2019Administration territoriale<\/strong><\/p>\n<p>Le SG du gouvernement a \u00e9galement pr\u00e9sid\u00e9 la passation des charges entre Sim\u00e9on Sawadogo et Pengdwend\u00e9 Cl\u00e9ment Sawadogo, nomm\u00e9 ministre d\u2019Etat, ministre de l\u2019Administration territoriale et de la D\u00e9centralisation (MATD). Le promu a exprim\u00e9 sa reconnaissance au pr\u00e9sident du Faso et au Premier ministre pour le choix port\u00e9 sur lui, avant de traduire sa gratitude au ministre sortant pour la qualit\u00e9 de son travail durant quatre ans \u00e0 la t\u00eate du MATD. \u00ab C\u2019est une lourde t\u00e2che que vous avez su g\u00e9rer et les r\u00e9sultats sont visibles \u00bb, a-t-il dit. Pour ses nouvelles fonctions, il a assur\u00e9 d\u2019accentuer le rythme afin de relever les d\u00e9fis tels que la lutte contre le terrorisme, le d\u00e9fi de l\u2019autorit\u00e9 de l\u2019Etat, l\u2019organisation des \u00e9lections municipales et la r\u00e9forme de l\u2019administration.<\/p>\n<p>Quant au ministre sortant, Sim\u00e9on Sawodogo, il a salu\u00e9 les responsables des structures et les partenaires du d\u00e9partement qui ont travaill\u00e9 \u00e0 l\u2019avanc\u00e9e des chantiers. Aux nombres des actions men\u00e9es durant les quatre ann\u00e9es, il a cit\u00e9 entre autres, l\u2019adoption en 2018 des nouveaux r\u00e9f\u00e9rentiels de la d\u00e9centralisation. \u00ab Cela a contribu\u00e9 \u00e0 la relecture du Code g\u00e9n\u00e9ral des collectivit\u00e9s territoriales \u00bb, a confi\u00e9, M. Sawadogo. Il a ajout\u00e9 la r\u00e9forme de l\u2019administration \u00e0 travers la loi d\u2019orientation de l\u2019organisation g\u00e9n\u00e9rale de l\u2019administration du territoire, la r\u00e9vision du code \u00e9lectoral et la r\u00e9forme du format de l\u2019organisation de la f\u00eate nationale. Toutefois, il a relev\u00e9 les difficult\u00e9s telles que l\u2019insuffisance des bureaux pour le personnel, l\u2019amortissement des moyens de locomotion, les indemnit\u00e9s sp\u00e9cifiques.<\/p>\n<p class=\"c1\"><strong>Karim BADOLO<\/strong><br \/><strong>Frank POUGBILA (Collaborateur)<\/strong><\/p>\n<div class=\"td-a-rec td-a-rec-id-content_bottom tdi_33_001 td_block_template_1\"><img loading=\"lazy\" decoding=\"async\" class=\"aligncenter size-full wp-image-27454\" src=\"https:\/\/www.sidwaya.info\/wp-content\/uploads\/2020\/10\/PUB-Bandeau-paiement-mobile-siteweb.jpg\" alt=\"\" width=\"728\" height=\"90\"\/><\/div>\n<p>Auteur: BM. Sidwaya<br \/>\n<a href=\"https:\/\/www.sidwaya.info\/blog\/2021\/01\/14\/reconciliation-nationale-il-ne-sagira-pas-darrangement-entre-hommes-politiques-zephirin-diabre\/\">Cliquez ici pour lire l&rsquo;article depuis sa source.<\/a><\/p>\n","protected":false},"excerpt":{"rendered":"<p>Le secr\u00e9taire g\u00e9n\u00e9ral du gouvernement, St\u00e9phane Sanou, a successivement install\u00e9 Z\u00e9phirin Diabr\u00e9 dans ses fonctions de ministre d\u2019Etat aupr\u00e8s du pr\u00e9sident du Faso, ministre charg\u00e9 de la r\u00e9conciliation nationale et de la coh\u00e9sion sociale et Cl\u00e9ment Sawadogo, comme ministre d\u2019Etat, ministre de l\u2019Administration territoriale et de la D\u00e9centralisation, le jeudi 14 janvier 2021, \u00e0 Ouagadougou. [&hellip;]<\/p>\n","protected":false},"author":1816,"featured_media":0,"comment_status":"closed","ping_status":"closed","sticky":false,"template":"","format":"standard","meta":{"fifu_image_url":"https:\/\/www.sidwaya.info\/wp-content\/uploads\/2021\/01\/1-15.jpg","fifu_image_alt":"R\u00e9conciliation nationale  : \u00ab Il ne s\u2019agira pas d\u2019arrangement entre hommes politiques \u00bb, Z\u00e9phirin Diabr\u00e9","footnotes":""},"categories":[73,81],"tags":[],"class_list":["post-109317","post","type-post","status-publish","format-standard","hentry","category-actualite","category-burkina-faso"],"_links":{"self":[{"href":"https:\/\/linitiative.ca\/International\/wp-json\/wp\/v2\/posts\/109317","targetHints":{"allow":["GET"]}}],"collection":[{"href":"https:\/\/linitiative.ca\/International\/wp-json\/wp\/v2\/posts"}],"about":[{"href":"https:\/\/linitiative.ca\/International\/wp-json\/wp\/v2\/types\/post"}],"author":[{"embeddable":true,"href":"https:\/\/linitiative.ca\/International\/wp-json\/wp\/v2\/users\/1816"}],"replies":[{"embeddable":true,"href":"https:\/\/linitiative.ca\/International\/wp-json\/wp\/v2\/comments?post=109317"}],"version-history":[{"count":0,"href":"https:\/\/linitiative.ca\/International\/wp-json\/wp\/v2\/posts\/109317\/revisions"}],"wp:attachment":[{"href":"https:\/\/linitiative.ca\/International\/wp-json\/wp\/v2\/media?parent=109317"}],"wp:term":[{"taxonomy":"category","embeddable":true,"href":"https:\/\/linitiative.ca\/International\/wp-json\/wp\/v2\/categories?post=109317"},{"taxonomy":"post_tag","embeddable":true,"href":"https:\/\/linitiative.ca\/International\/wp-json\/wp\/v2\/tags?post=109317"}],"curies":[{"name":"wp","href":"https:\/\/api.w.org\/{rel}","templated":true}]}}